{"id":45163,"date":"2025-06-26T10:37:09","date_gmt":"2025-06-26T08:37:09","guid":{"rendered":"https:\/\/demo.winalist.fr\/blog\/non-classifiee\/st-gallen-things-to-do"},"modified":"2025-07-21T15:40:38","modified_gmt":"2025-07-21T13:40:38","slug":"visiter-saint-gall","status":"publish","type":"post","link":"https:\/\/www.winalist.fr\/blog\/suisse\/suisse-alemanique\/visiter-saint-gall","title":{"rendered":"Que faire \u00e0 Saint Gall : Lac de Constance et abbaye en Suisse orientale"},"content":{"rendered":"\n<p class=\"wp-block-paragraph\">Visiter Saint-Gall, c\u2019est d\u00e9couvrir l\u2019une des plus belles villes de Suisse, nich\u00e9e dans le canton de Saint-Gall, \u00e0 deux pas du lac de Constance et facilement accessible depuis Zurich. Connue comme la plus ancienne ville de Suisse, elle s\u00e9duit par son patrimoine culturel, son abbaye de Saint-Gall inscrite au patrimoine mondial de l\u2019UNESCO, et sa biblioth\u00e8que abbatiale mondialement c\u00e9l\u00e8bre.&nbsp;Promenez-vous dans la vieille ville de Saint Gall, admirez les maisons \u00e0 encorbellement, explorez la Multergasse et d\u00e9gustez du vin dans un des <a href=\"https:\/\/www.winalist.fr\/countries\/suisse\">domaines viticoles de Suisse<\/a>. Ne manquez pas le mus\u00e9e du textile de Saint-Gall, la cath\u00e9drale baroque, ou encore les Drei Weieren, parfaits pour une pause nature.&nbsp;Avec ses activit\u00e9s \u00e0 faire toute l\u2019ann\u00e9e, ses liens avec le pays d\u2019Appenzell, et son acc\u00e8s facile au S\u00e4ntis, Saint Gall est une destination id\u00e9ale pour un s\u00e9jour culturel et nature au c\u0153ur de la Suisse orientale.<\/p>\n\n\n\n<h2 class=\"wp-block-heading\">Quelles sont les meilleures choses \u00e0 faire \u00e0 Saint Gall, Suisse ?<\/h2>\n\n\n\n<h3 class=\"wp-block-heading\">Explorer l&rsquo;Abbaye de Saint-Gall<\/h3>\n\n\n\n<figure class=\"wp-block-image alignwide size-full\"><img fetchpriority=\"high\" decoding=\"async\" width=\"1442\" height=\"1080\" src=\"https:\/\/www.winalist.com\/blog\/wp-content\/uploads\/2025\/06\/adobestock-216973213.jpeg\" alt=\"- - -\" class=\"wp-image-44949\" title=\"- - -\" srcset=\"https:\/\/images.winalist.com\/blog\/wp-content\/uploads\/2025\/06\/25175813\/adobestock-216973213.jpeg 1442w, https:\/\/images.winalist.com\/blog\/wp-content\/uploads\/2025\/06\/25175813\/adobestock-216973213-600x449.jpeg 600w, https:\/\/images.winalist.com\/blog\/wp-content\/uploads\/2025\/06\/25175813\/adobestock-216973213-768x575.jpeg 768w, https:\/\/images.winalist.com\/blog\/wp-content\/uploads\/2025\/06\/25175813\/adobestock-216973213-400x300.jpeg 400w, https:\/\/images.winalist.com\/blog\/wp-content\/uploads\/2025\/06\/25175813\/adobestock-216973213-1290x966.jpeg 1290w, https:\/\/images.winalist.com\/blog\/wp-content\/uploads\/2025\/06\/25175813\/adobestock-216973213-1440x1080.jpeg 1440w\" sizes=\"(max-width: 1442px) 100vw, 1442px\" \/><\/figure>\n\n\n\n<p class=\"wp-block-paragraph\">En plein c\u0153ur de la vieille ville de Saint-Gall, l&rsquo;abbaye de Saint-Gall vous plonge dans un immense livre d&rsquo;histoire, un livre que vous aurez vraiment envie de lire. Ce lieu \u00e9merveille les visiteurs depuis plus de mille ans, des moines et \u00e9rudits aux voyageurs d&rsquo;aujourd&rsquo;hui, toujours munis de leur appareil photo. Il regorge de beaut\u00e9 baroque, de recoins secrets et d&rsquo;une atmosph\u00e8re qui transforme m\u00eame un moment de calme en l\u00e9gende. Venez pour son architecture \u00e9poustouflante, restez pour vous demander : \u00ab Comment est-ce encore l\u00e0 ? \u00bb<\/p>\n\n\n\n<h3 class=\"wp-block-heading\">Visiter la Biblioth\u00e8que Rococo de l\u2019Abbaye<\/h3>\n\n\n\n<figure class=\"wp-block-image alignwide size-large\"><img decoding=\"async\" width=\"1500\" height=\"1000\" src=\"https:\/\/www.winalist.com\/blog\/wp-content\/uploads\/2025\/06\/adobestock-1071577383-editorial-use-only-1500x1000.jpeg\" alt=\"- - -\" class=\"wp-image-44950\" title=\"- - -\" srcset=\"https:\/\/images.winalist.com\/blog\/wp-content\/uploads\/2025\/06\/25180236\/adobestock-1071577383-editorial-use-only-1500x1000.jpeg 1500w, https:\/\/images.winalist.com\/blog\/wp-content\/uploads\/2025\/06\/25180236\/adobestock-1071577383-editorial-use-only-600x400.jpeg 600w, https:\/\/images.winalist.com\/blog\/wp-content\/uploads\/2025\/06\/25180236\/adobestock-1071577383-editorial-use-only-768x512.jpeg 768w, https:\/\/images.winalist.com\/blog\/wp-content\/uploads\/2025\/06\/25180236\/adobestock-1071577383-editorial-use-only-1536x1024.jpeg 1536w, https:\/\/images.winalist.com\/blog\/wp-content\/uploads\/2025\/06\/25180236\/adobestock-1071577383-editorial-use-only-1290x860.jpeg 1290w, https:\/\/images.winalist.com\/blog\/wp-content\/uploads\/2025\/06\/25180236\/adobestock-1071577383-editorial-use-only.jpeg 1620w\" sizes=\"(max-width: 1500px) 100vw, 1500px\" \/><\/figure>\n\n\n\n<p class=\"wp-block-paragraph\">Cette biblioth\u00e8que n&rsquo;est pas ordinaire&nbsp;: c&rsquo;est un v\u00e9ritable \u00e9crin baroque aux plafonds tourbillonnants, aux d\u00e9tails dor\u00e9s et aux \u00e9tag\u00e8res remplies de livres anciens qui murmurent leurs secrets depuis des si\u00e8cles. Des manuscrits rares aux joyaux manuscrits, chaque recoin m\u00e9rite une photo, chaque livre est un tr\u00e9sor. C&rsquo;est un lieu magique o\u00f9 se m\u00ealent histoire, beaut\u00e9 et une pointe de myst\u00e8re, ce qui en fait un incontournable de Saint-Gall.<\/p>\n\n\n\n<h3 class=\"wp-block-heading\">Se promener dans la vieille ville de Saint-Gall<\/h3>\n\n\n\n<figure class=\"wp-block-image alignwide size-large\"><img decoding=\"async\" width=\"1500\" height=\"1000\" src=\"https:\/\/www.winalist.com\/blog\/wp-content\/uploads\/2025\/06\/adobestock-669229853-1500x1000.jpeg\" alt=\"- - -\" class=\"wp-image-44964\" title=\"- - -\" srcset=\"https:\/\/images.winalist.com\/blog\/wp-content\/uploads\/2025\/06\/25183551\/adobestock-669229853-1500x1000.jpeg 1500w, https:\/\/images.winalist.com\/blog\/wp-content\/uploads\/2025\/06\/25183551\/adobestock-669229853-600x400.jpeg 600w, https:\/\/images.winalist.com\/blog\/wp-content\/uploads\/2025\/06\/25183551\/adobestock-669229853-768x512.jpeg 768w, https:\/\/images.winalist.com\/blog\/wp-content\/uploads\/2025\/06\/25183551\/adobestock-669229853-1536x1024.jpeg 1536w, https:\/\/images.winalist.com\/blog\/wp-content\/uploads\/2025\/06\/25183551\/adobestock-669229853-1290x860.jpeg 1290w, https:\/\/images.winalist.com\/blog\/wp-content\/uploads\/2025\/06\/25183551\/adobestock-669229853.jpeg 1620w\" sizes=\"(max-width: 1500px) 100vw, 1500px\" \/><\/figure>\n\n\n\n<p class=\"wp-block-paragraph\">Fl\u00e2nez dans les rues pav\u00e9es comme la Spisergasse et la Kugelgasse, o\u00f9 fa\u00e7ades pastel et baies vitr\u00e9es originales scintillent au-dessus de b\u00e2timents centenaires. Ces oriels orn\u00e9s, vestiges de l&rsquo;essor du textile, conf\u00e8rent \u00e0 chaque recoin son caract\u00e8re et son charme. C&rsquo;est le genre d&rsquo;endroit o\u00f9 l&rsquo;on oublie la carte, o\u00f9 l&rsquo;on ralentit et o\u00f9 l&rsquo;on s&rsquo;impr\u00e8gne de l&rsquo;ambiance, car se perdre ici fait partie du plaisir&nbsp;!<\/p>\n\n\n\n<h3 class=\"wp-block-heading\">Admirer la majestueuse Cath\u00e9drale baroque<\/h3>\n\n\n\n<figure class=\"wp-block-image alignwide size-large\"><img loading=\"lazy\" decoding=\"async\" width=\"1500\" height=\"844\" src=\"https:\/\/www.winalist.com\/blog\/wp-content\/uploads\/2025\/06\/adobestock-93654689-1500x844.jpeg\" alt=\"- - -\" class=\"wp-image-44966\" title=\"- - -\" srcset=\"https:\/\/images.winalist.com\/blog\/wp-content\/uploads\/2025\/06\/25183946\/adobestock-93654689-1500x844.jpeg 1500w, https:\/\/images.winalist.com\/blog\/wp-content\/uploads\/2025\/06\/25183946\/adobestock-93654689-600x338.jpeg 600w, https:\/\/images.winalist.com\/blog\/wp-content\/uploads\/2025\/06\/25183946\/adobestock-93654689-768x432.jpeg 768w, https:\/\/images.winalist.com\/blog\/wp-content\/uploads\/2025\/06\/25183946\/adobestock-93654689-1536x864.jpeg 1536w, https:\/\/images.winalist.com\/blog\/wp-content\/uploads\/2025\/06\/25183946\/adobestock-93654689-1290x726.jpeg 1290w, https:\/\/images.winalist.com\/blog\/wp-content\/uploads\/2025\/06\/25183946\/adobestock-93654689.jpeg 1920w\" sizes=\"(max-width: 1500px) 100vw, 1500px\" \/><\/figure>\n\n\n\n<p class=\"wp-block-paragraph\">La cath\u00e9drale de Saint-Gall est une v\u00e9ritable attraction, dominant le quartier de l&rsquo;abbaye avec ses tours jumelles baroques et sa fa\u00e7ade enchanteresse. \u00c0 l&rsquo;int\u00e9rieur, vous serez accueilli par un plafond orn\u00e9 de fresques color\u00e9es et d&rsquo;\u00e9l\u00e9gants stucs qui semblent briller sous la lumi\u00e8re. C&rsquo;est un lieu \u00e0 la fois majestueux et accueillant, id\u00e9al pour un moment de calme ou une photo rapide.<\/p>\n\n\n\n<h3 class=\"wp-block-heading\">Monter \u00e0 bord du M\u00fchleggbahn historique<\/h3>\n\n\n\n<figure class=\"wp-block-image alignwide size-large\"><img loading=\"lazy\" decoding=\"async\" width=\"1500\" height=\"1000\" src=\"https:\/\/www.winalist.com\/blog\/wp-content\/uploads\/2025\/06\/adobestock-1513499102-1500x1000.jpeg\" alt=\"- - -\" class=\"wp-image-44968\" title=\"- - -\" srcset=\"https:\/\/images.winalist.com\/blog\/wp-content\/uploads\/2025\/06\/25184320\/adobestock-1513499102-1500x1000.jpeg 1500w, https:\/\/images.winalist.com\/blog\/wp-content\/uploads\/2025\/06\/25184320\/adobestock-1513499102-600x400.jpeg 600w, https:\/\/images.winalist.com\/blog\/wp-content\/uploads\/2025\/06\/25184320\/adobestock-1513499102-768x512.jpeg 768w, https:\/\/images.winalist.com\/blog\/wp-content\/uploads\/2025\/06\/25184320\/adobestock-1513499102-1536x1024.jpeg 1536w, https:\/\/images.winalist.com\/blog\/wp-content\/uploads\/2025\/06\/25184320\/adobestock-1513499102-1290x860.jpeg 1290w, https:\/\/images.winalist.com\/blog\/wp-content\/uploads\/2025\/06\/25184320\/adobestock-1513499102.jpeg 1620w\" sizes=\"(max-width: 1500px) 100vw, 1500px\" \/><\/figure>\n\n\n\n<p class=\"wp-block-paragraph\">Montez \u00e0 bord du M\u00fchleggbahn pour une balade rapide et originale, aussi amusante que pittoresque ! Ce petit funiculaire vous emm\u00e8ne du quartier de l&rsquo;abbaye au quartier enchanteur des Drei Weieren en quelques minutes seulement. C&rsquo;est le meilleur moyen de troquer les rues pav\u00e9es contre des sentiers paisibles, des paysages verdoyants et une bouff\u00e9e d&rsquo;air frais, le tout en plein c\u0153ur de Saint-Gall !<\/p>\n\n\n\n<h3 class=\"wp-block-heading\">Se d\u00e9tendre pr\u00e8s des Drei Weieren<\/h3>\n\n\n\n<figure class=\"wp-block-image alignwide size-full\"><img loading=\"lazy\" decoding=\"async\" width=\"1440\" height=\"1080\" src=\"https:\/\/www.winalist.com\/blog\/wp-content\/uploads\/2025\/06\/adobestock-319453510.jpeg\" alt=\"- - -\" class=\"wp-image-44969\" title=\"- - -\" srcset=\"https:\/\/images.winalist.com\/blog\/wp-content\/uploads\/2025\/06\/25184706\/adobestock-319453510.jpeg 1440w, https:\/\/images.winalist.com\/blog\/wp-content\/uploads\/2025\/06\/25184706\/adobestock-319453510-600x450.jpeg 600w, https:\/\/images.winalist.com\/blog\/wp-content\/uploads\/2025\/06\/25184706\/adobestock-319453510-768x576.jpeg 768w, https:\/\/images.winalist.com\/blog\/wp-content\/uploads\/2025\/06\/25184706\/adobestock-319453510-400x300.jpeg 400w, https:\/\/images.winalist.com\/blog\/wp-content\/uploads\/2025\/06\/25184706\/adobestock-319453510-1290x968.jpeg 1290w\" sizes=\"(max-width: 1440px) 100vw, 1440px\" \/><\/figure>\n\n\n\n<p class=\"wp-block-paragraph\">Perch\u00e9s au-dessus de Saint-Gall, les Drei Weieren offrent un panorama enchanteur sur le lac et les montagnes, o\u00f9 les vues sur la ville c\u00e8dent la place \u00e0 des panoramas de r\u00eave. C&rsquo;est l&rsquo;endroit id\u00e9al pour les habitants de Saint-Gall pour profiter du soleil, pique-niquer en \u00e9t\u00e9 ou simplement se d\u00e9tendre autour d&rsquo;un pique-nique et admirer un panorama incomparable. L&rsquo;ascension, ou le court trajet en funiculaire, vaut vraiment le d\u00e9tour pour explorer Saint-Gall !<\/p>\n\n\n\n<h3 class=\"wp-block-heading\">Faire une pause sur la Place Rouge<\/h3>\n\n\n\n<figure class=\"wp-block-image alignwide size-large\"><img loading=\"lazy\" decoding=\"async\" width=\"1500\" height=\"1000\" src=\"https:\/\/www.winalist.com\/blog\/wp-content\/uploads\/2025\/06\/adobestock-1504615296-editorial-use-only-1500x1000.jpeg\" alt=\"- - -\" class=\"wp-image-44970\" title=\"- - -\" srcset=\"https:\/\/images.winalist.com\/blog\/wp-content\/uploads\/2025\/06\/25185200\/adobestock-1504615296-editorial-use-only-1500x1000.jpeg 1500w, https:\/\/images.winalist.com\/blog\/wp-content\/uploads\/2025\/06\/25185200\/adobestock-1504615296-editorial-use-only-600x400.jpeg 600w, https:\/\/images.winalist.com\/blog\/wp-content\/uploads\/2025\/06\/25185200\/adobestock-1504615296-editorial-use-only-768x512.jpeg 768w, https:\/\/images.winalist.com\/blog\/wp-content\/uploads\/2025\/06\/25185200\/adobestock-1504615296-editorial-use-only-1536x1024.jpeg 1536w, https:\/\/images.winalist.com\/blog\/wp-content\/uploads\/2025\/06\/25185200\/adobestock-1504615296-editorial-use-only-1290x860.jpeg 1290w, https:\/\/images.winalist.com\/blog\/wp-content\/uploads\/2025\/06\/25185200\/adobestock-1504615296-editorial-use-only.jpeg 1620w\" sizes=\"(max-width: 1500px) 100vw, 1500px\" \/><\/figure>\n\n\n\n<p class=\"wp-block-paragraph\">La Place Rouge de Saint-Gall, c&rsquo;est comme p\u00e9n\u00e9trer dans une \u0153uvre d&rsquo;art urbain. Son sol rouge vif et ses si\u00e8ges originaux transforment une place ordinaire en un lieu convivial et color\u00e9 o\u00f9 habitants et visiteurs s&rsquo;attardent. C&rsquo;est le c\u00f4t\u00e9 ludique de la ville qui s&rsquo;y r\u00e9v\u00e8le, l&rsquo;endroit id\u00e9al pour prendre une photo, siroter un caf\u00e9 ou simplement s&rsquo;impr\u00e9gner de son ambiance anim\u00e9e.<\/p>\n\n\n\n<h2 class=\"wp-block-heading\">Quelles sont les meilleures choses \u00e0 faire autour de Saint Gall, Suisse ?<\/h2>\n\n\n\n<h3 class=\"wp-block-heading\">Profiter des vignobles de la Vall\u00e9e du Rhin<\/h3>\n\n\n\n<figure class=\"wp-block-image alignwide size-large\"><img loading=\"lazy\" decoding=\"async\" width=\"1500\" height=\"1000\" src=\"https:\/\/www.winalist.com\/blog\/wp-content\/uploads\/2025\/06\/adobestock-177791846-1500x1000.jpeg\" alt=\"- - -\" class=\"wp-image-44991\" title=\"- - -\" srcset=\"https:\/\/images.winalist.com\/blog\/wp-content\/uploads\/2025\/06\/26101027\/adobestock-177791846-1500x1000.jpeg 1500w, https:\/\/images.winalist.com\/blog\/wp-content\/uploads\/2025\/06\/26101027\/adobestock-177791846-600x400.jpeg 600w, https:\/\/images.winalist.com\/blog\/wp-content\/uploads\/2025\/06\/26101027\/adobestock-177791846-768x512.jpeg 768w, https:\/\/images.winalist.com\/blog\/wp-content\/uploads\/2025\/06\/26101027\/adobestock-177791846-1536x1024.jpeg 1536w, https:\/\/images.winalist.com\/blog\/wp-content\/uploads\/2025\/06\/26101027\/adobestock-177791846-1290x860.jpeg 1290w, https:\/\/images.winalist.com\/blog\/wp-content\/uploads\/2025\/06\/26101027\/adobestock-177791846.jpeg 1620w\" sizes=\"(max-width: 1500px) 100vw, 1500px\" \/><\/figure>\n\n\n\n<p class=\"wp-block-paragraph\">\u00c0 quelques minutes de Saint Gall, la vall\u00e9e du Rhin abrite le secret viticole le mieux gard\u00e9 de Suisse. Imaginez de petits domaines viticoles familiaux, des vignobles ensoleill\u00e9s et des vignerons si passionn\u00e9s qu&rsquo;ils se feront un plaisir de vous servir un verre et de vous d\u00e9voiler tous leurs secrets. Ici, le pinot noir et le m\u00fcller-thurgau profitent d&rsquo;un microclimat doux, vous offrant \u00e0 chaque gorg\u00e9e une sensation d&rsquo;\u00e9t\u00e9 en bouteille. Montez en voiture, admirez ces paysages dignes d&rsquo;une carte postale et passez un apr\u00e8s-midi \u00e0 d\u00e9guster des vins qui m\u00e9ritent une place dans votre bagage \u00e0 main. C&rsquo;est un endroit o\u00f9 il fait bon se taire, et l&rsquo;une des meilleures fa\u00e7ons de s&rsquo;impr\u00e9gner du charme d\u00e9contract\u00e9 de la r\u00e9gion de Saint Gall.<\/p>\n\n\n\n<div id=\"winalist-partner-widget-tgwxpgxevc\" class=\"winalist-partner-widget\" data-utms=\"utm_source=blog&#038;utm_medium=blog&#038;utm_campaign=affiliatewidget\"><\/div>\n        <script type=\"application\/javascript\">\n          var winalistWidget = document.getElementById('winalist-partner-widget-tgwxpgxevc');\n          var i = document.createElement(\"iframe\");\n          i.style.border = \"none\";\n          i.style.width = \"100%\";\n          i.style.minHeight = \"550px\";i.setAttribute(\"src\", \"https:\/\/www.winalist.fr\/w\/embed?partner=14&type=slider&slider_show_type=experiences&slider_type=location&region_id=79&locale=fr_FR&activity_id=any&display_title=yes\");\n          if(winalistWidget) winalistWidget.prepend(i);\n        <\/script>\n        <script type=\"application\/javascript\" src=\"https:\/\/cdn.winalist.com\/widget\/affiliate-widget-config.min.js\"><\/script>\n\n\n\n<h3 class=\"wp-block-heading\">Se promener dans les sommets escarp\u00e9s de l&rsquo;Appenzellerland<\/h3>\n\n\n\n<figure class=\"wp-block-image alignwide size-large\"><img loading=\"lazy\" decoding=\"async\" width=\"1500\" height=\"996\" src=\"https:\/\/www.winalist.com\/blog\/wp-content\/uploads\/2025\/06\/adobestock-514131417-1500x996.jpeg\" alt=\"- - -\" class=\"wp-image-44992\" title=\"- - -\" srcset=\"https:\/\/images.winalist.com\/blog\/wp-content\/uploads\/2025\/06\/26101357\/adobestock-514131417-1500x996.jpeg 1500w, https:\/\/images.winalist.com\/blog\/wp-content\/uploads\/2025\/06\/26101357\/adobestock-514131417-600x399.jpeg 600w, https:\/\/images.winalist.com\/blog\/wp-content\/uploads\/2025\/06\/26101357\/adobestock-514131417-768x510.jpeg 768w, https:\/\/images.winalist.com\/blog\/wp-content\/uploads\/2025\/06\/26101357\/adobestock-514131417-1536x1020.jpeg 1536w, https:\/\/images.winalist.com\/blog\/wp-content\/uploads\/2025\/06\/26101357\/adobestock-514131417-1290x857.jpeg 1290w, https:\/\/images.winalist.com\/blog\/wp-content\/uploads\/2025\/06\/26101357\/adobestock-514131417.jpeg 1626w\" sizes=\"(max-width: 1500px) 100vw, 1500px\" \/><\/figure>\n\n\n\n<p class=\"wp-block-paragraph\">\u00c0 30 minutes en train de Saint Gall,&nbsp;<strong>le pays d&rsquo;Appenzell<\/strong>&nbsp;vous accueille avec ses collines vallonn\u00e9es, ses fermes \u00e0 colombages et son ambiance d\u00e9contract\u00e9e incomparable. Prenez le t\u00e9l\u00e9ph\u00e9rique jusqu&rsquo;\u00e0 Ebenalp pour admirer une vue imprenable sur les Alpes, ou fl\u00e2nez sur des sentiers paisibles au son des cloches des vaches. C&rsquo;est le genre d&rsquo;endroit qui vous invite \u00e0 ralentir, \u00e0 respirer un peu plus profond\u00e9ment et \u00e0 sourire encore plus. Et si vous \u00eates curieux de d\u00e9couvrir le patrimoine de la r\u00e9gion, le Mus\u00e9e d&rsquo;Appenzell regorge de magnifiques exemples de broderies et d&rsquo;artisanat traditionnels qui ont fa\u00e7onn\u00e9 ce coin de Suisse depuis des g\u00e9n\u00e9rations.<\/p>\n\n\n\n<h3 class=\"wp-block-heading\">Explorer la beaut\u00e9 du lac de Constance<\/h3>\n\n\n\n<figure class=\"wp-block-image alignwide size-large\"><img loading=\"lazy\" decoding=\"async\" width=\"1500\" height=\"971\" src=\"https:\/\/www.winalist.com\/blog\/wp-content\/uploads\/2025\/06\/adobestock-426098525-1500x971.jpeg\" alt=\"- - -\" class=\"wp-image-44993\" title=\"- - -\" srcset=\"https:\/\/images.winalist.com\/blog\/wp-content\/uploads\/2025\/06\/26101933\/adobestock-426098525-1500x971.jpeg 1500w, https:\/\/images.winalist.com\/blog\/wp-content\/uploads\/2025\/06\/26101933\/adobestock-426098525-600x388.jpeg 600w, https:\/\/images.winalist.com\/blog\/wp-content\/uploads\/2025\/06\/26101933\/adobestock-426098525-768x497.jpeg 768w, https:\/\/images.winalist.com\/blog\/wp-content\/uploads\/2025\/06\/26101933\/adobestock-426098525-1536x995.jpeg 1536w, https:\/\/images.winalist.com\/blog\/wp-content\/uploads\/2025\/06\/26101933\/adobestock-426098525-1290x835.jpeg 1290w, https:\/\/images.winalist.com\/blog\/wp-content\/uploads\/2025\/06\/26101933\/adobestock-426098525.jpeg 1668w\" sizes=\"(max-width: 1500px) 100vw, 1500px\" \/><\/figure>\n\n\n\n<p class=\"wp-block-paragraph\">\u00c0 environ 20 minutes de Saint-Gall en voiture, le <strong>lac de Constance <\/strong>(ou Bodensee) est le terrain de jeu estival de la Suisse, un lac g\u00e9ant partag\u00e9 avec l&rsquo;Allemagne et l&rsquo;Autriche. Prenez un ferry depuis Romanshorn et naviguez jusqu&rsquo;au port color\u00e9 de Friedrichshafen, ou enfourchez un v\u00e9lo et longez la promenade pittoresque du lac comme un habitant insouciant. La r\u00e9gion est parsem\u00e9e de vignobles ensoleill\u00e9s qui prouvent discr\u00e8tement que la Suisse aussi ma\u00eetrise le vin. Envie d&rsquo;aventure&nbsp;? Traversez la petite \u00eele allemande de Reichenau et promenez-vous dans son abbaye class\u00e9e au patrimoine mondial de l&rsquo;UNESCO, un m\u00e9lange sacr\u00e9 de patrimoine, de charme et d&rsquo;ambiance lacustre authentique.<\/p>\n\n\n\n<h3 class=\"wp-block-heading\">Visiter la merveille baroque de l&rsquo;Abbaye d&rsquo;Einsiedeln<\/h3>\n\n\n\n<figure class=\"wp-block-image alignwide size-large\"><img loading=\"lazy\" decoding=\"async\" width=\"1500\" height=\"994\" src=\"https:\/\/www.winalist.com\/blog\/wp-content\/uploads\/2025\/06\/adobestock-43914436-1500x994.jpeg\" alt=\"- - -\" class=\"wp-image-44994\" title=\"- - -\" srcset=\"https:\/\/images.winalist.com\/blog\/wp-content\/uploads\/2025\/06\/26102444\/adobestock-43914436-1500x994.jpeg 1500w, https:\/\/images.winalist.com\/blog\/wp-content\/uploads\/2025\/06\/26102444\/adobestock-43914436-600x398.jpeg 600w, https:\/\/images.winalist.com\/blog\/wp-content\/uploads\/2025\/06\/26102444\/adobestock-43914436-768x509.jpeg 768w, https:\/\/images.winalist.com\/blog\/wp-content\/uploads\/2025\/06\/26102444\/adobestock-43914436-1536x1018.jpeg 1536w, https:\/\/images.winalist.com\/blog\/wp-content\/uploads\/2025\/06\/26102444\/adobestock-43914436-1290x855.jpeg 1290w, https:\/\/images.winalist.com\/blog\/wp-content\/uploads\/2025\/06\/26102444\/adobestock-43914436.jpeg 1630w\" sizes=\"(max-width: 1500px) 100vw, 1500px\" \/><\/figure>\n\n\n\n<p class=\"wp-block-paragraph\">\u00c0 environ une heure et demie de train de Saint-Gall, le <strong>monast\u00e8re d&rsquo;Einsiedeln<\/strong> brille comme l&rsquo;un des lieux saints les plus fascinants de Suisse. Cette beaut\u00e9 baroque, envelopp\u00e9e d&rsquo;or et de pl\u00e2tre, donne l&rsquo;impression d&rsquo;entrer dans une \u0153uvre d&rsquo;art vivante, un t\u00e9moignage serein du profond h\u00e9ritage spirituel de la r\u00e9gion, \u00e0 l&rsquo;image de l&rsquo;abbaye de Saint-Gall. Apr\u00e8s avoir explor\u00e9 son int\u00e9rieur enchanteur, descendez jusqu&rsquo;au lac Sihlsee, tout proche, pour une promenade tranquille, prendre quelques photos ou simplement respirer l&rsquo;air de la montagne. C&rsquo;est le genre d&rsquo;excursion d&rsquo;une journ\u00e9e qui allie culture, nature et une touche de magie alpine, id\u00e9ale pour les chercheurs d&rsquo;\u00e2me et les amateurs de clich\u00e9s.<\/p>\n\n\n\n<h3 class=\"wp-block-heading\">Savourer la magie alpine \u00e0 Bad Ragaz<\/h3>\n\n\n\n<figure class=\"wp-block-image alignwide size-large\"><img loading=\"lazy\" decoding=\"async\" width=\"1500\" height=\"938\" src=\"https:\/\/www.winalist.com\/blog\/wp-content\/uploads\/2025\/06\/adobestock-319840778-1500x938.jpeg\" alt=\"- - -\" class=\"wp-image-44936\" title=\"- - -\" srcset=\"https:\/\/images.winalist.com\/blog\/wp-content\/uploads\/2025\/06\/25173148\/adobestock-319840778-1500x938.jpeg 1500w, https:\/\/images.winalist.com\/blog\/wp-content\/uploads\/2025\/06\/25173148\/adobestock-319840778-600x375.jpeg 600w, https:\/\/images.winalist.com\/blog\/wp-content\/uploads\/2025\/06\/25173148\/adobestock-319840778-768x480.jpeg 768w, https:\/\/images.winalist.com\/blog\/wp-content\/uploads\/2025\/06\/25173148\/adobestock-319840778-1536x960.jpeg 1536w, https:\/\/images.winalist.com\/blog\/wp-content\/uploads\/2025\/06\/25173148\/adobestock-319840778-1290x806.jpeg 1290w, https:\/\/images.winalist.com\/blog\/wp-content\/uploads\/2025\/06\/25173148\/adobestock-319840778.jpeg 1728w\" sizes=\"(max-width: 1500px) 100vw, 1500px\" \/><\/figure>\n\n\n\n<p class=\"wp-block-paragraph\">\u00c0 un peu moins d&rsquo;une heure de Saint Gall,&nbsp;<strong>Bad Ragaz<\/strong>&nbsp;allie bien-\u00eatre et charme montagnard pour une journ\u00e9e spa id\u00e9ale. Cette station baln\u00e9aire pittoresque est c\u00e9l\u00e8bre pour ses thermes, une tradition qui remonte au Moyen \u00c2ge, ce qui en fait l&rsquo;endroit id\u00e9al pour se d\u00e9tendre apr\u00e8s une journ\u00e9e de d\u00e9couverte. Fl\u00e2nez dans ses rues fleuries, d\u00e9tendez-vous dans ses eaux thermales riches en min\u00e9raux ou parcourez les sentiers environnants pour admirer la vue imprenable sur les Alpes. Bad Ragaz offre cette ambiance \u00ab&nbsp;juste une journ\u00e9e de plus&nbsp;\u00bb dont tous les visiteurs r\u00eavent.<\/p>\n\n\n\n<p class=\"wp-block-paragraph\">Envie de d\u00e9tente et d&rsquo;aventure&nbsp;? D\u00e9couvrez les meilleures <a href=\"https:\/\/www.winalist.fr\/blog\/suisse\/suisse-alemanique\/visiter-bad-ragaz\">choses \u00e0 faire \u00e0 Bad Ragaz, Suisse<\/a> et au-del\u00e0 !<\/p>\n\n\n\n<h2 class=\"wp-block-heading\">Bon \u00e0 savoir avant de visiter Saint Gall, Suisse<\/h2>\n\n\n<div id=\"rank-math-faq\" class=\"rank-math-block\">\n<div class=\"rank-math-list \">\n<div id=\"faq-question-7538216493\" class=\"rank-math-list-item\">\n<h3 class=\"rank-math-question \">O\u00f9 se trouve Saint Gall ?<\/h3>\n<div class=\"rank-math-answer \">\n\n<p>Saint-Gall est situ\u00e9e au nord-est de la Suisse, pr\u00e8s de la fronti\u00e8re avec l&rsquo;Allemagne et l&rsquo;Autriche. Nich\u00e9e entre le lac de Constance et le massif de l&rsquo;Alpstein, elle constitue un point de d\u00e9part strat\u00e9gique pour explorer l&rsquo;est du pays. La ville est facilement accessible en train depuis Zurich en une heure environ.<\/p>\n\n<\/div>\n<\/div>\n<div id=\"faq-question-2083746591\" class=\"rank-math-list-item\">\n<h3 class=\"rank-math-question \">Saint Gall vaut-elle le d\u00e9tour ?<\/h3>\n<div class=\"rank-math-answer \">\n\n<p>Oui, absolument ! Saint-Gall est une ville culturellement riche avec sa charmante vieille ville, son abbaye de Saint-Gall, class\u00e9e au patrimoine mondial de l&rsquo;UNESCO, et son incontournable biblioth\u00e8que baroque, ainsi que d&rsquo;excellentes exp\u00e9riences culinaires et commerciales. Moins touristique que d&rsquo;autres villes suisses, elle offre une exp\u00e9rience suisse plus authentique et plus d\u00e9tendue.<\/p>\n\n<\/div>\n<\/div>\n<div id=\"faq-question-3812497506\" class=\"rank-math-list-item\">\n<h3 class=\"rank-math-question \">Pour quoi est c\u00e9l\u00e8bre Saint Gall ?<\/h3>\n<div class=\"rank-math-answer \">\n\n<p>Saint-Gall est surtout connue pour sa biblioth\u00e8que abbatiale, l&rsquo;une des plus anciennes et des plus belles au monde. La ville est \u00e9galement r\u00e9put\u00e9e pour son industrie textile, notamment pour ses broderies raffin\u00e9es, qui ont \u00e9t\u00e9 pr\u00e9sent\u00e9es dans la haute couture du monde entier. Elle est \u00e9galement r\u00e9put\u00e9e pour sa vie universitaire dynamique et sa saucisse locale, la Bratwurst de Saint-Gall.<\/p>\n\n<\/div>\n<\/div>\n<div id=\"faq-question-6592183740\" class=\"rank-math-list-item\">\n<h3 class=\"rank-math-question \">Quelles sont les meilleures choses \u00e0 faire \u00e0 Saint Gall, Suisse ?<\/h3>\n<div class=\"rank-math-answer \">\n\n<p>Les principales attractions de Saint-Gall comprennent :<\/p>\n<ul>\n<li>Visitez l\u2019<strong>Abbaye de Saint-Gall<\/strong> et sa superbe biblioth\u00e8que baroque.<\/li>\n<p><\/p>\n<li>Promenez-vous dans la <strong>vieille ville<\/strong> et admirez les fen\u00eatres en baie color\u00e9es et l\u2019architecture m\u00e9di\u00e9vale.<\/li>\n<p><\/p>\n<li>Explorez le <strong>Mus\u00e9e du Textile<\/strong> pour en savoir plus sur le patrimoine textile de la ville.<\/li>\n<p><\/p>\n<li>Randonnez ou prenez le t\u00e9l\u00e9ph\u00e9rique jusqu\u2019au <strong>S\u00e4ntis<\/strong> pour des vues incroyables sur les Alpes.<\/li>\n<p><\/p>\n<li>D\u00e9tendez-vous aux alentours du <strong>Lac de Constance<\/strong> ou faites une balade en bateau.<\/li>\n<p><\/p>\n<li>Profitez de vues panoramiques depuis les <strong>Drei Weieren<\/strong> (Trois Etangs), un endroit paisible juste au-dessus de la ville.<\/li>\n<\/ul>\n\n<\/div>\n<\/div>\n<div id=\"faq-question-9427830156\" class=\"rank-math-list-item\">\n<h3 class=\"rank-math-question \">Quels sont les meilleurs h\u00f4tels \u00e0 Saint Gall ?<\/h3>\n<div class=\"rank-math-answer \">\n\n<p>Parmi les h\u00f4tels et h\u00e9bergements les mieux not\u00e9s \u00e0 Saint-Gall, on compte :<\/p>\n<ul><\/p>\n<li><a href=\"https:\/\/www.booking.com\/Share-48Hzdf\" target=\"_blank\" rel=\"noopener\"><strong>Einstein St. Gallen<\/strong> <\/a>\u2013 Un h\u00f4tel 4 \u00e9toiles de luxe avec d&rsquo;excellentes prestations, pr\u00e8s de la biblioth\u00e8que de l&rsquo;abbaye et de la vieille ville.<\/li>\n<p><\/p>\n<li><strong><a href=\"https:\/\/www.booking.com\/Share-4aD2BK\" target=\"_blank\" rel=\"noopener\">Hotel Walhalla<\/a><\/strong> \u2013 Situ\u00e9 au centre-ville pr\u00e8s de la gare, offrant confort et commodit\u00e9.<\/li>\n<p><\/p>\n<li><a href=\"https:\/\/www.booking.com\/Share-fBB1Ad\" target=\"_blank\" rel=\"noopener\"><strong>Sorell Hotel City Weissenstein<\/strong> <\/a>\u2013 Un h\u00f4tel boutique moderne \u00e0 quelques minutes des principales attractions.<\/li>\n<p><\/p>\n<li><strong><a href=\"https:\/\/www.booking.com\/Share-LgYx2A7\" target=\"_blank\" rel=\"noopener\">Hotel Dom<\/a><\/strong> \u2013 Un h\u00f4tel charmant connu pour son int\u00e9rieur artistique et son petit-d\u00e9jeuner aux produits locaux.<\/li>\n<\/ul>\n\n<\/div>\n<\/div>\n<div id=\"faq-question-5701348926\" class=\"rank-math-list-item\">\n<h3 class=\"rank-math-question \">Quels sont les meilleurs restaurants \u00e0 Saint Gall ?<\/h3>\n<div class=\"rank-math-answer \">\n\n<p>Essayez ces plats locaux pr\u00e9f\u00e9r\u00e9s pour d\u00e9couvrir la cuisine suisse authentique\u00a0:<\/p>\n<ul>\n<li><strong>Restaurant Lagerhaus<\/strong> \u2013 Cuisine suisse cr\u00e9ative dans un cadre industriel-chic.<\/li>\n<p><\/p>\n<li><strong>Zum Goldenen Sch\u00e4fli<\/strong> \u2013 Plats suisses traditionnels dans une ambiance chaleureuse et rustique.<\/li>\n<p><\/p>\n<li><strong>Restaurant Schl\u00f6ssli<\/strong> \u2013 Connu pour ses sp\u00e9cialit\u00e9s r\u00e9gionales et son flair local.<\/li>\n<p><\/p>\n<li><strong>Marktplatz Restaurant<\/strong> \u2013 Id\u00e9al pour go\u00fbter \u00e0 la fameuse Bratwurst de Saint-Gall en plein c\u0153ur de la ville.<\/li>\n<\/ul>\n\n<\/div>\n<\/div>\n<div id=\"faq-question-8432061794\" class=\"rank-math-list-item\">\n<h3 class=\"rank-math-question \">Que faire \u00e0 Saint Gall quand il pleut ?<\/h3>\n<div class=\"rank-math-answer \">\n\n<p>Les jours de pluie sont le moment id\u00e9al pour explorer les attractions int\u00e9rieures de Saint-Gall. Visitez la\u00a0<strong>biblioth\u00e8que de l&rsquo;abbaye<\/strong>\u00a0et admirez les manuscrits historiques, explorez le\u00a0<strong>mus\u00e9e du textile<\/strong>\u00a0pour d\u00e9couvrir l&rsquo;histoire de l&rsquo;artisanat local, ou savourez un caf\u00e9 et des p\u00e2tisseries dans un caf\u00e9 chaleureux comme\u00a0<strong>le Caf\u00e9 Gschwend<\/strong>\u00a0. Faire du shopping dans les arcades de la vieille ville est \u00e9galement un excellent moyen de rester au sec tout en explorant la ville.<\/p>\n\n<\/div>\n<\/div>\n<div id=\"faq-question-2634071589\" class=\"rank-math-list-item\">\n<h3 class=\"rank-math-question \">Saint Gall est-elle une ville ch\u00e8re ?<\/h3>\n<div class=\"rank-math-answer \">\n\n<p>Saint-Gall offre des prix mod\u00e9r\u00e9s par rapport aux standards suisses. Bien que moins ch\u00e8re que Zurich ou Gen\u00e8ve, elle affiche n\u00e9anmoins des prix typiquement suisses, notamment pour les restaurants et l&rsquo;h\u00e9bergement. Cependant, les voyageurs \u00e0 petit budget peuvent trouver des h\u00e9bergements abordables et savourer des repas \u00e0 prix raisonnables dans les restaurants et boulangeries d\u00e9contract\u00e9s de la ville.<\/p>\n\n<\/div>\n<\/div>\n<div id=\"faq-question-1092847365\" class=\"rank-math-list-item\">\n<h3 class=\"rank-math-question \">Quelle est l&rsquo;attraction num\u00e9ro 1 en Suisse ?<\/h3>\n<div class=\"rank-math-answer \">\n\n<p>Si la Suisse offre une grande vari\u00e9t\u00e9 d&rsquo;attractions, le<strong> Cervin<\/strong>\u00a0\u00e0 Zermatt est souvent consid\u00e9r\u00e9 comme le monument le plus embl\u00e9matique du pays. Cependant, pour les passionn\u00e9s de culture et d&rsquo;histoire, l&rsquo;<strong>abbaye de Saint-Gall<\/strong>\u00a0s&rsquo;impose comme l&rsquo;une des principales attractions culturelles du pays gr\u00e2ce \u00e0 son inscription au patrimoine mondial de l&rsquo;UNESCO et \u00e0 sa beaut\u00e9 architecturale.<\/p>\n\n<\/div>\n<\/div>\n<div id=\"faq-question-8632789103\" class=\"rank-math-list-item\">\n<h3 class=\"rank-math-question \">Quelle est la sp\u00e9cialit\u00e9 culinaire de Saint-Gall ?<\/h3>\n<div class=\"rank-math-answer \">\n\n<p>La sp\u00e9cialit\u00e9 culinaire incontournable de Saint-Gall est sans conteste la Bratwurst de Saint Gall, une saucisse raffin\u00e9e que vous pourrez d\u00e9guster dans de nombreux restaurants et stands de la ville. Elle est souvent servie avec un r\u00f6sti croustillant ou une moutarde locale.<\/p>\n\n<\/div>\n<\/div>\n<\/div>\n<\/div>","protected":false},"excerpt":{"rendered":"<p>Visiter Saint-Gall, c\u2019est d\u00e9couvrir l\u2019une des plus belles villes de Suisse, nich\u00e9e dans le canton de Saint-Gall, \u00e0 deux pas du lac de Constance et facilement accessible depuis Zurich. Connue comme la plus ancienne ville de Suisse, elle s\u00e9duit par son patrimoine culturel, son abbaye de Saint-Gall inscrite au patrimoine mondial de l\u2019UNESCO, et sa &hellip; <\/p>\n","protected":false},"author":1,"featured_media":44946,"comment_status":"open","ping_status":"closed","sticky":false,"template":"","format":"standard","meta":{"_acf_changed":false,"_eb_attr":"","_tripp_layout":"","winalist_lat":"","winalist_lng":"","winalist_map_hide":"","_tripp_review":[],"_tripp_coupon":[],"footnotes":""},"categories":[15908],"tags":[17277,20595,2090,2307,20599,19438,2605,7638,20597,20504],"destination":[],"class_list":["post-45163","post","type-post","status-publish","format-standard","has-post-thumbnail","hentry","category-suisse-alemanique","tag-bad-ragaz-2","tag-gastronomie-suisse","tag-patrimoine-unesco","tag-pinot-noir","tag-suisse-allemande","tag-suisse-romande-2","tag-tourisme-culturel","tag-vieille-ville","tag-vins-suisses","tag-voyage-en-suisse","entry"],"acf":{"winalist_tldr_title":"","winalist_tldr_time":"","winalist_tldr_top":"","winalist_tldr_budget":"","winalist_tldr_period":"","winalist_tldr_transport":"","winalist_tldr_custom":null,"winalist_tldr_cta_text":"","winalist_tldr_cta_url":"","winalist_tips_enabled":true,"winalist_tips_list":null},"_links":{"self":[{"href":"https:\/\/www.winalist.fr\/blog\/wp-json\/wp\/v2\/posts\/45163","targetHints":{"allow":["GET"]}}],"collection":[{"href":"https:\/\/www.winalist.fr\/blog\/wp-json\/wp\/v2\/posts"}],"about":[{"href":"https:\/\/www.winalist.fr\/blog\/wp-json\/wp\/v2\/types\/post"}],"author":[{"embeddable":true,"href":"https:\/\/www.winalist.fr\/blog\/wp-json\/wp\/v2\/users\/1"}],"replies":[{"embeddable":true,"href":"https:\/\/www.winalist.fr\/blog\/wp-json\/wp\/v2\/comments?post=45163"}],"version-history":[{"count":0,"href":"https:\/\/www.winalist.fr\/blog\/wp-json\/wp\/v2\/posts\/45163\/revisions"}],"wp:featuredmedia":[{"embeddable":true,"href":"https:\/\/www.winalist.fr\/blog\/wp-json\/wp\/v2\/media\/44946"}],"wp:attachment":[{"href":"https:\/\/www.winalist.fr\/blog\/wp-json\/wp\/v2\/media?parent=45163"}],"wp:term":[{"taxonomy":"category","embeddable":true,"href":"https:\/\/www.winalist.fr\/blog\/wp-json\/wp\/v2\/categories?post=45163"},{"taxonomy":"post_tag","embeddable":true,"href":"https:\/\/www.winalist.fr\/blog\/wp-json\/wp\/v2\/tags?post=45163"},{"taxonomy":"destination","embeddable":true,"href":"https:\/\/www.winalist.fr\/blog\/wp-json\/wp\/v2\/destination?post=45163"}],"curies":[{"name":"wp","href":"https:\/\/api.w.org\/{rel}","templated":true}]}}