{"id":39768,"date":"2025-05-11T09:47:13","date_gmt":"2025-05-11T07:47:13","guid":{"rendered":"https:\/\/demo.winalist.fr\/blog?p=39768"},"modified":"2026-04-20T12:02:02","modified_gmt":"2026-04-20T10:02:02","slug":"quand-partir-porto","status":"publish","type":"post","link":"https:\/\/www.winalist.fr\/blog\/portugal\/vignoble-du-douro\/quand-partir-porto","title":{"rendered":"Quand partir \u00e0 Porto ? La meilleure p\u00e9riode pour visiter la ville"},"content":{"rendered":"\n<p class=\"wp-block-paragraph\">Cap sur la ville de Porto au nord du Portugal, c\u00e9l\u00e8bre pour son vin, ses ruelles pittoresques et ses fa\u00e7ades color\u00e9es au bord du Douro. Avec un climat de type oc\u00e9anique temp\u00e9r\u00e9 et son ambiance authentique, la ville se visite toute l\u2019ann\u00e9e. Mais quand partir \u00e0 Porto pour profiter pleinement de votre s\u00e9jour ? Que vous prevoyez un <a href=\"https:\/\/www.winalist.fr\/blog\/portugal\/vignoble-du-douro\/que-faire-a-porto-week-end\">week end \u00e0 Porto<\/a> ou vous demandiez <a href=\"https:\/\/www.winalist.fr\/blog\/portugal\/vignoble-du-douro\/visiter-porto-3-jours\">que faire \u00e0 Porto en 3 jours<\/a>, d\u00e9couvrez ci-dessous la meilleure p\u00e9riode pour visiter Porto. Vous d\u00e9couvrirez \u00e9galement o\u00f9 et quand organiser votre s\u00e9jour et quelles sont les meilleures activit\u00e9s \u00e0 ne pas manquer.<\/p>\n\n\n\n<h2 class=\"wp-block-heading\">Quand partir \u00e0 Porto selon les saisons ?<\/h2>\n\n\n\n<h3 class=\"wp-block-heading\">Printemps (mars \u00e0 mai)<\/h3>\n\n\n\n<figure class=\"wp-block-image alignwide size-large\"><img fetchpriority=\"high\" decoding=\"async\" width=\"1500\" height=\"1000\" src=\"https:\/\/images.winalist.com\/blog\/wp-content\/uploads\/2025\/05\/11093904\/adobestock-626330402-1500x1000.jpeg\" alt=\"- - -\" class=\"wp-image-39772\" title=\"- - -\" srcset=\"https:\/\/images.winalist.com\/blog\/wp-content\/uploads\/2025\/05\/11093904\/adobestock-626330402-1500x1000.jpeg 1500w, https:\/\/images.winalist.com\/blog\/wp-content\/uploads\/2025\/05\/11093904\/adobestock-626330402-600x400.jpeg 600w, https:\/\/images.winalist.com\/blog\/wp-content\/uploads\/2025\/05\/11093904\/adobestock-626330402-768x512.jpeg 768w, https:\/\/images.winalist.com\/blog\/wp-content\/uploads\/2025\/05\/11093904\/adobestock-626330402-1536x1024.jpeg 1536w, https:\/\/images.winalist.com\/blog\/wp-content\/uploads\/2025\/05\/11093904\/adobestock-626330402-1290x860.jpeg 1290w, https:\/\/images.winalist.com\/blog\/wp-content\/uploads\/2025\/05\/11093904\/adobestock-626330402.jpeg 1620w\" sizes=\"(max-width: 1500px) 100vw, 1500px\" \/><\/figure>\n\n\n\n<p class=\"wp-block-paragraph\">Le printemps est l\u2019une des meilleures p\u00e9riodes pour d\u00e9couvrir Porto. Cette saison offre des temp\u00e9ratures douces, oscillant entre 15 et 22 \u00b0C, et la nature reprend ses droits dans les parcs et les jardins de la ville. C\u2019est aussi une saison agr\u00e9able \u00e0 visiter pour explorer la Ribeira \u00e0 pied, faire une croisi\u00e8re sur le Douro ou visiter les caves de Vila Nova de Gaia sans la foule. En mars et avril, l\u2019affluence touristique reste mod\u00e9r\u00e9e, ce qui permet de faire des \u00e9conomies sur l\u2019h\u00e9bergement et les vols. C&rsquo;est donc une saison particuli\u00e8rement propice \u00e0 un voyage \u00e0 Porto.<\/p>\n\n\n\n<h3 class=\"wp-block-heading\">\u00c9t\u00e9 (juin \u00e0 ao\u00fbt)<\/h3>\n\n\n\n<figure class=\"wp-block-image alignwide size-large\"><img decoding=\"async\" width=\"1500\" height=\"1001\" src=\"https:\/\/images.winalist.com\/blog\/wp-content\/uploads\/2025\/04\/28063557\/adobestock-178861822-1500x1001.jpeg\" alt=\"- - -\" class=\"wp-image-38698\" title=\"- - -\" srcset=\"https:\/\/images.winalist.com\/blog\/wp-content\/uploads\/2025\/04\/28063557\/adobestock-178861822-1500x1001.jpeg 1500w, https:\/\/images.winalist.com\/blog\/wp-content\/uploads\/2025\/04\/28063557\/adobestock-178861822-600x400.jpeg 600w, https:\/\/images.winalist.com\/blog\/wp-content\/uploads\/2025\/04\/28063557\/adobestock-178861822-768x513.jpeg 768w, https:\/\/images.winalist.com\/blog\/wp-content\/uploads\/2025\/04\/28063557\/adobestock-178861822-1536x1025.jpeg 1536w, https:\/\/images.winalist.com\/blog\/wp-content\/uploads\/2025\/04\/28063557\/adobestock-178861822-1290x861.jpeg 1290w, https:\/\/images.winalist.com\/blog\/wp-content\/uploads\/2025\/04\/28063557\/adobestock-178861822.jpeg 1618w\" sizes=\"(max-width: 1500px) 100vw, 1500px\" \/><\/figure>\n\n\n\n<p class=\"wp-block-paragraph\">L\u2019\u00e9t\u00e9 rime avec chaleur et animations touristiques \u00e0 Porto. Les temp\u00e9ratures sont les plus chaudes et grimpent jusqu\u2019\u00e0 30 \u00b0C, avec un ensoleillement g\u00e9n\u00e9reux. C\u2019est la haute saison touristique : les ruelles se remplissent, les plages de Foz do Douro attirent les baigneurs, et les \u00e9v\u00e9nements culturels se multiplient. Le point d\u2019orgue de l\u2019\u00e9t\u00e9 est la Festa de S\u00e3o Jo\u00e3o, c\u00e9l\u00e9br\u00e9e dans la nuit du 23 au 24 juin, un moment divertissant et populaire \u00e0 ne pas manquer, typique du nord du Portugal. La saison estivale est aussi la meilleure p\u00e9riode pour aller \u00e0 l&rsquo;oc\u00e9an Atlantique. La temp\u00e9rature de la mer peut monter jusqu&rsquo;\u00e0 19.5 \u00b0C. L&rsquo;\u00e9t\u00e9 est donc une p\u00e9riode intense pour visiter la ville tout en vivant ses traditions.<\/p>\n\n\n\n<h3 class=\"wp-block-heading\">Automne (septembre \u00e0 novembre)<\/h3>\n\n\n\n<figure class=\"wp-block-image alignwide size-large\"><img decoding=\"async\" width=\"1500\" height=\"935\" src=\"https:\/\/images.winalist.com\/blog\/wp-content\/uploads\/2025\/05\/11093629\/adobestock-235077770-1500x935.jpeg\" alt=\"- - -\" class=\"wp-image-39771\" title=\"- - -\" srcset=\"https:\/\/images.winalist.com\/blog\/wp-content\/uploads\/2025\/05\/11093629\/adobestock-235077770-1500x935.jpeg 1500w, https:\/\/images.winalist.com\/blog\/wp-content\/uploads\/2025\/05\/11093629\/adobestock-235077770-600x374.jpeg 600w, https:\/\/images.winalist.com\/blog\/wp-content\/uploads\/2025\/05\/11093629\/adobestock-235077770-768x479.jpeg 768w, https:\/\/images.winalist.com\/blog\/wp-content\/uploads\/2025\/05\/11093629\/adobestock-235077770-1536x957.jpeg 1536w, https:\/\/images.winalist.com\/blog\/wp-content\/uploads\/2025\/05\/11093629\/adobestock-235077770-1290x804.jpeg 1290w, https:\/\/images.winalist.com\/blog\/wp-content\/uploads\/2025\/05\/11093629\/adobestock-235077770.jpeg 1733w\" sizes=\"(max-width: 1500px) 100vw, 1500px\" \/><\/figure>\n\n\n\n<p class=\"wp-block-paragraph\">L\u2019automne s\u00e9duit les voyageurs en qu\u00eate de calme et d\u2019authenticit\u00e9. La temp\u00e9rature moyenne reste agr\u00e9able (17 \u00e0 25 \u00b0C en septembre, plus fra\u00eeches ensuite), les couleurs dor\u00e9es envahissent les vignes de la vall\u00e9e du Douro, et les vendanges battent leur plein. C\u2019est une saison id\u00e9ale pour ceux qui souhaitent faire un voyage \u0153nologique. En octobre et novembre, Porto retrouve sa tranquillit\u00e9 apr\u00e8s le pic estival, ce qui en fait une p\u00e9riode id\u00e9ale pour les amateurs de vin et les passionn\u00e9s de photographie. C\u2019est aussi une p\u00e9riode o\u00f9 il est encore possible de visiter les principaux sites sans file d\u2019attente.<\/p>\n\n\n\n<h3 class=\"wp-block-heading\">Hiver (d\u00e9cembre \u00e0 f\u00e9vrier)<\/h3>\n\n\n\n<figure class=\"wp-block-image alignwide size-large\"><img loading=\"lazy\" decoding=\"async\" width=\"1500\" height=\"993\" src=\"https:\/\/images.winalist.com\/blog\/wp-content\/uploads\/2025\/05\/11081244\/adobestock-108111244-1500x993.jpeg\" alt=\"- - -\" class=\"wp-image-39770\" title=\"- - -\" srcset=\"https:\/\/images.winalist.com\/blog\/wp-content\/uploads\/2025\/05\/11081244\/adobestock-108111244-1500x993.jpeg 1500w, https:\/\/images.winalist.com\/blog\/wp-content\/uploads\/2025\/05\/11081244\/adobestock-108111244-600x397.jpeg 600w, https:\/\/images.winalist.com\/blog\/wp-content\/uploads\/2025\/05\/11081244\/adobestock-108111244-768x508.jpeg 768w, https:\/\/images.winalist.com\/blog\/wp-content\/uploads\/2025\/05\/11081244\/adobestock-108111244-1536x1016.jpeg 1536w, https:\/\/images.winalist.com\/blog\/wp-content\/uploads\/2025\/05\/11081244\/adobestock-108111244-1290x854.jpeg 1290w, https:\/\/images.winalist.com\/blog\/wp-content\/uploads\/2025\/05\/11081244\/adobestock-108111244.jpeg 1632w\" sizes=\"(max-width: 1500px) 100vw, 1500px\" \/><\/figure>\n\n\n\n<p class=\"wp-block-paragraph\">L\u2019hiver est la saison la plus fra\u00eeche et la plus humide \u00e0 Porto, avec des temp\u00e9ratures comprises entre 10 et 15 \u00b0C et les pr\u00e9cipitations sont fr\u00e9quentes. Malgr\u00e9 les jours de pluie, la ville conserve son charme et offre un cadre intimiste pour un s\u00e9jour culturel ou romantique.Un s\u00e9jour \u00e0 Porto en hiver est l\u2019occasion de d\u00e9couvrir la ville sous un autre angle. Les prix chutent, notamment apr\u00e8s les f\u00eates de fin d\u2019ann\u00e9e, et les visiteurs peuvent profiter des mus\u00e9es, des caf\u00e9s traditionnels et de l\u2019ambiance locale sans bousculade. Avec son climat m\u00e9diterran\u00e9en doux, Porto reste agr\u00e9able \u00e0 visiter m\u00eame durant la basse saison.<\/p>\n\n\n\n<p class=\"wp-block-paragraph\">Si vous planifiez de venir \u00e0 cette p\u00e9riode, ne manquez pas notre guide pour savoir <a href=\"https:\/\/www.winalist.fr\/blog\/portugal\/vignoble-du-douro\/visiter-porto-pluie\">quoi faire \u00e0 Porto quand il pleut<\/a>.&nbsp;<\/p>\n\n\n\n<p class=\"wp-block-paragraph\"><\/p>\n\n\n\n<h2 class=\"wp-block-heading\">Quand partir \u00e0 Porto selon vos envies ?<\/h2>\n\n\n\n<h3 class=\"wp-block-heading\">Vous cherchez \u00e0 \u00e9viter la foule ?<\/h3>\n\n\n\n<figure class=\"wp-block-image alignwide size-large\"><img loading=\"lazy\" decoding=\"async\" width=\"1500\" height=\"1000\" src=\"https:\/\/images.winalist.com\/blog\/wp-content\/uploads\/2025\/04\/28045047\/adobestock-506047838-editorial-use-only-1500x1000.jpeg\" alt=\"- - -\" class=\"wp-image-38687\" title=\"- - -\" srcset=\"https:\/\/images.winalist.com\/blog\/wp-content\/uploads\/2025\/04\/28045047\/adobestock-506047838-editorial-use-only-1500x1000.jpeg 1500w, https:\/\/images.winalist.com\/blog\/wp-content\/uploads\/2025\/04\/28045047\/adobestock-506047838-editorial-use-only-600x400.jpeg 600w, https:\/\/images.winalist.com\/blog\/wp-content\/uploads\/2025\/04\/28045047\/adobestock-506047838-editorial-use-only-768x512.jpeg 768w, https:\/\/images.winalist.com\/blog\/wp-content\/uploads\/2025\/04\/28045047\/adobestock-506047838-editorial-use-only-1536x1024.jpeg 1536w, https:\/\/images.winalist.com\/blog\/wp-content\/uploads\/2025\/04\/28045047\/adobestock-506047838-editorial-use-only-1290x860.jpeg 1290w, https:\/\/images.winalist.com\/blog\/wp-content\/uploads\/2025\/04\/28045047\/adobestock-506047838-editorial-use-only.jpeg 1620w\" sizes=\"(max-width: 1500px) 100vw, 1500px\" \/><\/figure>\n\n\n\n<p class=\"wp-block-paragraph\">Si vous pr\u00e9f\u00e9rez un voyage \u00e0 Porto loin des foules estivales, les mois de mars, avril, octobre et novembre sont faits pour vous. Pendant ces p\u00e9riodes de mi-saison, les temp\u00e9ratures sont agr\u00e9ables et les principaux sites touristiques \u2013 comme la librairie Lello, le pont Dom Lu\u00eds I ou les caves de Porto \u2013 sont beaucoup plus accessibles. Vous pourrez visiter la ville dans une ambiance plus calme et authentique. Vous profiterez d\u2019une atmosph\u00e8re plus locale, id\u00e9ale pour fl\u00e2ner dans les ruelles pav\u00e9es de la vieille ville ou savourer une francesinha en terrasse, sans avoir \u00e0 faire la queue. De plus, les tarifs des vols et des h\u00e9bergements sont souvent plus doux, ce qui en fait une p\u00e9riode id\u00e9ale pour faire des \u00e9conomies et organiser un s\u00e9jour \u00e0 Porto sur mesure.<\/p>\n\n\n\n<h3 class=\"wp-block-heading\">Vous voulez faire la f\u00eate ?<\/h3>\n\n\n\n<figure class=\"wp-block-image alignwide size-large\"><img loading=\"lazy\" decoding=\"async\" width=\"1500\" height=\"1000\" src=\"https:\/\/images.winalist.com\/blog\/wp-content\/uploads\/2025\/05\/11094242\/adobestock-857891395-1500x1000.jpeg\" alt=\"- - -\" class=\"wp-image-39773\" title=\"- - -\" srcset=\"https:\/\/images.winalist.com\/blog\/wp-content\/uploads\/2025\/05\/11094242\/adobestock-857891395-1500x1000.jpeg 1500w, https:\/\/images.winalist.com\/blog\/wp-content\/uploads\/2025\/05\/11094242\/adobestock-857891395-600x400.jpeg 600w, https:\/\/images.winalist.com\/blog\/wp-content\/uploads\/2025\/05\/11094242\/adobestock-857891395-768x512.jpeg 768w, https:\/\/images.winalist.com\/blog\/wp-content\/uploads\/2025\/05\/11094242\/adobestock-857891395-1536x1024.jpeg 1536w, https:\/\/images.winalist.com\/blog\/wp-content\/uploads\/2025\/05\/11094242\/adobestock-857891395-1290x860.jpeg 1290w, https:\/\/images.winalist.com\/blog\/wp-content\/uploads\/2025\/05\/11094242\/adobestock-857891395.jpeg 1620w\" sizes=\"(max-width: 1500px) 100vw, 1500px\" \/><\/figure>\n\n\n\n<p class=\"wp-block-paragraph\">Si votre priorit\u00e9 est de vivre l\u2019ambiance festive et vibrante de Porto, planifiez votre voyage <strong>fin juin<\/strong>, \u00e0 l\u2019occasion de la<strong> Festa de S\u00e3o Jo\u00e3o<\/strong>. C\u2019est l\u2019un des \u00e9v\u00e9nements les plus embl\u00e9matiques du Portugal, m\u00ealant traditions populaires, feux d\u2019artifice, concerts en plein air, et l\u00e2cher de lanternes. Toute la ville se transforme en une gigantesque f\u00eate dans les rues. En dehors de cette date, les mois de <strong>juin \u00e0 ao\u00fbt<\/strong> offrent aussi une programmation riche en festivals de musique, expositions, march\u00e9s d\u2019\u00e9t\u00e9 et animations nocturnes sur les quais du Douro. L\u2019\u00e9nergie y est \u00e0 son comble, et vous d\u00e9couvrirez les meilleures activit\u00e9s estivales qu\u2019il est possible de visiter m\u00eame en soir\u00e9e.<\/p>\n\n\n\n<h3 class=\"wp-block-heading\">Vous \u00eates amateur de vin ?<\/h3>\n\n\n\n<figure class=\"wp-block-image alignwide size-large\"><img loading=\"lazy\" decoding=\"async\" width=\"1500\" height=\"1000\" src=\"https:\/\/images.winalist.com\/blog\/wp-content\/uploads\/2025\/04\/28045415\/adobestock-582513005-editorial-use-only-1500x1000.jpeg\" alt=\"- - -\" class=\"wp-image-38688\" title=\"- - -\" srcset=\"https:\/\/images.winalist.com\/blog\/wp-content\/uploads\/2025\/04\/28045415\/adobestock-582513005-editorial-use-only-1500x1000.jpeg 1500w, https:\/\/images.winalist.com\/blog\/wp-content\/uploads\/2025\/04\/28045415\/adobestock-582513005-editorial-use-only-600x400.jpeg 600w, https:\/\/images.winalist.com\/blog\/wp-content\/uploads\/2025\/04\/28045415\/adobestock-582513005-editorial-use-only-768x512.jpeg 768w, https:\/\/images.winalist.com\/blog\/wp-content\/uploads\/2025\/04\/28045415\/adobestock-582513005-editorial-use-only-1536x1024.jpeg 1536w, https:\/\/images.winalist.com\/blog\/wp-content\/uploads\/2025\/04\/28045415\/adobestock-582513005-editorial-use-only-1290x860.jpeg 1290w, https:\/\/images.winalist.com\/blog\/wp-content\/uploads\/2025\/04\/28045415\/adobestock-582513005-editorial-use-only.jpeg 1620w\" sizes=\"(max-width: 1500px) 100vw, 1500px\" \/><\/figure>\n\n\n\n<p class=\"wp-block-paragraph\">Porto est indissociable de son c\u00e9l\u00e8bre vin.&nbsp;Si vous souhaitez en d\u00e9couvrir les coulisses, la&nbsp;meilleure p\u00e9riode est septembre, au moment des vendanges. Les vall\u00e9es du Douro se parent alors de magnifiques teintes dor\u00e9es, et les domaines viticoles organisent des visites sp\u00e9ciales, parfois m\u00eame des vendanges participatives. C\u2019est aussi une p\u00e9riode id\u00e9ale pour explorer les quintas (propri\u00e9t\u00e9s viticoles) en dehors de la ville ou pour profiter des nombreuses d\u00e9gustations propos\u00e9es dans <a href=\"https:\/\/www.winalist.fr\/cities\/porto\">les caves de Porto<\/a>. En automne, l\u2019air est doux, les paysages sublimes, et l\u2019ambiance propice \u00e0 la d\u00e9tente. Bref, une saison id\u00e9ale pour visiter la ville autrement. Si vous souhaitez participer \u00e0 un \u00e9v\u00e9nement, sachez que chaque ann\u00e9e, en juillet a lieu la&nbsp;<strong>foire du vin<\/strong> de Porto.&nbsp;<\/p>\n\n\n\n<div id=\"winalist-partner-widget-ew9x43ijwhl\" class=\"winalist-partner-widget\" data-utms=\"utm_source=blog&#038;utm_medium=blog&#038;utm_campaign=affiliatewidget\"><\/div>\n        <script type=\"application\/javascript\">\n          var winalistWidget = document.getElementById('winalist-partner-widget-ew9x43ijwhl');\n          var i = document.createElement(\"iframe\");\n          i.style.border = \"none\";\n          i.style.width = \"100%\";\n          i.style.minHeight = \"550px\";i.setAttribute(\"src\", \"https:\/\/www.winalist.fr\/w\/embed?partner=14&type=experiences-slider&slider_type=location&city_id=228&locale=fr_FR&activity_id=any&display_title=yes\");\n          if(winalistWidget) winalistWidget.prepend(i);\n        <\/script>\n        <script type=\"application\/javascript\" src=\"https:\/\/cdn.winalist.com\/widget\/affiliate-widget-config.min.js\"><\/script>\n\n\n\n<h3 class=\"wp-block-heading\">Vous planifiez un week-end romantique ?<\/h3>\n\n\n\n<figure class=\"wp-block-image alignwide size-large\"><img loading=\"lazy\" decoding=\"async\" width=\"1500\" height=\"1000\" src=\"https:\/\/images.winalist.com\/blog\/wp-content\/uploads\/2024\/03\/27160658\/iStock-1327623357-1500x1000.jpg\" alt=\"- - -\" class=\"wp-image-28804\" title=\"- - -\" srcset=\"https:\/\/images.winalist.com\/blog\/wp-content\/uploads\/2024\/03\/27160658\/iStock-1327623357-1500x1000.jpg 1500w, https:\/\/images.winalist.com\/blog\/wp-content\/uploads\/2024\/03\/27160658\/iStock-1327623357-600x400.jpg 600w, https:\/\/images.winalist.com\/blog\/wp-content\/uploads\/2024\/03\/27160658\/iStock-1327623357-768x512.jpg 768w, https:\/\/images.winalist.com\/blog\/wp-content\/uploads\/2024\/03\/27160658\/iStock-1327623357-1536x1024.jpg 1536w, https:\/\/images.winalist.com\/blog\/wp-content\/uploads\/2024\/03\/27160658\/iStock-1327623357-1290x860.jpg 1290w, https:\/\/images.winalist.com\/blog\/wp-content\/uploads\/2024\/03\/27160658\/iStock-1327623357.jpg 1620w\" sizes=\"(max-width: 1500px) 100vw, 1500px\" \/><\/figure>\n\n\n\n<p class=\"wp-block-paragraph\">Pour les personnes qui souhaitent une escapade romantique \u00e0 Porto, misez sur&nbsp;<strong>le mois de mai<\/strong> ou celui <strong>d\u2019octobre<\/strong>. Ces p\u00e9riodes interm\u00e9diaires offrent une m\u00e9t\u00e9o cl\u00e9mente et des couchers de soleil inoubliables sur le Douro. La ville, encore tranquille, se pr\u00eate aux balades \u00e0 deux : main dans la main dans les jardins du Pal\u00e1cio de Cristal, en bateau sur le fleuve ou lors d\u2019un d\u00eener dans une petite taverne au charme d\u00e9suet. Moins fr\u00e9quent\u00e9e qu\u2019en \u00e9t\u00e9, Porto se r\u00e9v\u00e8le alors dans toute sa douceur, loin de l\u2019agitation, dans une atmosph\u00e8re propice \u00e0 la connexion et \u00e0 l\u2019\u00e9merveillement.<\/p>\n\n\n<div id=\"rank-math-faq\" class=\"rank-math-block\">\n<div class=\"rank-math-list \">\n<div id=\"faq-question-1746943648738\" class=\"rank-math-list-item\">\n<h3 class=\"rank-math-question \">Quelle est la meilleure p\u00e9riode pour partir \u00e0 Porto ?<\/h3>\n<div class=\"rank-math-answer \">\n\n<p>Porto est agr\u00e9able \u00e0 visiter toute l\u2019ann\u00e9e gr\u00e2ce \u00e0 son climat m\u00e9diterran\u00e9en avec des influences oc\u00e9aniques. Toutefois, la p\u00e9riode d\u2019avril \u00e0 octobre est souvent consid\u00e9r\u00e9e comme la plus favorable, car les temp\u00e9ratures peuvent y \u00eatre douces et les journ\u00e9es plus longues. C&rsquo;est la\u00a0p\u00e9riode\u00a0pour profiter des activit\u00e9s en plein air. Les vendanges, en septembre, ou les festivals qui c\u00e9l\u00e8brent les saints, comme S\u00e3o Jo\u00e3o en juin, font de ces mois des moments uniques \u00e0 vivre. Toutes les p\u00e9riodes ont leur charme, mais les amateurs de soleil pr\u00e9f\u00e9reront les mois d\u2019\u00e9t\u00e9.<\/p>\n\n<\/div>\n<\/div>\n<\/div>\n<\/div>","protected":false},"excerpt":{"rendered":"<p>Cap sur la ville de Porto au nord du Portugal, c\u00e9l\u00e8bre pour son vin, ses ruelles pittoresques et ses fa\u00e7ades color\u00e9es au bord du Douro. Avec un climat de type oc\u00e9anique temp\u00e9r\u00e9 et son ambiance authentique, la ville se visite toute l\u2019ann\u00e9e. Mais quand partir \u00e0 Porto pour profiter pleinement de votre s\u00e9jour ? Que &hellip; <\/p>\n","protected":false},"author":12,"featured_media":38696,"comment_status":"open","ping_status":"closed","sticky":false,"template":"","format":"standard","meta":{"_acf_changed":false,"_eb_attr":"","_tripp_layout":"","winalist_lat":"","winalist_lng":"","winalist_map_hide":"","_tripp_review":[],"_tripp_coupon":[],"footnotes":""},"categories":[804],"tags":[3088,2824,116,1219,1227,2842,232,2834,2820],"destination":[],"class_list":["post-39768","post","type-post","status-publish","format-standard","has-post-thumbnail","hentry","category-vignoble-du-douro","tag-city-break","tag-gastronomie-portugaise","tag-oenotourisme","tag-porto-2","tag-portugal-2","tag-tourisme-portugal","tag-vin","tag-vin-portugais","tag-voyage-portugal","entry"],"acf":{"winalist_tldr_title":"","winalist_tldr_time":"","winalist_tldr_top":"","winalist_tldr_budget":"","winalist_tldr_period":"","winalist_tldr_transport":"","winalist_tldr_custom":null,"winalist_tldr_cta_text":"","winalist_tldr_cta_url":"","winalist_tips_enabled":true,"winalist_tips_list":null},"_links":{"self":[{"href":"https:\/\/www.winalist.fr\/blog\/wp-json\/wp\/v2\/posts\/39768","targetHints":{"allow":["GET"]}}],"collection":[{"href":"https:\/\/www.winalist.fr\/blog\/wp-json\/wp\/v2\/posts"}],"about":[{"href":"https:\/\/www.winalist.fr\/blog\/wp-json\/wp\/v2\/types\/post"}],"author":[{"embeddable":true,"href":"https:\/\/www.winalist.fr\/blog\/wp-json\/wp\/v2\/users\/12"}],"replies":[{"embeddable":true,"href":"https:\/\/www.winalist.fr\/blog\/wp-json\/wp\/v2\/comments?post=39768"}],"version-history":[{"count":1,"href":"https:\/\/www.winalist.fr\/blog\/wp-json\/wp\/v2\/posts\/39768\/revisions"}],"predecessor-version":[{"id":57877,"href":"https:\/\/www.winalist.fr\/blog\/wp-json\/wp\/v2\/posts\/39768\/revisions\/57877"}],"wp:featuredmedia":[{"embeddable":true,"href":"https:\/\/www.winalist.fr\/blog\/wp-json\/wp\/v2\/media\/38696"}],"wp:attachment":[{"href":"https:\/\/www.winalist.fr\/blog\/wp-json\/wp\/v2\/media?parent=39768"}],"wp:term":[{"taxonomy":"category","embeddable":true,"href":"https:\/\/www.winalist.fr\/blog\/wp-json\/wp\/v2\/categories?post=39768"},{"taxonomy":"post_tag","embeddable":true,"href":"https:\/\/www.winalist.fr\/blog\/wp-json\/wp\/v2\/tags?post=39768"},{"taxonomy":"destination","embeddable":true,"href":"https:\/\/www.winalist.fr\/blog\/wp-json\/wp\/v2\/destination?post=39768"}],"curies":[{"name":"wp","href":"https:\/\/api.w.org\/{rel}","templated":true}]}}