{"id":36920,"date":"2025-04-11T03:48:43","date_gmt":"2025-04-11T01:48:43","guid":{"rendered":"https:\/\/demo.winalist.fr\/blog?p=36920"},"modified":"2026-08-13T15:51:58","modified_gmt":"2026-08-13T13:51:58","slug":"visiter-zambujeira-do-mar","status":"publish","type":"post","link":"https:\/\/www.winalist.fr\/blog\/portugal\/alentejo\/visiter-zambujeira-do-mar","title":{"rendered":"Visiter Zambujeira do Mar : entre falaises, plages et traditions"},"content":{"rendered":"\n<p class=\"wp-block-paragraph\">Au sud-ouest du Portugal, <strong>Zambujeira do Mar<\/strong> est un petit village c\u00f4tier qui semble suspendu entre terre et mer. Bord\u00e9 par l\u2019oc\u00e9an Atlantique, il attire chaque ann\u00e9e les voyageurs en qu\u00eate de paysages pr\u00e9serv\u00e9s et de tranquillit\u00e9. Cette destination, encore \u00e0 l\u2019\u00e9cart des grands circuits touristiques, s\u00e9duit par sa douceur de vivre et ses panoramas \u00e0 couper le souffle. Entre falaises escarp\u00e9es, plages secr\u00e8tes et ruelles baign\u00e9es de lumi\u00e8re, chaque recoin invite \u00e0 la contemplation ! Zambujeira est aussi un point de d\u00e9part id\u00e9al pour d\u00e9couvrir les tr\u00e9sors de l\u2019Alentejo littoral. Que vous soyez amateur de baignade, de randonn\u00e9es, ou de d\u00e9couvertes culturelles, vous y trouverez largement de quoi vous \u00e9merveiller. Voici donc quelques id\u00e9es pour profiter pleinement de votre s\u00e9jour dans cette perle du <strong>sud-ouest<\/strong> portugais.<\/p>\n\n\n\n<h2 class=\"wp-block-heading\">Que faire et que voir \u00e0 Zambujeira do Mar ?<\/h2>\n\n\n\n<h3 class=\"wp-block-heading\">Promenez-vous dans la ville<\/h3>\n\n\n\n<figure class=\"wp-block-image alignwide size-full\"><img fetchpriority=\"high\" decoding=\"async\" width=\"1440\" height=\"1080\" src=\"https:\/\/images.winalist.com\/blog\/wp-content\/uploads\/2025\/04\/11031627\/adobestock-659850400.jpeg\" alt=\"Zambujeira do Mar\" class=\"wp-image-37484\" title=\"- - -\" srcset=\"https:\/\/images.winalist.com\/blog\/wp-content\/uploads\/2025\/04\/11031627\/adobestock-659850400.jpeg 1440w, https:\/\/images.winalist.com\/blog\/wp-content\/uploads\/2025\/04\/11031627\/adobestock-659850400-600x450.jpeg 600w, https:\/\/images.winalist.com\/blog\/wp-content\/uploads\/2025\/04\/11031627\/adobestock-659850400-768x576.jpeg 768w, https:\/\/images.winalist.com\/blog\/wp-content\/uploads\/2025\/04\/11031627\/adobestock-659850400-400x300.jpeg 400w, https:\/\/images.winalist.com\/blog\/wp-content\/uploads\/2025\/04\/11031627\/adobestock-659850400-1290x968.jpeg 1290w\" sizes=\"(max-width: 1440px) 100vw, 1440px\" \/><\/figure>\n\n\n\n<p class=\"wp-block-paragraph\">Laissez-vous s\u00e9duire par l\u2019authenticit\u00e9 des ruelles de Zambujeira do Mar. Entre les maisons blanches aux volets color\u00e9s et les petits caf\u00e9s pittoresques, chaque d\u00e9tour offre un charme unique. Profitez du calme ambiant pour observer le rythme paisible du village. C\u2019est l\u2019endroit id\u00e9al pour s\u2019impr\u00e9gner de l\u2019atmosph\u00e8re typique de l\u2019Alentejo. N\u2019h\u00e9sitez pas \u00e0 faire un arr\u00eat pour d\u00e9guster une douceur locale.<\/p>\n\n\n\n<h3 class=\"wp-block-heading\">D\u00e9tendez-vous au Miradouro do Largo da Igreja<\/h3>\n\n\n\n<figure class=\"wp-block-image alignwide size-large\"><img decoding=\"async\" width=\"1500\" height=\"999\" src=\"https:\/\/images.winalist.com\/blog\/wp-content\/uploads\/2025\/04\/11031822\/adobestock-450705223-1500x999.jpeg\" alt=\"- - -\" class=\"wp-image-37485\" title=\"- - -\" srcset=\"https:\/\/images.winalist.com\/blog\/wp-content\/uploads\/2025\/04\/11031822\/adobestock-450705223-1500x999.jpeg 1500w, https:\/\/images.winalist.com\/blog\/wp-content\/uploads\/2025\/04\/11031822\/adobestock-450705223-600x400.jpeg 600w, https:\/\/images.winalist.com\/blog\/wp-content\/uploads\/2025\/04\/11031822\/adobestock-450705223-768x512.jpeg 768w, https:\/\/images.winalist.com\/blog\/wp-content\/uploads\/2025\/04\/11031822\/adobestock-450705223-1536x1023.jpeg 1536w, https:\/\/images.winalist.com\/blog\/wp-content\/uploads\/2025\/04\/11031822\/adobestock-450705223-1290x859.jpeg 1290w, https:\/\/images.winalist.com\/blog\/wp-content\/uploads\/2025\/04\/11031822\/adobestock-450705223.jpeg 1621w\" sizes=\"(max-width: 1500px) 100vw, 1500px\" \/><\/figure>\n\n\n\n<p class=\"wp-block-paragraph\">\u00c0 seulement deux minutes \u00e0 pied du centre, ce belv\u00e9d\u00e8re surplombe l&rsquo;oc\u00e9an Atlantique. Il offre un panorama exceptionnel sur les falaises et les plages environnantes. C\u2019est l\u2019endroit r\u00eav\u00e9 pour admirer un coucher de soleil ou prendre quelques photos. Le calme qui y r\u00e8gne invite \u00e0 la contemplation. Installez-vous sur un banc et laissez-vous bercer par le bruit des vagues.<\/p>\n\n\n\n<h3 class=\"wp-block-heading\">Visitez la Chapelle de Nossa Senhora do Mar<\/h3>\n\n\n\n<figure class=\"wp-block-image alignwide size-large\"><img decoding=\"async\" width=\"1500\" height=\"993\" src=\"https:\/\/images.winalist.com\/blog\/wp-content\/uploads\/2025\/04\/11031621\/adobestock-74162940-1500x993.jpeg\" alt=\"- - -\" class=\"wp-image-37483\" title=\"- - -\" srcset=\"https:\/\/images.winalist.com\/blog\/wp-content\/uploads\/2025\/04\/11031621\/adobestock-74162940-1500x993.jpeg 1500w, https:\/\/images.winalist.com\/blog\/wp-content\/uploads\/2025\/04\/11031621\/adobestock-74162940-600x397.jpeg 600w, https:\/\/images.winalist.com\/blog\/wp-content\/uploads\/2025\/04\/11031621\/adobestock-74162940-768x509.jpeg 768w, https:\/\/images.winalist.com\/blog\/wp-content\/uploads\/2025\/04\/11031621\/adobestock-74162940-1536x1017.jpeg 1536w, https:\/\/images.winalist.com\/blog\/wp-content\/uploads\/2025\/04\/11031621\/adobestock-74162940-1290x854.jpeg 1290w, https:\/\/images.winalist.com\/blog\/wp-content\/uploads\/2025\/04\/11031621\/adobestock-74162940.jpeg 1631w\" sizes=\"(max-width: 1500px) 100vw, 1500px\" \/><\/figure>\n\n\n\n<p class=\"wp-block-paragraph\">Perch\u00e9e sur une falaise, cette petite chapelle blanche est un embl\u00e8me de la ville. Elle rend hommage \u00e0 la Vierge protectrice des p\u00eacheurs. Son architecture simple mais \u00e9l\u00e9gante s\u2019harmonise parfaitement avec le paysage c\u00f4tier. Depuis le parvis, la vue sur l\u2019oc\u00e9an est spectaculaire. Elle est aussi un lieu de recueillement tr\u00e8s appr\u00e9ci\u00e9 des habitants.<\/p>\n\n\n\n<h3 class=\"wp-block-heading\">Bronzez sur la plage de Alteirinhos<\/h3>\n\n\n\n<figure class=\"wp-block-image alignwide size-large\"><img loading=\"lazy\" decoding=\"async\" width=\"1500\" height=\"999\" src=\"https:\/\/images.winalist.com\/blog\/wp-content\/uploads\/2025\/04\/11032020\/adobestock-302546792-1500x999.jpeg\" alt=\"- - -\" class=\"wp-image-37486\" title=\"- - -\" srcset=\"https:\/\/images.winalist.com\/blog\/wp-content\/uploads\/2025\/04\/11032020\/adobestock-302546792-1500x999.jpeg 1500w, https:\/\/images.winalist.com\/blog\/wp-content\/uploads\/2025\/04\/11032020\/adobestock-302546792-600x400.jpeg 600w, https:\/\/images.winalist.com\/blog\/wp-content\/uploads\/2025\/04\/11032020\/adobestock-302546792-768x512.jpeg 768w, https:\/\/images.winalist.com\/blog\/wp-content\/uploads\/2025\/04\/11032020\/adobestock-302546792-1536x1023.jpeg 1536w, https:\/\/images.winalist.com\/blog\/wp-content\/uploads\/2025\/04\/11032020\/adobestock-302546792-1290x859.jpeg 1290w, https:\/\/images.winalist.com\/blog\/wp-content\/uploads\/2025\/04\/11032020\/adobestock-302546792.jpeg 1621w\" sizes=\"(max-width: 1500px) 100vw, 1500px\" \/><\/figure>\n\n\n\n<p class=\"wp-block-paragraph\">Situ\u00e9e juste au sud du centre-ville, cette plage est accessible \u00e0 pied par un escalier escarp\u00e9. Son cadre naturel, entre falaises et eaux turquoise, en fait l\u2019une des plus belles de la r\u00e9gion. C\u2019est un lieu pr\u00e9serv\u00e9 o\u00f9 vous pourrez vous d\u00e9tendre loin de la foule. Pr\u00e9voyez un pique-nique pour prolonger le plaisir. \u00c0 mar\u00e9e basse, explorez les petites criques alentours.<\/p>\n\n\n\n<h3 class=\"wp-block-heading\">D\u00e9couvrez la Praia da Am\u00e9lia<\/h3>\n\n\n\n<figure class=\"wp-block-image alignwide size-large\"><img loading=\"lazy\" decoding=\"async\" width=\"1500\" height=\"962\" src=\"https:\/\/images.winalist.com\/blog\/wp-content\/uploads\/2025\/04\/11032321\/adobestock-1137857972-1500x962.jpeg\" alt=\"- - -\" class=\"wp-image-37487\" title=\"- - -\" srcset=\"https:\/\/images.winalist.com\/blog\/wp-content\/uploads\/2025\/04\/11032321\/adobestock-1137857972-1500x962.jpeg 1500w, https:\/\/images.winalist.com\/blog\/wp-content\/uploads\/2025\/04\/11032321\/adobestock-1137857972-600x385.jpeg 600w, https:\/\/images.winalist.com\/blog\/wp-content\/uploads\/2025\/04\/11032321\/adobestock-1137857972-768x493.jpeg 768w, https:\/\/images.winalist.com\/blog\/wp-content\/uploads\/2025\/04\/11032321\/adobestock-1137857972-1536x985.jpeg 1536w, https:\/\/images.winalist.com\/blog\/wp-content\/uploads\/2025\/04\/11032321\/adobestock-1137857972-1290x827.jpeg 1290w, https:\/\/images.winalist.com\/blog\/wp-content\/uploads\/2025\/04\/11032321\/adobestock-1137857972.jpeg 1684w\" sizes=\"(max-width: 1500px) 100vw, 1500px\" \/><\/figure>\n\n\n\n<p class=\"wp-block-paragraph\">Encore peu connue, cette plage intimiste est un havre de paix. Bord\u00e9e de falaises ocres, elle est parfaite pour les amateurs de photographie et de tranquillit\u00e9. Son acc\u00e8s un peu plus difficile en fait un lieu calme, m\u00eame en \u00e9t\u00e9. Vous y entendrez surtout le bruit des vagues et des mouettes. Id\u00e9ale pour une baignade dans un cadre sauvage.<\/p>\n\n\n\n<h3 class=\"wp-block-heading\">Passez l\u2019apr\u00e8s-midi \u00e0 la Praia do Carvalhal<\/h3>\n\n\n\n<figure class=\"wp-block-image alignwide size-large\"><img loading=\"lazy\" decoding=\"async\" width=\"1500\" height=\"1000\" src=\"https:\/\/images.winalist.com\/blog\/wp-content\/uploads\/2025\/04\/11032359\/adobestock-751596676-1500x1000.jpeg\" alt=\"- - -\" class=\"wp-image-37488\" title=\"- - -\" srcset=\"https:\/\/images.winalist.com\/blog\/wp-content\/uploads\/2025\/04\/11032359\/adobestock-751596676-1500x1000.jpeg 1500w, https:\/\/images.winalist.com\/blog\/wp-content\/uploads\/2025\/04\/11032359\/adobestock-751596676-600x400.jpeg 600w, https:\/\/images.winalist.com\/blog\/wp-content\/uploads\/2025\/04\/11032359\/adobestock-751596676-768x512.jpeg 768w, https:\/\/images.winalist.com\/blog\/wp-content\/uploads\/2025\/04\/11032359\/adobestock-751596676-1536x1024.jpeg 1536w, https:\/\/images.winalist.com\/blog\/wp-content\/uploads\/2025\/04\/11032359\/adobestock-751596676-1290x860.jpeg 1290w, https:\/\/images.winalist.com\/blog\/wp-content\/uploads\/2025\/04\/11032359\/adobestock-751596676.jpeg 1620w\" sizes=\"(max-width: 1500px) 100vw, 1500px\" \/><\/figure>\n\n\n\n<p class=\"wp-block-paragraph\">Cette plage vaste et facilement accessible est parfaite pour une sortie en famille. Vous y trouverez des zones surveill\u00e9es et des commodit\u00e9s \u00e0 proximit\u00e9. Son sable dor\u00e9 et ses eaux calmes la rendent tr\u00e8s agr\u00e9able. De nombreux locaux viennent y passer leurs week-ends. C\u2019est aussi un bon spot pour les jeux de plage et les promenades en bord de mer.<\/p>\n\n\n\n<h3 class=\"wp-block-heading\">Assistez \u00e0 un concert ou festival en \u00e9t\u00e9<\/h3>\n\n\n\n<figure class=\"wp-block-image alignwide size-large\"><img loading=\"lazy\" decoding=\"async\" width=\"1500\" height=\"631\" src=\"https:\/\/images.winalist.com\/blog\/wp-content\/uploads\/2025\/03\/29091204\/adobestock-214784332-1500x631.jpeg\" alt=\"- - -\" class=\"wp-image-36210\" title=\"- - -\" srcset=\"https:\/\/images.winalist.com\/blog\/wp-content\/uploads\/2025\/03\/29091204\/adobestock-214784332-1500x631.jpeg 1500w, https:\/\/images.winalist.com\/blog\/wp-content\/uploads\/2025\/03\/29091204\/adobestock-214784332-600x253.jpeg 600w, https:\/\/images.winalist.com\/blog\/wp-content\/uploads\/2025\/03\/29091204\/adobestock-214784332-768x323.jpeg 768w, https:\/\/images.winalist.com\/blog\/wp-content\/uploads\/2025\/03\/29091204\/adobestock-214784332-1536x646.jpeg 1536w, https:\/\/images.winalist.com\/blog\/wp-content\/uploads\/2025\/03\/29091204\/adobestock-214784332-1290x543.jpeg 1290w, https:\/\/images.winalist.com\/blog\/wp-content\/uploads\/2025\/03\/29091204\/adobestock-214784332.jpeg 1920w\" sizes=\"(max-width: 1500px) 100vw, 1500px\" \/><\/figure>\n\n\n\n<p class=\"wp-block-paragraph\">Zambujeira do Mar s\u2019anime pendant la belle saison avec des concerts et festivals en plein air. Le plus c\u00e9l\u00e8bre, le MEO Sudoeste, attire chaque ann\u00e9e des milliers de festivaliers. M\u00eame en dehors de cet \u00e9v\u00e9nement, des musiciens locaux jouent parfois sur la place centrale. C\u2019est l\u2019occasion de d\u00e9couvrir la culture portugaise dans une ambiance festive. Laissez-vous porter par la musique au coucher du soleil.<\/p>\n\n\n\n<h2 class=\"wp-block-heading\">Les meilleures choses \u00e0 faire autour de Zambujeira do Mar<\/h2>\n\n\n\n<h3 class=\"wp-block-heading\">Explorez les domaines de l\u2019Alentejo <\/h3>\n\n\n\n<figure class=\"wp-block-image alignwide size-large\"><img loading=\"lazy\" decoding=\"async\" width=\"1500\" height=\"759\" src=\"https:\/\/images.winalist.com\/blog\/wp-content\/uploads\/2025\/04\/11032808\/capture-decran-2025-04-02-032630-1-1500x759.jpg\" alt=\"- - -\" class=\"wp-image-37490\" title=\"- - -\" srcset=\"https:\/\/images.winalist.com\/blog\/wp-content\/uploads\/2025\/04\/11032808\/capture-decran-2025-04-02-032630-1-1500x759.jpg 1500w, https:\/\/images.winalist.com\/blog\/wp-content\/uploads\/2025\/04\/11032808\/capture-decran-2025-04-02-032630-1-600x304.jpg 600w, https:\/\/images.winalist.com\/blog\/wp-content\/uploads\/2025\/04\/11032808\/capture-decran-2025-04-02-032630-1-768x389.jpg 768w, https:\/\/images.winalist.com\/blog\/wp-content\/uploads\/2025\/04\/11032808\/capture-decran-2025-04-02-032630-1-1536x778.jpg 1536w, https:\/\/images.winalist.com\/blog\/wp-content\/uploads\/2025\/04\/11032808\/capture-decran-2025-04-02-032630-1-1290x653.jpg 1290w, https:\/\/images.winalist.com\/blog\/wp-content\/uploads\/2025\/04\/11032808\/capture-decran-2025-04-02-032630-1.jpg 1616w\" sizes=\"(max-width: 1500px) 100vw, 1500px\" \/><\/figure>\n\n\n\n<p class=\"wp-block-paragraph\">D\u00e9couvrez les tr\u00e9sors \u0153nologiques de la r\u00e9gion en suivant cette route embl\u00e9matique. Plusieurs domaines proposent des visites guid\u00e9es avec d\u00e9gustation. Vous en apprendrez plus sur les c\u00e9pages locaux comme l\u2019Aragon\u00eas ou le Trincadeira. C\u2019est aussi une belle fa\u00e7on d\u2019explorer l\u2019int\u00e9rieur des terres, entre vignes et oliveraies. Pr\u00e9voyez une demi-journ\u00e9e pour profiter pleinement de cette escapade. Winalist vous propose une s\u00e9lection des <a href=\"https:\/\/www.winalist.fr\/regions\/alentejo\">meilleurs domaines viticoles d&rsquo;Alentejo<\/a>. <\/p>\n\n\n\n<div id=\"winalist-partner-widget-ip58egyca4\" class=\"winalist-partner-widget\" data-utms=\"utm_source=blog&#038;utm_medium=blog&#038;utm_campaign=affiliatewidget\"><\/div>\n        <script type=\"application\/javascript\">\n          var winalistWidget = document.getElementById('winalist-partner-widget-ip58egyca4');\n          var i = document.createElement(\"iframe\");\n          i.style.border = \"none\";\n          i.style.width = \"100%\";\n          i.style.minHeight = \"550px\";i.setAttribute(\"src\", \"https:\/\/www.winalist.fr\/w\/embed?partner=14&type=experiences-slider&slider_type=location&region_id=61&locale=fr_FR&activity_id=any&display_title=yes\");\n          if(winalistWidget) winalistWidget.prepend(i);\n        <\/script>\n        <script type=\"application\/javascript\" src=\"https:\/\/cdn.winalist.com\/widget\/affiliate-widget-config.min.js\"><\/script>\n\n\n\n<h3 class=\"wp-block-heading\">Promenez-vous \u00e0 Aljezur<\/h3>\n\n\n\n<figure class=\"wp-block-image alignwide size-large\"><img loading=\"lazy\" decoding=\"async\" width=\"1500\" height=\"1000\" src=\"https:\/\/images.winalist.com\/blog\/wp-content\/uploads\/2025\/04\/10064752\/adobestock-793991359-1500x1000.jpeg\" alt=\"- - -\" class=\"wp-image-37407\" title=\"- - -\" srcset=\"https:\/\/images.winalist.com\/blog\/wp-content\/uploads\/2025\/04\/10064752\/adobestock-793991359-1500x1000.jpeg 1500w, https:\/\/images.winalist.com\/blog\/wp-content\/uploads\/2025\/04\/10064752\/adobestock-793991359-600x400.jpeg 600w, https:\/\/images.winalist.com\/blog\/wp-content\/uploads\/2025\/04\/10064752\/adobestock-793991359-768x512.jpeg 768w, https:\/\/images.winalist.com\/blog\/wp-content\/uploads\/2025\/04\/10064752\/adobestock-793991359-1536x1024.jpeg 1536w, https:\/\/images.winalist.com\/blog\/wp-content\/uploads\/2025\/04\/10064752\/adobestock-793991359-1290x860.jpeg 1290w, https:\/\/images.winalist.com\/blog\/wp-content\/uploads\/2025\/04\/10064752\/adobestock-793991359.jpeg 1620w\" sizes=\"(max-width: 1500px) 100vw, 1500px\" \/><\/figure>\n\n\n\n<p class=\"wp-block-paragraph\">Ce charmant village, \u00e0 une trentaine de minutes de route, vous plonge dans l\u2019histoire du Portugal. Domin\u00e9 par les ruines d\u2019un ch\u00e2teau maure, il offre des vues spectaculaires sur la vall\u00e9e. Ses ruelles pav\u00e9es et ses maisons blanches forment un d\u00e9cor de carte postale. Visitez aussi son march\u00e9 local, r\u00e9put\u00e9 pour ses produits frais. Un d\u00e9tour parfait pour une matin\u00e9e tranquille.<\/p>\n\n\n\n<p class=\"wp-block-paragraph\">D\u00e9couvrez notre guide pour <a href=\"https:\/\/www.winalist.fr\/blog\/portugal\/vignoble-de-lalgarve\/visiter-aljezur\">visiter Aljezur<\/a>. <\/p>\n\n\n\n<h3 class=\"wp-block-heading\">D\u00e9couvrez Odeceixe<\/h3>\n\n\n\n<figure class=\"wp-block-image alignwide size-large\"><img loading=\"lazy\" decoding=\"async\" width=\"1500\" height=\"999\" src=\"https:\/\/images.winalist.com\/blog\/wp-content\/uploads\/2025\/04\/10064618\/adobestock-496928496-1500x999.jpeg\" alt=\"- - -\" class=\"wp-image-37406\" title=\"- - -\" srcset=\"https:\/\/images.winalist.com\/blog\/wp-content\/uploads\/2025\/04\/10064618\/adobestock-496928496-1500x999.jpeg 1500w, https:\/\/images.winalist.com\/blog\/wp-content\/uploads\/2025\/04\/10064618\/adobestock-496928496-600x400.jpeg 600w, https:\/\/images.winalist.com\/blog\/wp-content\/uploads\/2025\/04\/10064618\/adobestock-496928496-768x512.jpeg 768w, https:\/\/images.winalist.com\/blog\/wp-content\/uploads\/2025\/04\/10064618\/adobestock-496928496-1536x1023.jpeg 1536w, https:\/\/images.winalist.com\/blog\/wp-content\/uploads\/2025\/04\/10064618\/adobestock-496928496-1290x859.jpeg 1290w, https:\/\/images.winalist.com\/blog\/wp-content\/uploads\/2025\/04\/10064618\/adobestock-496928496.jpeg 1621w\" sizes=\"(max-width: 1500px) 100vw, 1500px\" \/><\/figure>\n\n\n\n<p class=\"wp-block-paragraph\">\u00c0 la fronti\u00e8re entre l\u2019Alentejo et l\u2019Algarve, ce village est c\u00e9l\u00e8bre pour sa plage en forme de fer \u00e0 cheval. Le centre, typiquement portugais, est nich\u00e9 sur une colline. Il se visite facilement \u00e0 pied, entre fa\u00e7ades blanches et ruelles fleuries. La Praia de Odeceixe est id\u00e9ale pour la baignade ou le surf. Ne manquez pas le moulin \u00e0 vent qui surplombe le village.<\/p>\n\n\n\n<h3 class=\"wp-block-heading\">Parcourez les hauteurs du Cabo Sard\u00e3o<\/h3>\n\n\n\n<figure class=\"wp-block-image alignwide size-large\"><img loading=\"lazy\" decoding=\"async\" width=\"1500\" height=\"1000\" src=\"https:\/\/images.winalist.com\/blog\/wp-content\/uploads\/2025\/04\/11033055\/adobestock-741477033-1500x1000.jpeg\" alt=\"- - -\" class=\"wp-image-37491\" title=\"- - -\" srcset=\"https:\/\/images.winalist.com\/blog\/wp-content\/uploads\/2025\/04\/11033055\/adobestock-741477033-1500x1000.jpeg 1500w, https:\/\/images.winalist.com\/blog\/wp-content\/uploads\/2025\/04\/11033055\/adobestock-741477033-600x400.jpeg 600w, https:\/\/images.winalist.com\/blog\/wp-content\/uploads\/2025\/04\/11033055\/adobestock-741477033-768x512.jpeg 768w, https:\/\/images.winalist.com\/blog\/wp-content\/uploads\/2025\/04\/11033055\/adobestock-741477033-1536x1024.jpeg 1536w, https:\/\/images.winalist.com\/blog\/wp-content\/uploads\/2025\/04\/11033055\/adobestock-741477033-1290x860.jpeg 1290w, https:\/\/images.winalist.com\/blog\/wp-content\/uploads\/2025\/04\/11033055\/adobestock-741477033.jpeg 1620w\" sizes=\"(max-width: 1500px) 100vw, 1500px\" \/><\/figure>\n\n\n\n<p class=\"wp-block-paragraph\">\u00c0 seulement 20 minutes au nord de Zambujeira do Mar, le Cabo Sard\u00e3o offre un panorama unique sur les hautes falaises de la c\u00f4te. C\u2019est aussi un lieu pris\u00e9 pour observer la faune locale, notamment les cigognes blanches ayant \u00e9lu domicile sur les rochers. Cette zone prot\u00e9g\u00e9e de la costa vicentina est id\u00e9ale pour une balade en fin de journ\u00e9e, baign\u00e9e par la lumi\u00e8re dor\u00e9e du coucher du soleil.<\/p>\n\n\n\n<h3 class=\"wp-block-heading\">D\u00e9jeunez \u00e0 Odemira<\/h3>\n\n\n\n<figure class=\"wp-block-image alignwide size-large\"><img loading=\"lazy\" decoding=\"async\" width=\"1500\" height=\"1000\" src=\"https:\/\/images.winalist.com\/blog\/wp-content\/uploads\/2025\/03\/03133015\/adobestock-610973302-1500x1000.jpeg\" alt=\"- - -\" class=\"wp-image-36901\" title=\"- - -\" srcset=\"https:\/\/images.winalist.com\/blog\/wp-content\/uploads\/2025\/03\/03133015\/adobestock-610973302-1500x1000.jpeg 1500w, https:\/\/images.winalist.com\/blog\/wp-content\/uploads\/2025\/03\/03133015\/adobestock-610973302-600x400.jpeg 600w, https:\/\/images.winalist.com\/blog\/wp-content\/uploads\/2025\/03\/03133015\/adobestock-610973302-768x512.jpeg 768w, https:\/\/images.winalist.com\/blog\/wp-content\/uploads\/2025\/03\/03133015\/adobestock-610973302-1536x1024.jpeg 1536w, https:\/\/images.winalist.com\/blog\/wp-content\/uploads\/2025\/03\/03133015\/adobestock-610973302-1290x860.jpeg 1290w, https:\/\/images.winalist.com\/blog\/wp-content\/uploads\/2025\/03\/03133015\/adobestock-610973302.jpeg 1620w\" sizes=\"(max-width: 1500px) 100vw, 1500px\" \/><\/figure>\n\n\n\n<p class=\"wp-block-paragraph\">Odemira est une charmante ville situ\u00e9e \u00e0 30 minutes de route o\u00f9 vous pourrez y d\u00e9couvrir des b\u00e2tisses de schiste et profiter d&rsquo;une ambiance paisible. Elle offre un excellent emplacement pour une pause d\u00e9jeuner typique, notamment dans ses restaurants fr\u00e9quent\u00e9s par les locaux. C\u2019est aussi une \u00e9tape culturelle avec des activit\u00e9s artistiques et culturelles tout au long de l\u2019ann\u00e9e.<\/p>\n\n\n\n<h3 class=\"wp-block-heading\">Marchez dans le Parque Natural do Sudoeste Alentejano e Costa Vicentina<\/h3>\n\n\n\n<figure class=\"wp-block-image alignwide size-large\"><img loading=\"lazy\" decoding=\"async\" width=\"1500\" height=\"1000\" src=\"https:\/\/images.winalist.com\/blog\/wp-content\/uploads\/2025\/04\/11033719\/adobestock-425547060-1500x1000.jpeg\" alt=\"- - -\" class=\"wp-image-37493\" title=\"- - -\" srcset=\"https:\/\/images.winalist.com\/blog\/wp-content\/uploads\/2025\/04\/11033719\/adobestock-425547060-1500x1000.jpeg 1500w, https:\/\/images.winalist.com\/blog\/wp-content\/uploads\/2025\/04\/11033719\/adobestock-425547060-600x400.jpeg 600w, https:\/\/images.winalist.com\/blog\/wp-content\/uploads\/2025\/04\/11033719\/adobestock-425547060-768x512.jpeg 768w, https:\/\/images.winalist.com\/blog\/wp-content\/uploads\/2025\/04\/11033719\/adobestock-425547060-1536x1024.jpeg 1536w, https:\/\/images.winalist.com\/blog\/wp-content\/uploads\/2025\/04\/11033719\/adobestock-425547060-1290x860.jpeg 1290w, https:\/\/images.winalist.com\/blog\/wp-content\/uploads\/2025\/04\/11033719\/adobestock-425547060.jpeg 1620w\" sizes=\"(max-width: 1500px) 100vw, 1500px\" \/><\/figure>\n\n\n\n<p class=\"wp-block-paragraph\">Ce parc naturel pr\u00e9serv\u00e9 s\u2019\u00e9tend sur plus de 100 kilom\u00e8tres de c\u00f4tes sauvages. Il offre une grande diversit\u00e9 de paysages : falaises abruptes, dunes, zones humides. Les sentiers de randonn\u00e9e balis\u00e9s vous permettent de d\u00e9couvrir une faune et une flore uniques. C\u2019est aussi un lieu privil\u00e9gi\u00e9 pour l\u2019observation des oiseaux. Partez t\u00f4t pour profiter de la lumi\u00e8re dor\u00e9e du matin.<\/p>\n\n\n\n<h3 class=\"wp-block-heading\">Faites du cano\u00eb sur la rivi\u00e8re Mira (\u00e0 Vila Nova de Milfontes)<\/h3>\n\n\n\n<figure class=\"wp-block-image alignwide size-large\"><img loading=\"lazy\" decoding=\"async\" width=\"1500\" height=\"1000\" src=\"https:\/\/images.winalist.com\/blog\/wp-content\/uploads\/2025\/04\/11033514\/adobestock-343888332-1500x1000.jpeg\" alt=\"- - -\" class=\"wp-image-37492\" title=\"- - -\" srcset=\"https:\/\/images.winalist.com\/blog\/wp-content\/uploads\/2025\/04\/11033514\/adobestock-343888332-1500x1000.jpeg 1500w, https:\/\/images.winalist.com\/blog\/wp-content\/uploads\/2025\/04\/11033514\/adobestock-343888332-600x400.jpeg 600w, https:\/\/images.winalist.com\/blog\/wp-content\/uploads\/2025\/04\/11033514\/adobestock-343888332-768x512.jpeg 768w, https:\/\/images.winalist.com\/blog\/wp-content\/uploads\/2025\/04\/11033514\/adobestock-343888332-1536x1024.jpeg 1536w, https:\/\/images.winalist.com\/blog\/wp-content\/uploads\/2025\/04\/11033514\/adobestock-343888332-1290x860.jpeg 1290w, https:\/\/images.winalist.com\/blog\/wp-content\/uploads\/2025\/04\/11033514\/adobestock-343888332.jpeg 1620w\" sizes=\"(max-width: 1500px) 100vw, 1500px\" \/><\/figure>\n\n\n\n<p class=\"wp-block-paragraph\">\u00c0 environ 35 minutes de Zambujeira do Mar, cette activit\u00e9 vous offre une autre facette de la r\u00e9gion. Louez un cano\u00eb et partez explorer la rivi\u00e8re Mira, entre v\u00e9g\u00e9tation luxuriante et calme apaisant. L\u2019eau y est douce et praticable m\u00eame pour les d\u00e9butants. C\u2019est une belle fa\u00e7on de se ressourcer tout en bougeant. Parfait pour une escapade en couple ou en famille.<\/p>\n\n\n\n<h3 class=\"wp-block-heading\">P\u00e9dalez dans la Serra de Monchique<\/h3>\n\n\n\n<figure class=\"wp-block-image alignwide size-large\"><img loading=\"lazy\" decoding=\"async\" width=\"1500\" height=\"1000\" src=\"https:\/\/images.winalist.com\/blog\/wp-content\/uploads\/2025\/04\/11013145\/adobestock-535822333-1500x1000.jpeg\" alt=\"- - -\" class=\"wp-image-37476\" title=\"- - -\" srcset=\"https:\/\/images.winalist.com\/blog\/wp-content\/uploads\/2025\/04\/11013145\/adobestock-535822333-1500x1000.jpeg 1500w, https:\/\/images.winalist.com\/blog\/wp-content\/uploads\/2025\/04\/11013145\/adobestock-535822333-600x400.jpeg 600w, https:\/\/images.winalist.com\/blog\/wp-content\/uploads\/2025\/04\/11013145\/adobestock-535822333-768x512.jpeg 768w, https:\/\/images.winalist.com\/blog\/wp-content\/uploads\/2025\/04\/11013145\/adobestock-535822333-1536x1024.jpeg 1536w, https:\/\/images.winalist.com\/blog\/wp-content\/uploads\/2025\/04\/11013145\/adobestock-535822333-1290x860.jpeg 1290w, https:\/\/images.winalist.com\/blog\/wp-content\/uploads\/2025\/04\/11013145\/adobestock-535822333.jpeg 1620w\" sizes=\"(max-width: 1500px) 100vw, 1500px\" \/><\/figure>\n\n\n\n<p class=\"wp-block-paragraph\">\u00c0 environ 40 minutes en voiture, cette cha\u00eene de montagnes est un paradis pour les cyclistes. Les routes sinueuses traversent des paysages verdoyants et offrent des panoramas \u00e0 couper le souffle. Plusieurs parcours sont adapt\u00e9s aux diff\u00e9rents niveaux, du d\u00e9butant au confirm\u00e9. Vous croiserez peut-\u00eatre des sources thermales ou des points de vue peu connus. <\/p>\n\n\n\n<h2 class=\"wp-block-heading\">Bon \u00e0 savoir avant de visiter Zambujeira do Mar<\/h2>\n\n\n<div id=\"rank-math-faq\" class=\"rank-math-block\">\n<div class=\"rank-math-list \">\n<div id=\"faq-question-2345678910\" class=\"rank-math-list-item\">\n<h3 class=\"rank-math-question \">Que faire \u00e0 Zambujeira do Mar ?<\/h3>\n<div class=\"rank-math-answer \">\n\n<p>Zambujeira do Mar est une charmante station baln\u00e9aire sur la c\u00f4te ouest de l&rsquo;Alentejo portugais, id\u00e9ale pour les amoureux de la nature, de la tranquillit\u00e9 et de la mer. Voici quelques activit\u00e9s incontournables :<\/p>\n<ul>\n<li>Se d\u00e9tendre sur la plage principale Praia da Zambujeira \u2013 r\u00e9put\u00e9e pour ses falaises escarp\u00e9es et son sable dor\u00e9.<\/li>\n<li>Faire de la randonn\u00e9e sur la Rota Vicentina, un sentier c\u00f4tier spectaculaire avec des vues impressionnantes sur l&rsquo;oc\u00e9an Atlantique.<\/li>\n<li>Assister au Festival MEO Sudoeste en ao\u00fbt, un \u00e9v\u00e9nement musical majeur au Portugal.<\/li>\n<li>D\u00e9couvrir les plages secr\u00e8tes comme Praia do Carvalhal ou Praia dos Alteirinhos.<\/li>\n<li>Observer les oiseaux et la faune marine dans le parc naturel du Sud-Ouest Alentejano et Costa Vicentina.<\/li>\n<\/ul>\n\n<\/div>\n<\/div>\n<div id=\"faq-question-3456789012\" class=\"rank-math-list-item\">\n<h3 class=\"rank-math-question \">Est-ce que Zambujeira do Mar vaut le d\u00e9tour ?<\/h3>\n<div class=\"rank-math-answer \">\n\n<p>Absolument ! Zambujeira do Mar est un v\u00e9ritable joyau cach\u00e9 avec son atmosph\u00e8re paisible, ses maisons blanchies \u00e0 la chaux, ses plages sauvages et sa nature pr\u00e9serv\u00e9e. C\u2019est une destination de choix pour ceux qui cherchent l\u2019authenticit\u00e9 et la beaut\u00e9 brute du Portugal. Id\u00e9al pour se ressourcer loin de l&rsquo;agitation touristique des grandes villes.<\/p>\n\n<\/div>\n<\/div>\n<div id=\"faq-question-4567890123\" class=\"rank-math-list-item\">\n<h3 class=\"rank-math-question \">Quelle est la population de Zambujeira do Mar ?<\/h3>\n<div class=\"rank-math-answer \">\n\n<p>Zambujeira do Mar est un petit village c\u00f4tier qui fait partie de la municipalit\u00e9 d&rsquo;Odemira. Sa population permanente est d\u2019environ 900 habitants, mais ce chiffre peut fortement augmenter durant l\u2019\u00e9t\u00e9 en raison de l\u2019afflux touristique.<\/p>\n\n<\/div>\n<\/div>\n<div id=\"faq-question-5678901234\" class=\"rank-math-list-item\">\n<h3 class=\"rank-math-question \">Quels sont les meilleurs h\u00f4tels o\u00f9 s\u00e9journer \u00e0 Zambujeira do Mar ?<\/h3>\n<div class=\"rank-math-answer \">\n\n<p>Voici quelques h\u00e9bergements tr\u00e8s appr\u00e9ci\u00e9s \u00e0 Zambujeira do Mar, pour tous les budgets :<\/p>\n<li><strong><a href=\"https:\/\/www.booking.com\/hotel\/pt\/herdade-do-touril-de-baixo.fr.html?aid=311098&amp;label=hotel-39984-pt-XDD3KRJAU04OOR3729HstwS390959153642%3Apl%3Ata%3Ap1%3Ap2%3Aac%3Aap%3Aneg%3Afi%3Atikwd-56183666863%3Alp1006094%3Ali%3Adec%3Adm%3Appccp%3DUmFuZG9tSVYkc2RlIyh9YU5pXiVhsEsYvo03y-EPNDM&amp;sid=5334a3b2baea563c8063ff79c18cb58f&amp;age=0&amp;checkin=2025-09-15&amp;checkout=2025-09-16&amp;dest_id=-2180084&amp;dest_type=city&amp;dist=0&amp;group_adults=2&amp;group_children=0&amp;hapos=1&amp;hpos=1&amp;no_rooms=1&amp;req_adults=2&amp;req_children=0&amp;room1=A%2CA&amp;sb_price_type=total&amp;soh=1&amp;sr_order=popularity&amp;srepoch=1744333557&amp;srpvid=befc07b3c641040e&amp;type=total&amp;ucfs=1&amp;#no_availability_msg\" target=\"_blank\" rel=\"noopener\">Herdade do Touril<\/a><\/strong> \u2013 H\u00f4tel rural de charme avec piscine et vue sur la mer, style traditionnel de l\u2019Alentejo.<\/li>\n<p><\/p>\n<li><strong><a href=\"https:\/\/www.booking.com\/searchresults.fr.html?aid=311098&amp;label=hotel-39984-pt-XDD3KRJAU04OOR3729HstwS390959153642%3Apl%3Ata%3Ap1%3Ap2%3Aac%3Aap%3Aneg%3Afi%3Atikwd-56183666863%3Alp1006094%3Ali%3Adec%3Adm%3Appccp%3DUmFuZG9tSVYkc2RlIyh9YU5pXiVhsEsYvo03y-EPNDM&amp;sid=5334a3b2baea563c8063ff79c18cb58f&amp;checkin=2025-09-15&amp;checkout=2025-09-16&amp;dest_id=-2180084&amp;dest_type=city&amp;srpvid=befc07b3c641040e&amp;\" target=\"_blank\" rel=\"noopener\">Monte da Galrixa<\/a><\/strong> \u2013 Ferme \u00e9cologique avec h\u00e9bergements confortables et petit d\u00e9jeuner maison.<\/li>\n<p><\/p>\n<li><strong><a href=\"https:\/\/www.booking.com\/hotel\/pt\/casa-da-praia-zambujeira-do-mar.fr.html?aid=311098&amp;label=hotel-39984-pt-XDD3KRJAU04OOR3729HstwS390959153642%3Apl%3Ata%3Ap1%3Ap2%3Aac%3Aap%3Aneg%3Afi%3Atikwd-56183666863%3Alp1006094%3Ali%3Adec%3Adm%3Appccp%3DUmFuZG9tSVYkc2RlIyh9YU5pXiVhsEsYvo03y-EPNDM&amp;sid=5334a3b2baea563c8063ff79c18cb58f&amp;age=0&amp;all_sr_blocks=90519902_383011543_2_0_0_652494&amp;checkin=2025-09-15&amp;checkout=2025-09-16&amp;dest_id=-2180084&amp;dest_type=city&amp;dist=0&amp;group_adults=2&amp;group_children=0&amp;hapos=15&amp;highlighted_blocks=90519902_383011543_2_0_0_652494&amp;hpos=15&amp;matching_block_id=90519902_383011543_2_0_0_652494&amp;no_rooms=1&amp;req_adults=2&amp;req_children=0&amp;room1=A%2CA&amp;sb_price_type=total&amp;sr_order=popularity&amp;sr_pri_blocks=90519902_383011543_2_0_0_652494_9775&amp;srepoch=1744333590&amp;srpvid=befc07b3c641040e&amp;type=total&amp;ucfs=1&amp;\" target=\"_blank\" rel=\"noopener\">Casa da Praia<\/a><\/strong> \u2013 Maison d\u2019h\u00f4tes accueillante et typique, \u00e0 seulement deux pas de la plage principale.<\/li>\n\n<\/div>\n<\/div>\n<div id=\"faq-question-6789012345\" class=\"rank-math-list-item\">\n<h3 class=\"rank-math-question \">Quels sont les meilleurs restaurants pour go\u00fbter la cuisine locale \u00e0 Zambujeira do Mar ?<\/h3>\n<div class=\"rank-math-answer \">\n\n<p>La gastronomie de Zambujeira do Mar est typique de l&rsquo;Alentejo, avec une forte influence de la mer. Voici quelques adresses \u00e0 ne pas manquer :<\/p>\n<ul>\n<li><strong>Azenha do Mar<\/strong> \u2013 Sp\u00e9cialit\u00e9s de fruits de mer et vue imprenable sur l\u2019oc\u00e9an.<\/li>\n<li><strong>O Sacas<\/strong> \u2013 Restaurant traditionnel r\u00e9put\u00e9 pour sa cataplana de poisson et ses moules \u00e0 la marini\u00e8re.<\/li>\n<li><strong>Rita<\/strong> \u2013 Cuisine simple mais savoureuse, avec d\u2019excellents poissons grill\u00e9s.<\/li>\n<li><strong>Marisqueira Costa Alentejana<\/strong> \u2013 Pour les amateurs de fruits de mer frais, en toute convivialit\u00e9.<\/li>\n<li><strong>Restaurante Mira Mar<\/strong> \u2013 Situ\u00e9 face \u00e0 l\u2019oc\u00e9an, id\u00e9al pour un repas au coucher du soleil.<\/li>\n<\/ul>\n\n<\/div>\n<\/div>\n<div id=\"faq-question-7890123456\" class=\"rank-math-list-item\">\n<h3 class=\"rank-math-question \">Quelle est la meilleure p\u00e9riode pour visiter Zambujeira do Mar ?<\/h3>\n<div class=\"rank-math-answer \">\n\n<p>La meilleure p\u00e9riode pour visiter Zambujeira do Mar s&rsquo;\u00e9tend de mai \u00e0 septembre. Durant l&rsquo;\u00e9t\u00e9 (juillet-ao\u00fbt), le climat est chaud et sec, parfait pour la plage, mais aussi plus fr\u00e9quent\u00e9. En mai, juin et septembre, vous profiterez d\u2019un temps cl\u00e9ment et de moins de touristes, ce qui rend l\u2019exp\u00e9rience encore plus agr\u00e9able.<\/p>\n\n<\/div>\n<\/div>\n<div id=\"faq-question-8901234567\" class=\"rank-math-list-item\">\n<h3 class=\"rank-math-question \">Comment se rendre \u00e0 Zambujeira do Mar ?<\/h3>\n<div class=\"rank-math-answer \">\n\n<p>Le village est situ\u00e9 \u00e0 environ 1h30 de route de Faro et \u00e0 2h45 de Lisbonne. Vous pouvez y acc\u00e9der :<\/p>\n<ul>\n<li>En voiture via l\u2019autoroute A2 puis par la nationale N120.<\/li>\n<li>En bus avec Rede Expressos depuis Lisbonne ou Lagos, avec un arr\u00eat \u00e0 Zambujeira do Mar.<\/li>\n<\/ul>\n<p>Il est recommand\u00e9 de louer une voiture pour explorer la r\u00e9gion librement.<\/p>\n\n<\/div>\n<\/div>\n<div id=\"faq-question-9012345678\" class=\"rank-math-list-item\">\n<h3 class=\"rank-math-question \">Quelles sont les plus belles plages aux alentours de Zambujeira do Mar ?<\/h3>\n<div class=\"rank-math-answer \">\n\n<p>Outre Praia da Zambujeira, la r\u00e9gion offre plusieurs plages magnifiques :<\/p>\n<ul>\n<li><strong>Praia dos Alteirinhos<\/strong> \u2013 Id\u00e9ale pour ceux qui cherchent la tranquillit\u00e9.<\/li>\n<li><strong>Praia do Carvalhal<\/strong> \u2013 Une plage plus vaste \u00e0 l\u2019atmosph\u00e8re sauvage.<\/li>\n<li><strong>Praia da Nossa Senhora<\/strong> \u2013 Petite crique adorable \u00e0 explorer \u00e0 mar\u00e9e basse.<\/li>\n<\/ul>\n\n<\/div>\n<\/div>\n<div id=\"faq-question-0123456789\" class=\"rank-math-list-item\">\n<h3 class=\"rank-math-question \">Zambujeira do Mar est-elle adapt\u00e9e aux familles ?<\/h3>\n<div class=\"rank-math-answer \">\n\n<p>Oui, Zambujeira do Mar est une destination parfaite pour les familles : ses plages ont des eaux calmes et peu profondes (selon la mar\u00e9e), les rues du village sont s\u00fbres, et il y a de nombreuses activit\u00e9s en plein air comme la randonn\u00e9e, le v\u00e9lo et les balades \u00e0 cheval. C\u2019est l\u2019endroit r\u00eav\u00e9 pour des vacances en nature, loin du tourisme de masse.<\/p>\n\n<\/div>\n<\/div>\n<div id=\"faq-question-1234567891\" class=\"rank-math-list-item\">\n<h3 class=\"rank-math-question \">Y a-t-il des \u00e9v\u00e9nements culturels ou festivals \u00e0 Zambujeira do Mar ?<\/h3>\n<div class=\"rank-math-answer \">\n\n<p>Oui, le plus c\u00e9l\u00e8bre est le <strong>Festival MEO Sudoeste<\/strong>, qui a lieu chaque ann\u00e9e en \u00e9t\u00e9 (g\u00e9n\u00e9ralement en ao\u00fbt). C\u2019est l\u2019un des plus grands festivals de musique du pays, attirant des artistes internationaux et des milliers de spectateurs. En dehors de cela, il existe aussi de petites festivit\u00e9s locales, notamment des f\u00eates religieuses et des march\u00e9s artisanaux pendant la saison estivale.<\/p>\n\n<\/div>\n<\/div>\n<\/div>\n<\/div>","protected":false},"excerpt":{"rendered":"<p>Au sud-ouest du Portugal, Zambujeira do Mar est un petit village c\u00f4tier qui semble suspendu entre terre et mer. Bord\u00e9 par l\u2019oc\u00e9an Atlantique, il attire chaque ann\u00e9e les voyageurs en qu\u00eate de paysages pr\u00e9serv\u00e9s et de tranquillit\u00e9. Cette destination, encore \u00e0 l\u2019\u00e9cart des grands circuits touristiques, s\u00e9duit par sa douceur de vivre et ses panoramas &hellip; <\/p>\n","protected":false},"author":12,"featured_media":37482,"comment_status":"open","ping_status":"closed","sticky":false,"template":"","format":"standard","meta":{"_acf_changed":false,"_eb_attr":"","_tripp_layout":"","winalist_lat":"","winalist_lng":"","winalist_map_hide":"","_tripp_review":[],"_tripp_coupon":[],"footnotes":""},"categories":[1026],"tags":[6629,6633,2821,7402,7405,3155,2824,6741,2338,2823,7243,7251,5798,2330,3127,1227,3130,1126,2819,2893,2856,2820],"destination":[],"class_list":["post-36920","post","type-post","status-publish","format-standard","has-post-thumbnail","hentry","category-alentejo","tag-alentejo-2","tag-alentejo-wine-region-2","tag-costa-vicentina","tag-detente","tag-escapade-portugaise-2","tag-fruits-de-mer","tag-gastronomie-portugaise","tag-guide-de-voyage","tag-nature","tag-observation-dauphins","tag-observation-oiseaux","tag-odeceixe","tag-plage","tag-plages","tag-plages-portugal","tag-portugal-2","tag-randonnee-portugal","tag-route-des-vins","tag-surf-portugal","tag-tourisme-rural","tag-vins-portugais","tag-voyage-portugal","entry"],"acf":{"winalist_tldr_title":"","winalist_tldr_time":"","winalist_tldr_top":"","winalist_tldr_budget":"","winalist_tldr_period":"","winalist_tldr_transport":"","winalist_tldr_custom":null,"winalist_tldr_cta_text":"","winalist_tldr_cta_url":"","winalist_tips_enabled":true,"winalist_tips_list":null},"_links":{"self":[{"href":"https:\/\/www.winalist.fr\/blog\/wp-json\/wp\/v2\/posts\/36920","targetHints":{"allow":["GET"]}}],"collection":[{"href":"https:\/\/www.winalist.fr\/blog\/wp-json\/wp\/v2\/posts"}],"about":[{"href":"https:\/\/www.winalist.fr\/blog\/wp-json\/wp\/v2\/types\/post"}],"author":[{"embeddable":true,"href":"https:\/\/www.winalist.fr\/blog\/wp-json\/wp\/v2\/users\/12"}],"replies":[{"embeddable":true,"href":"https:\/\/www.winalist.fr\/blog\/wp-json\/wp\/v2\/comments?post=36920"}],"version-history":[{"count":2,"href":"https:\/\/www.winalist.fr\/blog\/wp-json\/wp\/v2\/posts\/36920\/revisions"}],"predecessor-version":[{"id":60759,"href":"https:\/\/www.winalist.fr\/blog\/wp-json\/wp\/v2\/posts\/36920\/revisions\/60759"}],"wp:featuredmedia":[{"embeddable":true,"href":"https:\/\/www.winalist.fr\/blog\/wp-json\/wp\/v2\/media\/37482"}],"wp:attachment":[{"href":"https:\/\/www.winalist.fr\/blog\/wp-json\/wp\/v2\/media?parent=36920"}],"wp:term":[{"taxonomy":"category","embeddable":true,"href":"https:\/\/www.winalist.fr\/blog\/wp-json\/wp\/v2\/categories?post=36920"},{"taxonomy":"post_tag","embeddable":true,"href":"https:\/\/www.winalist.fr\/blog\/wp-json\/wp\/v2\/tags?post=36920"},{"taxonomy":"destination","embeddable":true,"href":"https:\/\/www.winalist.fr\/blog\/wp-json\/wp\/v2\/destination?post=36920"}],"curies":[{"name":"wp","href":"https:\/\/api.w.org\/{rel}","templated":true}]}}