{"id":33780,"date":"2025-02-04T10:42:34","date_gmt":"2025-02-04T09:42:34","guid":{"rendered":"https:\/\/demo.winalist.fr\/blog?p=33780"},"modified":"2025-09-23T16:43:21","modified_gmt":"2025-09-23T14:43:21","slug":"roadtrip-portugal","status":"publish","type":"post","link":"https:\/\/www.winalist.fr\/blog\/portugal\/roadtrip-portugal","title":{"rendered":"Road Trip au Portugal : 10 Jours Inoubliables du Nord au Sud"},"content":{"rendered":"\n<p class=\"wp-block-paragraph\">Partez \u00e0 l&rsquo;aventure lors d&rsquo;un <strong>road trip au Portugal<\/strong> et d\u00e9couvrez le pays sous un angle unique ! Que vous pr\u00e9voyiez <strong>un road trip<\/strong> en van am\u00e9nag\u00e9 ou un voyage en voiture pour une semaine compl\u00e8te, ce guide complet \u00e9crit par notre \u00e9quipe locale sur place, vous permettra d&rsquo;organiser votre itin\u00e9raire et de profiter d&rsquo;un s\u00e9jour m\u00e9morable. Pr\u00e9parez-vous \u00e0 vivre l&rsquo;exp\u00e9rience authentique du Portugal, un pays o\u00f9 se m\u00ealent traditions, gastronomie, et des panoramas \u00e0 couper le souffle le long de l&rsquo;Oc\u00e9an Atlantique. Des ruelles pittoresques de <strong>Lisbonne<\/strong> aux panoramas modernes de <strong>Porto<\/strong>, en passant par Faro dans le sud du Portugal et la station baln\u00e9aire de <strong>Tavira<\/strong>, cet itin\u00e9raire vous conduira du nord au sud du pays, d\u00e9voilant des plages de sable, des falaises spectaculaires et des villages typiques. <\/p>\n\n\n\n<p class=\"wp-block-paragraph\"><\/p>\n\n\n\n<h2 class=\"wp-block-heading\">Pr\u00e9parer son Road Trip au Portugal<\/h2>\n\n\n\n<h3 class=\"wp-block-heading\">Quelle voiture louer au Portugal ? <\/h3>\n\n\n\n<p class=\"wp-block-paragraph\">Si vous pr\u00e9voyez de visiter principalement les grandes villes comme Porto, Lisbonne ou Faro, une citadine ou une compacte sera id\u00e9ale. Facile \u00e0 garer et plus \u00e9conomique en carburant, elle permet de circuler ais\u00e9ment dans les rues parfois \u00e9troites des centres historiques. En revanche, si vous souhaitez explorer quelques contr\u00e9es plus vallonn\u00e9es comme la vall\u00e9e du Douro, un SUV ou un crossover offrira plus de confort et de stabilit\u00e9 sur les routes sinueuses. <a href=\"https:\/\/www.discovercars.com\/portugal?code=travelpayouts&amp;gad_source=1&amp;gclid=Cj0KCQiAkoe9BhDYARIsAH85cDPDW13av79xZ_XM4umI0VFWOmDDOT9cJ1z6DxPGbQIJ1nfKxiVHE_UaAl57EALw_wcB&amp;keyword=discover+car+rental+portugal&amp;network=g&amp;tpsub_id=3dea0be93c2e4e43bdbb60c98-132667\" target=\"_blank\" rel=\"noopener\">Cliquez ici pour obtenir nos tarifs pr\u00e9f\u00e9rentiels<\/a>.<\/p>\n\n\n\n<h3 class=\"wp-block-heading\">O\u00f9 louer votre voiture au Portugal ?<\/h3>\n\n\n\n<p class=\"wp-block-paragraph\">Vous pouvez opter pour louer votre voiture \u00e0 l&rsquo;a\u00e9roport et la garder lors de vos visites des grandes villes. Il n&rsquo;est pas tr\u00e8s compliqu\u00e9 ni tr\u00e8s co\u00fbteux de se garer dans les villes comme Porto ou Lisbonne, vous pourrez trouver des parkings publics ou bien m\u00eame vous garer dans la rue avec un peu de chance.<\/p>\n\n\n\n<p class=\"wp-block-paragraph\">L&rsquo;autre option est de prendre un taxi vers le centre-ville depuis l&rsquo;a\u00e9roport puis de louer votre voiture par la suite, une fois votre visite de la ville termin\u00e9e. Sachez simplement qu&rsquo;il sera plus int\u00e9ressant financi\u00e8rement de louer votre voiture \u00e0 l&rsquo;a\u00e9roport. Mais, le prix des taxis \u00e9tant bon march\u00e9, vous pourrez facilement retourner \u00e0 l&rsquo;a\u00e9roport une fois votre visite de la ville effectu\u00e9e pour r\u00e9cup\u00e9rer votre v\u00e9hicule, c&rsquo;est une solution qui vous \u00e9vitera de devoir conduire et vous garer \u00e0 Porto.<\/p>\n\n\n\n<h3 class=\"wp-block-heading\">Pourquoi faire un road trip au Portugal ?<\/h3>\n\n\n\n<ul class=\"wp-block-list\">\n<li><strong>Un road trip au Portugal<\/strong> offre une libert\u00e9 in\u00e9gal\u00e9e pour explorer des paysages divers allant des plages de l&rsquo;oc\u00e9an Atlantique aux villages authentiques de l&rsquo;int\u00e9rieur du pays. Avec le Portugal comme toile de fond, vous pouvez choisir d&rsquo;organiser votre voyage en van, en voiture ou m\u00eame en camping car, afin de profiter de <strong>l&rsquo;itin\u00e9raire<\/strong> parfaitement adapt\u00e9 \u00e0 vos envies.<\/li>\n\n\n\n<li>Le charme du Portugal se r\u00e9v\u00e8le dans sa capacit\u00e9 \u00e0 m\u00ealer modernit\u00e9 et tradition dans des villes embl\u00e9matiques telles que <strong>Lisbonne<\/strong>, <strong>Porto<\/strong> et <strong>Faro<\/strong>. Que vous soyez amateur de surf, de randonn\u00e9es p\u00e9destres ou d&rsquo;une simple balade dans les centres historiques, le Portugal vous offre des exp\u00e9riences vari\u00e9es \u00e0 chaque \u00e9tape de votre road trip.<\/li>\n<\/ul>\n\n\n\n<p class=\"wp-block-paragraph\"><\/p>\n\n\n\n<h3 class=\"wp-block-heading\">Quelle est la dur\u00e9e id\u00e9ale pour un Road Trip au Portugal ?<\/h3>\n\n\n\n<p class=\"wp-block-paragraph\">Si vous pr\u00e9voyez <strong>10 jours au Portugal<\/strong>, alors nous vous conseillons de commencer votre p\u00e9riple dans le nord, avec Porto, une ville o\u00f9 se m\u00ealent histoire et modernit\u00e9. Vous pourrez ensuite, explorer la vall\u00e9e du Douro et rejoindre Lisbonne en passant par Nazar\u00e9 et Coimbra !<\/p>\n\n\n\n<p class=\"wp-block-paragraph\">Si vous disposez de <strong>15 jours ou plus au Portugal<\/strong>, vous pourrez explorer l&rsquo;essentiel en vous concentrant sur les spots incontournables comme Porto, Lisbonne, Sintra, et m\u00eame passer plusieurs jours en <strong>Algarve<\/strong>, \u00e0 <strong>Faro<\/strong>, pour profiter de la plage.<\/p>\n\n\n\n<p class=\"wp-block-paragraph\">N&rsquo;h\u00e9sitez pas \u00e0 adapter votre itin\u00e9raire en fonction de vos envies !<\/p>\n\n\n\n<h2 class=\"wp-block-heading\">Carte pour un parfait road trip au Portugal<\/h2>\n\n\n\n<p class=\"wp-block-paragraph\">D\u00e9couvrez ci-dessous notre carte interactive avec les diff\u00e9rents itin\u00e9raires conseill\u00e9s pour visiter le Portugal du Nord au Sud. Vous pouvez l&rsquo;importer sur votre Google maps et conserver un acc\u00e8s rapide aux plus beaux villages \u00e0 visiter sans oublier les vignobles \u00e0 d\u00e9couvrir sur la route !<\/p>\n\n\n\n<p class=\"wp-block-paragraph\"><\/p>\n\n\n\n<iframe src=\"https:\/\/www.google.com\/maps\/d\/embed?mid=1lbX8MhSBL0REyQJvqogF4q8bokGZRLk&#038;ehbc=2E312&#038;noprof=1\" width=\"840\" height=\"880\"><\/iframe>\n\n\n\n<h2 class=\"wp-block-heading\">Notre itin\u00e9raire du Nord au Sud<\/h2>\n\n\n\n<p class=\"wp-block-paragraph\">Cet itin\u00e9raire a \u00e9t\u00e9 con\u00e7u par notre \u00e9quipe locale et native du Portugal. Il vous permettra de d\u00e9couvrir le Portugal en profondeur. Chaque ville \u2013 Lisbonne, Porto, Faro, Sintra et m\u00eame la vall\u00e9e du Douro \u2013 r\u00e9v\u00e8le une facette unique de ce pays aux multiples ambiances. Entre traditions et innovations, entre art, vin, fado et nature, un road trip au Portugal est une aventure o\u00f9 le charme typique des paysages c\u00f4tiers se m\u00eale \u00e0 la modernit\u00e9 des infrastructures. Partez donc en road trip au Portugal et laissez-vous guider par la passion d&rsquo;un voyage authentique au c\u0153ur de l&rsquo;Europe.<\/p>\n\n\n\n<h3 class=\"wp-block-heading\">Porto <\/h3>\n\n\n\n<figure class=\"wp-block-image alignwide size-large\"><img fetchpriority=\"high\" decoding=\"async\" width=\"1500\" height=\"1000\" src=\"https:\/\/images.winalist.com\/blog\/wp-content\/uploads\/2023\/06\/26110037\/AdobeStock_79650880-1-1500x1000.jpeg\" alt=\"- - -\" class=\"wp-image-27961\" title=\"- - -\" srcset=\"https:\/\/images.winalist.com\/blog\/wp-content\/uploads\/2023\/06\/26110037\/AdobeStock_79650880-1-1500x1000.jpeg 1500w, https:\/\/images.winalist.com\/blog\/wp-content\/uploads\/2023\/06\/26110037\/AdobeStock_79650880-1-600x400.jpeg 600w, https:\/\/images.winalist.com\/blog\/wp-content\/uploads\/2023\/06\/26110037\/AdobeStock_79650880-1-768x512.jpeg 768w, https:\/\/images.winalist.com\/blog\/wp-content\/uploads\/2023\/06\/26110037\/AdobeStock_79650880-1-1536x1024.jpeg 1536w, https:\/\/images.winalist.com\/blog\/wp-content\/uploads\/2023\/06\/26110037\/AdobeStock_79650880-1-1290x860.jpeg 1290w, https:\/\/images.winalist.com\/blog\/wp-content\/uploads\/2023\/06\/26110037\/AdobeStock_79650880-1.jpeg 1620w\" sizes=\"(max-width: 1500px) 100vw, 1500px\" \/><\/figure>\n\n\n\n<p class=\"wp-block-paragraph\"><strong>Porto<\/strong> se distingue par son architecture unique, ses ruelles \u00e9troites et sa librairie Lello, embl\u00e8me de l&rsquo;Europe culturelle. La ville de Porto offre un m\u00e9lange d&rsquo;histoire, de vin renomm\u00e9 et de traditions portugaises qui r\u00e9sonnent au rythme du fado. Ne manquez pas notre guide d\u00e9di\u00e9 pour savoir <a href=\"https:\/\/www.winalist.fr\/blog\/portugal\/vignoble-du-douro\/que-faire-a-porto-week-end\">que faire \u00e0 Porto<\/a>. <\/p>\n\n\n\n<p class=\"wp-block-paragraph\">Prenez quelques jours (2-3 jours) pour d\u00e9couvrir la ville, o\u00f9 se m\u00ealent patrimoine historique et modernit\u00e9 et profitez en pour organiser une <a href=\"https:\/\/www.winalist.fr\/cities\/porto\">visite de cave de Porto<\/a> que vous pourrez r\u00e9server facilement parmi notre s\u00e9lection des meilleurs lieux \u00e0 visiter.<\/p>\n\n\n\n<div id=\"winalist-partner-widget-zkrvuqrv2ur\" class=\"winalist-partner-widget\" data-utms=\"utm_source=blog&#038;utm_medium=blog&#038;utm_campaign=affiliatewidget\"><\/div>\n        <script type=\"application\/javascript\">\n          var winalistWidget = document.getElementById('winalist-partner-widget-zkrvuqrv2ur');\n          var i = document.createElement(\"iframe\");\n          i.style.border = \"none\";\n          i.style.width = \"100%\";\n          i.style.minHeight = \"550px\";i.setAttribute(\"src\", \"https:\/\/www.winalist.fr\/w\/embed?partner=14&type=experiences-slider&slider_type=location&city_id=228&locale=fr_FR&activity_id=7&display_title=yes\");\n          if(winalistWidget) winalistWidget.prepend(i);\n        <\/script>\n        <script type=\"application\/javascript\" src=\"https:\/\/cdn.winalist.com\/widget\/affiliate-widget-config.min.js\"><\/script>\n\n\n\n<p class=\"wp-block-paragraph\"><\/p>\n\n\n\n<h3 class=\"wp-block-heading\">Vall\u00e9e du Douro<\/h3>\n\n\n\n<figure class=\"wp-block-image alignwide size-large\"><img decoding=\"async\" width=\"1500\" height=\"1001\" src=\"https:\/\/images.winalist.com\/blog\/wp-content\/uploads\/2024\/02\/26114506\/AdobeStock_106808196-1500x1001.jpeg\" alt=\"- - -\" class=\"wp-image-27974\" title=\"- - -\" srcset=\"https:\/\/images.winalist.com\/blog\/wp-content\/uploads\/2024\/02\/26114506\/AdobeStock_106808196-1500x1001.jpeg 1500w, https:\/\/images.winalist.com\/blog\/wp-content\/uploads\/2024\/02\/26114506\/AdobeStock_106808196-600x400.jpeg 600w, https:\/\/images.winalist.com\/blog\/wp-content\/uploads\/2024\/02\/26114506\/AdobeStock_106808196-768x513.jpeg 768w, https:\/\/images.winalist.com\/blog\/wp-content\/uploads\/2024\/02\/26114506\/AdobeStock_106808196-1536x1025.jpeg 1536w, https:\/\/images.winalist.com\/blog\/wp-content\/uploads\/2024\/02\/26114506\/AdobeStock_106808196-1290x861.jpeg 1290w, https:\/\/images.winalist.com\/blog\/wp-content\/uploads\/2024\/02\/26114506\/AdobeStock_106808196.jpeg 1618w\" sizes=\"(max-width: 1500px) 100vw, 1500px\" \/><\/figure>\n\n\n\n<p class=\"wp-block-paragraph\">Situ\u00e9e \u00e0 environ 1h de Porto, une visite de la r\u00e9gion ne pourra \u00eatre compl\u00e8te si vous ne d\u00e9couvrez pas le paysage en perp\u00e9tuel mouvement de la Vall\u00e9e du Douro. Si vous ne disposez pas de beaucoup de temps, sachez que vous pouvez partir le matin vers la ville de <strong>Pinh\u00e3o<\/strong> que vous pouvez rejoindre en 1h30 via la route nationale pour profiter du panorama, visiter un vignoble en fin de matin\u00e9e, peut \u00eatre un autre dans l&rsquo;apr\u00e8s-midi et rentrer vers Porto par l&rsquo;autoroute le soir.<\/p>\n\n\n\n<p class=\"wp-block-paragraph\">Id\u00e9alement, prenez quelques jours pour d\u00e9couvrir la vall\u00e9e, vous balader dans le vignoble et pourquoi pas dormir dans une Quinta (domaine viticole) ou un hotel surplombant le fameux fleuve du Douro. Pour planifier votre halte dans cette r\u00e9gion, d\u00e9couvrez notre guide pour <a href=\"https:\/\/www.winalist.fr\/blog\/portugal\/que-voir-dans-la-vallee-du-douro\">visiter la vall\u00e9e du Douro<\/a> ! Ne manquez pas non plus les meilleurs <a href=\"https:\/\/www.winalist.fr\/regions\/vallee-du-douro\">vignobles de la vall\u00e9e du Douro<\/a> \u00e0 visiter.<\/p>\n\n\n\n<p class=\"wp-block-paragraph\"><\/p>\n\n\n\n<div id=\"winalist-partner-widget-mjharxmdyss\" class=\"winalist-partner-widget\" data-utms=\"utm_source=blog&#038;utm_medium=blog&#038;utm_campaign=affiliatewidget\"><\/div>\n        <script type=\"application\/javascript\">\n          var winalistWidget = document.getElementById('winalist-partner-widget-mjharxmdyss');\n          var i = document.createElement(\"iframe\");\n          i.style.border = \"none\";\n          i.style.width = \"100%\";\n          i.style.minHeight = \"550px\";i.setAttribute(\"src\", \"https:\/\/www.winalist.fr\/w\/embed?partner=14&type=experiences-slider&slider_type=location&region_id=54&locale=fr_FR&activity_id=any&display_title=yes\");\n          if(winalistWidget) winalistWidget.prepend(i);\n        <\/script>\n        <script type=\"application\/javascript\" src=\"https:\/\/cdn.winalist.com\/widget\/affiliate-widget-config.min.js\"><\/script>\n\n\n\n<p class=\"wp-block-paragraph\"><\/p>\n\n\n\n<h3 class=\"wp-block-heading\">Aveiro<\/h3>\n\n\n\n<figure class=\"wp-block-image alignwide size-large\"><img decoding=\"async\" width=\"1500\" height=\"801\" src=\"https:\/\/images.winalist.com\/blog\/wp-content\/uploads\/2025\/02\/04132128\/adobestock-255187724-1-1500x801.jpeg\" alt=\"- - -\" class=\"wp-image-33808\" title=\"- - -\" srcset=\"https:\/\/images.winalist.com\/blog\/wp-content\/uploads\/2025\/02\/04132128\/adobestock-255187724-1-1500x801.jpeg 1500w, https:\/\/images.winalist.com\/blog\/wp-content\/uploads\/2025\/02\/04132128\/adobestock-255187724-1-600x320.jpeg 600w, https:\/\/images.winalist.com\/blog\/wp-content\/uploads\/2025\/02\/04132128\/adobestock-255187724-1-768x410.jpeg 768w, https:\/\/images.winalist.com\/blog\/wp-content\/uploads\/2025\/02\/04132128\/adobestock-255187724-1-1536x820.jpeg 1536w, https:\/\/images.winalist.com\/blog\/wp-content\/uploads\/2025\/02\/04132128\/adobestock-255187724-1-1290x689.jpeg 1290w, https:\/\/images.winalist.com\/blog\/wp-content\/uploads\/2025\/02\/04132128\/adobestock-255187724-1.jpeg 1920w\" sizes=\"(max-width: 1500px) 100vw, 1500px\" \/><\/figure>\n\n\n\n<p class=\"wp-block-paragraph\">Surnomm\u00e9e la \u00ab <em>Venise du Portugal<\/em> \u00bb, <a href=\"https:\/\/www.winalist.fr\/blog\/portugal\/vignoble-de-beira-atlantique\/visiter-aveiro\">Aveiro<\/a> charme par ses canaux pittoresques et ses maisons aux couleurs vives. Laissez-vous s\u00e9duire par l\u2019atmosph\u00e8re romantique et d\u00e9contract\u00e9e de cette ville unique.<\/p>\n\n\n\n<p class=\"wp-block-paragraph\">Ne manquez pas de naviguer en <em>moliceiro<\/em> (le bateau local) sur les canaux pour d\u00e9couvrir ses tr\u00e9sors cach\u00e9s et ses ponts charmants. Laissez la douceur de vivre d\u2019Aveiro vous envelopper pour une parenth\u00e8se enchant\u00e9e.<\/p>\n\n\n\n<p class=\"wp-block-paragraph\">Continuez votre route vers le sud et faites une petite halte vers Mealhada, pour visiter le domaine Messias qui vous proposera une d\u00e9gustation de vins effervescents de la r\u00e9gion. De quoi d\u00e9couvrir un peu plus le terroir local.<\/p>\n\n\n\n<div id=\"winalist-partner-widget-lyqa8992cj\" class=\"winalist-partner-widget\" data-host-id=\"1636\" data-host-slug=\"messias\" data-host-name=\"Messias\" data-utms=\"utm_source=blog&#038;utm_medium=blog&#038;utm_campaign=affiliatewidget\"><\/div>\n        <script type=\"application\/javascript\">\n          var winalistWidget = document.getElementById('winalist-partner-widget-lyqa8992cj');\n          var i = document.createElement(\"iframe\");\n          i.style.border = \"none\";\n          i.style.width = \"100%\";\n          i.style.minHeight = \"550px\";i.setAttribute(\"src\", \"https:\/\/www.winalist.fr\/w\/embed?partner=14&type=experiences-slider&slider_type=host&host_id=1636&locale=fr_FR&activity_id=any&display_title=yes\");\n          if(winalistWidget) winalistWidget.prepend(i);\n        <\/script>\n        <script type=\"application\/javascript\" src=\"https:\/\/cdn.winalist.com\/widget\/affiliate-widget-config.min.js\"><\/script>\n\n\n\n<h3 class=\"wp-block-heading\">Coimbra<\/h3>\n\n\n\n<figure class=\"wp-block-image alignwide size-large\"><img loading=\"lazy\" decoding=\"async\" width=\"1500\" height=\"1001\" src=\"https:\/\/images.winalist.com\/blog\/wp-content\/uploads\/2025\/02\/04101905\/adobestock-180165776-1500x1001.jpeg\" alt=\"- - -\" class=\"wp-image-33785\" title=\"- - -\" srcset=\"https:\/\/images.winalist.com\/blog\/wp-content\/uploads\/2025\/02\/04101905\/adobestock-180165776-1500x1001.jpeg 1500w, https:\/\/images.winalist.com\/blog\/wp-content\/uploads\/2025\/02\/04101905\/adobestock-180165776-600x400.jpeg 600w, https:\/\/images.winalist.com\/blog\/wp-content\/uploads\/2025\/02\/04101905\/adobestock-180165776-768x513.jpeg 768w, https:\/\/images.winalist.com\/blog\/wp-content\/uploads\/2025\/02\/04101905\/adobestock-180165776-1536x1025.jpeg 1536w, https:\/\/images.winalist.com\/blog\/wp-content\/uploads\/2025\/02\/04101905\/adobestock-180165776-1290x861.jpeg 1290w, https:\/\/images.winalist.com\/blog\/wp-content\/uploads\/2025\/02\/04101905\/adobestock-180165776.jpeg 1618w\" sizes=\"(max-width: 1500px) 100vw, 1500px\" \/><\/figure>\n\n\n\n<p class=\"wp-block-paragraph\">Vous arriverez ensuite \u00e0 Coimbra, o\u00f9 la tradition universitaire se m\u00eale \u00e0 une ambiance vibrante. En effet, c&rsquo;est dans cette ville que se trouve l&rsquo;Universit\u00e9 de Coimbra, la plus ancienne universit\u00e9 du Portugal, et l&rsquo;une des plus anciennes universit\u00e9s d&rsquo;Europe, fond\u00e9e en 1290 par le roi Denis Ier (Dinis en Portugais). Fl\u00e2nez dans ses rues anciennes et laissez-vous inspirer par le charme de cette ville intemporelle. Laissez-vous surprendre par ses biblioth\u00e8ques historiques et ses l\u00e9gendes mill\u00e9naires qui habitent chaque pierre. Ne manquez pas notre guide pour <a href=\"https:\/\/www.winalist.fr\/blog\/portugal\/vignoble-de-beira-atlantique\/visiter-coimbra\">visiter Coimbra<\/a>.<\/p>\n\n\n\n<h3 class=\"wp-block-heading\">Figueira da Foz<\/h3>\n\n\n\n<figure class=\"wp-block-image alignwide size-full\"><img loading=\"lazy\" decoding=\"async\" width=\"1619\" height=\"1080\" src=\"https:\/\/images.winalist.com\/blog\/wp-content\/uploads\/2025\/03\/23062204\/adobestock-902541846-1.jpeg\" alt=\"que faire \u00e0 figueira da foz\" class=\"wp-image-35534\" title=\"- - -\" srcset=\"https:\/\/images.winalist.com\/blog\/wp-content\/uploads\/2025\/03\/23062204\/adobestock-902541846-1.jpeg 1619w, https:\/\/images.winalist.com\/blog\/wp-content\/uploads\/2025\/03\/23062204\/adobestock-902541846-1-600x400.jpeg 600w, https:\/\/images.winalist.com\/blog\/wp-content\/uploads\/2025\/03\/23062204\/adobestock-902541846-1-1500x1001.jpeg 1500w, https:\/\/images.winalist.com\/blog\/wp-content\/uploads\/2025\/03\/23062204\/adobestock-902541846-1-768x512.jpeg 768w, https:\/\/images.winalist.com\/blog\/wp-content\/uploads\/2025\/03\/23062204\/adobestock-902541846-1-1536x1025.jpeg 1536w, https:\/\/images.winalist.com\/blog\/wp-content\/uploads\/2025\/03\/23062204\/adobestock-902541846-1-1290x861.jpeg 1290w\" sizes=\"(max-width: 1619px) 100vw, 1619px\" \/><figcaption class=\"wp-element-caption\">Evening in Buarcos, civil parish of Figueira da Foz city, Coimbra District of Portugal. High quality photo<\/figcaption><\/figure>\n\n\n\n<p class=\"wp-block-paragraph\">Poursuivez et offrez-vous une pause baln\u00e9aire \u00e0 <strong><a href=\"https:\/\/www.winalist.fr\/blog\/portugal\/vignoble-de-beira-atlantique\/que-faire-figueira-da-foz\">Figueira da Foz<\/a><\/strong>, r\u00e9put\u00e9e pour ses vastes plages et ses spots de surf. C\u2019est l\u2019endroit id\u00e9al pour se d\u00e9tendre face \u00e0 l\u2019oc\u00e9an et profiter de l\u2019air marin vivifiant.<\/p>\n\n\n\n<p class=\"wp-block-paragraph\">Profitez des longues promenades sur le sable dor\u00e9 et des couchers de soleil spectaculaires. L\u2019ambiance d\u00e9contract\u00e9e de cette ville c\u00f4ti\u00e8re vous fera oublier le tumulte du quotidien.<\/p>\n\n\n\n<p class=\"wp-block-paragraph\"><\/p>\n\n\n\n<h3 class=\"wp-block-heading\">Leiria<\/h3>\n\n\n\n<figure class=\"wp-block-image alignwide size-large\"><img loading=\"lazy\" decoding=\"async\" width=\"1500\" height=\"1000\" src=\"https:\/\/images.winalist.com\/blog\/wp-content\/uploads\/2025\/02\/04132625\/adobestock-838514115-1500x1000.jpeg\" alt=\"- - -\" class=\"wp-image-33810\" title=\"- - -\" srcset=\"https:\/\/images.winalist.com\/blog\/wp-content\/uploads\/2025\/02\/04132625\/adobestock-838514115-1500x1000.jpeg 1500w, https:\/\/images.winalist.com\/blog\/wp-content\/uploads\/2025\/02\/04132625\/adobestock-838514115-600x400.jpeg 600w, https:\/\/images.winalist.com\/blog\/wp-content\/uploads\/2025\/02\/04132625\/adobestock-838514115-768x512.jpeg 768w, https:\/\/images.winalist.com\/blog\/wp-content\/uploads\/2025\/02\/04132625\/adobestock-838514115-1536x1024.jpeg 1536w, https:\/\/images.winalist.com\/blog\/wp-content\/uploads\/2025\/02\/04132625\/adobestock-838514115-1290x860.jpeg 1290w, https:\/\/images.winalist.com\/blog\/wp-content\/uploads\/2025\/02\/04132625\/adobestock-838514115.jpeg 1620w\" sizes=\"(max-width: 1500px) 100vw, 1500px\" \/><\/figure>\n\n\n\n<p class=\"wp-block-paragraph\"><\/p>\n\n\n\n<p class=\"wp-block-paragraph\">D\u00e9couvrez <a href=\"https:\/\/www.winalist.fr\/blog\/portugal\/vignoble-de-beira-atlantique\/visiter-leiria\" data-type=\"link\" data-id=\"https:\/\/www.winalist.fr\/blog\/portugal\/vignoble-de-beira-atlantique\/visiter-leiria\">Leiria<\/a>, une ville o\u00f9 l\u2019histoire se lit \u00e0 travers ses ruelles et son imposant ch\u00e2teau. Son ambiance conviviale et authentique en fait une escale parfaite pour explorer le c\u0153ur m\u00e9di\u00e9val du Portugal. Laissez-vous surprendre par la richesse de son patrimoine et par la beaut\u00e9 de ses monuments historiques. La ville offre un m\u00e9lange harmonieux entre traditions ancestrales et modernit\u00e9 discr\u00e8te.<\/p>\n\n\n\n<p class=\"wp-block-paragraph\"><\/p>\n\n\n\n<h3 class=\"wp-block-heading\">Nazar\u00e9<\/h3>\n\n\n\n<figure class=\"wp-block-image alignwide size-large\"><img loading=\"lazy\" decoding=\"async\" width=\"1500\" height=\"1007\" src=\"https:\/\/images.winalist.com\/blog\/wp-content\/uploads\/2025\/02\/04103950\/adobestock-633888195-1500x1007.jpeg\" alt=\"- - -\" class=\"wp-image-33789\" title=\"- - -\" srcset=\"https:\/\/images.winalist.com\/blog\/wp-content\/uploads\/2025\/02\/04103950\/adobestock-633888195-1500x1007.jpeg 1500w, https:\/\/images.winalist.com\/blog\/wp-content\/uploads\/2025\/02\/04103950\/adobestock-633888195-600x403.jpeg 600w, https:\/\/images.winalist.com\/blog\/wp-content\/uploads\/2025\/02\/04103950\/adobestock-633888195-768x516.jpeg 768w, https:\/\/images.winalist.com\/blog\/wp-content\/uploads\/2025\/02\/04103950\/adobestock-633888195-1536x1032.jpeg 1536w, https:\/\/images.winalist.com\/blog\/wp-content\/uploads\/2025\/02\/04103950\/adobestock-633888195-1290x866.jpeg 1290w, https:\/\/images.winalist.com\/blog\/wp-content\/uploads\/2025\/02\/04103950\/adobestock-633888195.jpeg 1608w\" sizes=\"(max-width: 1500px) 100vw, 1500px\" \/><\/figure>\n\n\n\n<p class=\"wp-block-paragraph\"><\/p>\n\n\n\n<p class=\"wp-block-paragraph\">Si vous aimez les sports de glisse et plus particuli\u00e8rement le surf, alors faites un l\u00e9ger d\u00e9tour par Nazar\u00e9. C\u00e9l\u00e8bre pour ses vagues g\u00e9antes et son ambiance de village de p\u00eacheurs. Ici, la nature impressionnante se conjugue avec la tradition locale pour offrir une exp\u00e9rience \u00e0 la fois spectaculaire et authentique. . <\/p>\n\n\n\n<p class=\"wp-block-paragraph\">Observez les surfeurs d\u00e9fier l\u2019oc\u00e9an depuis les hauteurs pour une perspective unique sur ces ph\u00e9nom\u00e8nes naturels. C&rsquo;est ici que, chaque ann\u00e9e, quelques courageux tentent de surfer sur des vagues g\u00e9antes de plus de 25m de haut !<\/p>\n\n\n\n<p class=\"wp-block-paragraph\">Pour planifier votre halte dans cette cit\u00e9 c\u00f4ti\u00e8re, ne manquez pas notre article sur <a href=\"https:\/\/www.winalist.fr\/blog\/portugal\/vignoble-de-lisbonne\/que-faire-nazare\">que faire \u00e0 Nazar\u00e9<\/a>.<\/p>\n\n\n\n<p class=\"wp-block-paragraph\"><\/p>\n\n\n\n<h3 class=\"wp-block-heading\">\u00d3bidos<\/h3>\n\n\n\n<figure class=\"wp-block-image alignwide size-large\"><img loading=\"lazy\" decoding=\"async\" width=\"1500\" height=\"939\" src=\"https:\/\/images.winalist.com\/blog\/wp-content\/uploads\/2025\/02\/04132705\/adobestock-101875788-1500x939.jpeg\" alt=\"- - -\" class=\"wp-image-33811\" title=\"- - -\" srcset=\"https:\/\/images.winalist.com\/blog\/wp-content\/uploads\/2025\/02\/04132705\/adobestock-101875788-1500x939.jpeg 1500w, https:\/\/images.winalist.com\/blog\/wp-content\/uploads\/2025\/02\/04132705\/adobestock-101875788-600x376.jpeg 600w, https:\/\/images.winalist.com\/blog\/wp-content\/uploads\/2025\/02\/04132705\/adobestock-101875788-768x481.jpeg 768w, https:\/\/images.winalist.com\/blog\/wp-content\/uploads\/2025\/02\/04132705\/adobestock-101875788-1536x962.jpeg 1536w, https:\/\/images.winalist.com\/blog\/wp-content\/uploads\/2025\/02\/04132705\/adobestock-101875788-1290x808.jpeg 1290w, https:\/\/images.winalist.com\/blog\/wp-content\/uploads\/2025\/02\/04132705\/adobestock-101875788.jpeg 1725w\" sizes=\"(max-width: 1500px) 100vw, 1500px\" \/><\/figure>\n\n\n\n<p class=\"wp-block-paragraph\"><a href=\"https:\/\/www.winalist.fr\/blog\/portugal\/vignoble-de-lisbonne\/visiter-obidos\">Visiter <strong>\u00d3bidos<\/strong><\/a>, c&rsquo;est faire un saut dans le pass\u00e9, dans un v\u00e9ritable joyau m\u00e9di\u00e9val entour\u00e9 de remparts. Ses ruelles \u00e9troites et ses maisons blanchies \u00e0 la chaux vous feront vivre un conte de f\u00e9es le temps d\u2019une balade.<\/p>\n\n\n\n<p class=\"wp-block-paragraph\">Admirez la vue panoramique depuis ses remparts tout en vous impr\u00e9gnant de son atmosph\u00e8re l\u00e9gendaire. Chaque coin de cette ville raconte une histoire fascinante, rendant votre visite m\u00e9morable.<\/p>\n\n\n\n<h3 class=\"wp-block-heading\">Peniche<\/h3>\n\n\n\n<figure class=\"wp-block-image alignwide size-large\"><img loading=\"lazy\" decoding=\"async\" width=\"1500\" height=\"999\" src=\"https:\/\/images.winalist.com\/blog\/wp-content\/uploads\/2025\/02\/04132832\/adobestock-692602073-1500x999.jpeg\" alt=\"- - -\" class=\"wp-image-33812\" title=\"- - -\" srcset=\"https:\/\/images.winalist.com\/blog\/wp-content\/uploads\/2025\/02\/04132832\/adobestock-692602073-1500x999.jpeg 1500w, https:\/\/images.winalist.com\/blog\/wp-content\/uploads\/2025\/02\/04132832\/adobestock-692602073-600x400.jpeg 600w, https:\/\/images.winalist.com\/blog\/wp-content\/uploads\/2025\/02\/04132832\/adobestock-692602073-768x512.jpeg 768w, https:\/\/images.winalist.com\/blog\/wp-content\/uploads\/2025\/02\/04132832\/adobestock-692602073-1536x1023.jpeg 1536w, https:\/\/images.winalist.com\/blog\/wp-content\/uploads\/2025\/02\/04132832\/adobestock-692602073-1290x859.jpeg 1290w, https:\/\/images.winalist.com\/blog\/wp-content\/uploads\/2025\/02\/04132832\/adobestock-692602073.jpeg 1621w\" sizes=\"(max-width: 1500px) 100vw, 1500px\" \/><\/figure>\n\n\n\n<p class=\"wp-block-paragraph\">Si vous \u00eates amateurs de plages pr\u00e9serv\u00e9es, <strong>Peniche<\/strong> est une halte incontournable. Ses c\u00f4tes sauvages et ses spots de surf de renomm\u00e9e mondiale t\u00e9moignent de la richesse du littoral portugais.<\/p>\n\n\n\n<p class=\"wp-block-paragraph\">Laissez-vous inspirer par le charme authentique d\u2019un village de p\u00eacheurs. L\u2019\u00e9nergie de la mer et la beaut\u00e9 brute des paysages vous garantiront une exp\u00e9rience inoubliable.<\/p>\n\n\n\n<p class=\"wp-block-paragraph\">Continuez votre p\u00e9riple vers le Sud et si vous le souhaitez, faites une pause \u00e0 Torres Vedras. Cette ville est une destination souvent m\u00e9connue du Portugal, mais qui m\u00e9rite largement le d\u00e9tour. Situ\u00e9e \u00e0 environ 50 kilom\u00e8tres au nord de Lisbonne, cette ville allie patrimoine historique, paysages naturels et traditions viticoles. Elle est notamment connue pour son ch\u00e2teau m\u00e9di\u00e9val, qui offre une vue panoramique sur la ville et ses environs. La r\u00e9gion est \u00e9galement l\u2019un des plus grands terroirs viticoles du Portugal. Torres Vedras fait partie de la prestigieuse appellation <strong>Lisboa DOC<\/strong> et produit d\u2019excellents vins, notamment des blancs frais et fruit\u00e9s ainsi que des rouges \u00e9l\u00e9gants. De nombreuses quintas (domaines viticoles) vous accueilleront pour des d\u00e9gustations et des visites des caves, ne manquez pas la s\u00e9lection Winalist des meilleures exp\u00e9riences \u0153nologiques pr\u00e8s de Torres V\u00e9dras.<\/p>\n\n\n\n<div id=\"winalist-partner-widget-rgblxj7xesr\" class=\"winalist-partner-widget\" data-utms=\"utm_source=blog&#038;utm_medium=blog&#038;utm_campaign=affiliatewidget\"><\/div>\n        <script type=\"application\/javascript\">\n          var winalistWidget = document.getElementById('winalist-partner-widget-rgblxj7xesr');\n          var i = document.createElement(\"iframe\");\n          i.style.border = \"none\";\n          i.style.width = \"100%\";\n          i.style.minHeight = \"550px\";i.setAttribute(\"src\", \"https:\/\/www.winalist.fr\/w\/embed?partner=14&type=experiences-slider&slider_type=location&appellation_id=330&locale=fr_FR&activity_id=any&display_title=yes\");\n          if(winalistWidget) winalistWidget.prepend(i);\n        <\/script>\n        <script type=\"application\/javascript\" src=\"https:\/\/cdn.winalist.com\/widget\/affiliate-widget-config.min.js\"><\/script>\n\n\n\n<h3 class=\"wp-block-heading\">Ericeira<\/h3>\n\n\n\n<figure class=\"wp-block-image alignwide size-large\"><img loading=\"lazy\" decoding=\"async\" width=\"1500\" height=\"844\" src=\"https:\/\/images.winalist.com\/blog\/wp-content\/uploads\/2025\/02\/04133106\/adobestock-516146907-1500x844.jpeg\" alt=\"- - -\" class=\"wp-image-33813\" title=\"- - -\" srcset=\"https:\/\/images.winalist.com\/blog\/wp-content\/uploads\/2025\/02\/04133106\/adobestock-516146907-1500x844.jpeg 1500w, https:\/\/images.winalist.com\/blog\/wp-content\/uploads\/2025\/02\/04133106\/adobestock-516146907-600x338.jpeg 600w, https:\/\/images.winalist.com\/blog\/wp-content\/uploads\/2025\/02\/04133106\/adobestock-516146907-768x432.jpeg 768w, https:\/\/images.winalist.com\/blog\/wp-content\/uploads\/2025\/02\/04133106\/adobestock-516146907-1536x864.jpeg 1536w, https:\/\/images.winalist.com\/blog\/wp-content\/uploads\/2025\/02\/04133106\/adobestock-516146907-1290x726.jpeg 1290w, https:\/\/images.winalist.com\/blog\/wp-content\/uploads\/2025\/02\/04133106\/adobestock-516146907.jpeg 1920w\" sizes=\"(max-width: 1500px) 100vw, 1500px\" \/><\/figure>\n\n\n\n<p class=\"wp-block-paragraph\">Si vous souhaitez passer une nuit sur la c\u00f4te, alors <strong><a href=\"https:\/\/www.winalist.fr\/blog\/portugal\/vignoble-de-lisbonne\/visiter-ericeira\">Ericeira<\/a><\/strong> est une bonne option. Ancien village de p\u00eacheurs devenu temple du surf, cette ville de petite taille, saura vous s\u00e9duire par son ambiance d\u00e9contract\u00e9e et ses falaises impressionnantes. Une \u00e9tape id\u00e9ale pour m\u00ealer d\u00e9couvertes culturelles et activit\u00e9s nautiques.<br>Fl\u00e2nez dans ses ruelles authentiques, admirez les vagues \u00e0 Praia dos Pescadores et impr\u00e9gnez-vous de la passion du surf qui anime ses habitants. La ville offre un parfait \u00e9quilibre entre tradition maritime et modernit\u00e9 sportive.<\/p>\n\n\n\n<h3 class=\"wp-block-heading\">Azenhas do Mar<\/h3>\n\n\n\n<figure class=\"wp-block-image alignwide size-large\"><img loading=\"lazy\" decoding=\"async\" width=\"1500\" height=\"999\" src=\"https:\/\/images.winalist.com\/blog\/wp-content\/uploads\/2025\/02\/04133121\/adobestock-271670793-1500x999.jpeg\" alt=\"- - -\" class=\"wp-image-33814\" title=\"- - -\" srcset=\"https:\/\/images.winalist.com\/blog\/wp-content\/uploads\/2025\/02\/04133121\/adobestock-271670793-1500x999.jpeg 1500w, https:\/\/images.winalist.com\/blog\/wp-content\/uploads\/2025\/02\/04133121\/adobestock-271670793-600x400.jpeg 600w, https:\/\/images.winalist.com\/blog\/wp-content\/uploads\/2025\/02\/04133121\/adobestock-271670793-768x511.jpeg 768w, https:\/\/images.winalist.com\/blog\/wp-content\/uploads\/2025\/02\/04133121\/adobestock-271670793-1536x1023.jpeg 1536w, https:\/\/images.winalist.com\/blog\/wp-content\/uploads\/2025\/02\/04133121\/adobestock-271670793-1290x859.jpeg 1290w, https:\/\/images.winalist.com\/blog\/wp-content\/uploads\/2025\/02\/04133121\/adobestock-271670793.jpeg 1622w\" sizes=\"(max-width: 1500px) 100vw, 1500px\" \/><\/figure>\n\n\n\n<p class=\"wp-block-paragraph\">A 30 minutes au sud, <strong><a href=\"https:\/\/www.winalist.fr\/blog\/portugal\/vignoble-de-lisbonne\/visiter-azenhas-do-mar\">Azenhas do Mar<\/a><\/strong> est le spot parfait pour vous ressourcer. Ce village perch\u00e9 sur des falaises escarp\u00e9es, vous offrira un panorama saisissant sur l\u2019oc\u00e9an Atlantique. Ses maisons blanches et ses ruelles pittoresques \u00e9voquent un havre de paix authentique et po\u00e9tique.<\/p>\n\n\n\n<p class=\"wp-block-paragraph\">Laissez-vous envo\u00fbter par le bruit apaisant des vagues qui se brisent contre les rochers et profitez d&rsquo;un coucher de soleil inoubliable, symbole parfait de la douceur de vivre portugaise.<\/p>\n\n\n\n<h3 class=\"wp-block-heading\">Sintra <\/h3>\n\n\n\n<figure class=\"wp-block-image alignwide size-large\"><img loading=\"lazy\" decoding=\"async\" width=\"1500\" height=\"844\" src=\"https:\/\/images.winalist.com\/blog\/wp-content\/uploads\/2024\/03\/05130354\/AdobeStock_249625618-1500x844.jpeg\" alt=\"- - -\" class=\"wp-image-28139\" title=\"- - -\" srcset=\"https:\/\/images.winalist.com\/blog\/wp-content\/uploads\/2024\/03\/05130354\/AdobeStock_249625618-1500x844.jpeg 1500w, https:\/\/images.winalist.com\/blog\/wp-content\/uploads\/2024\/03\/05130354\/AdobeStock_249625618-600x338.jpeg 600w, https:\/\/images.winalist.com\/blog\/wp-content\/uploads\/2024\/03\/05130354\/AdobeStock_249625618-768x432.jpeg 768w, https:\/\/images.winalist.com\/blog\/wp-content\/uploads\/2024\/03\/05130354\/AdobeStock_249625618-1536x864.jpeg 1536w, https:\/\/images.winalist.com\/blog\/wp-content\/uploads\/2024\/03\/05130354\/AdobeStock_249625618-1290x726.jpeg 1290w, https:\/\/images.winalist.com\/blog\/wp-content\/uploads\/2024\/03\/05130354\/AdobeStock_249625618.jpeg 1920w\" sizes=\"(max-width: 1500px) 100vw, 1500px\" \/><\/figure>\n\n\n\n<p class=\"wp-block-paragraph\">Avant-derni\u00e8re \u00e9tape avant d&rsquo;atteindre la capitale portugaise, laissez-vous enchanter par <strong>Sintra<\/strong>, o\u00f9 palais l\u00e9gendaires et jardins luxuriants se fondent dans un d\u00e9cor f\u00e9erique. Chaque coin de rue raconte une histoire de romantisme et de grandeur, rendant votre visite absolument magique.<br>Explorez les myst\u00e8res des sentiers escarp\u00e9s et des palais aux couleurs chatoyantes qui ponctuent le paysage. La magie de Sintra op\u00e8re \u00e0 chaque d\u00e9tour, vous invitant \u00e0 r\u00eaver et \u00e0 vous \u00e9merveiller. D\u00e9couvrez sans plus attendre notre guide pour <a href=\"https:\/\/www.winalist.fr\/blog\/portugal\/vignoble-de-lisbonne\/visiter-sintra\">visiter Sintra<\/a> et ne rien manquer.<\/p>\n\n\n\n<h3 class=\"wp-block-heading\">Cascais<\/h3>\n\n\n\n<figure class=\"wp-block-image alignwide size-large\"><img loading=\"lazy\" decoding=\"async\" width=\"1500\" height=\"1000\" src=\"https:\/\/images.winalist.com\/blog\/wp-content\/uploads\/2025\/02\/04133401\/adobestock-97336836-1500x1000.jpeg\" alt=\"- - -\" class=\"wp-image-33817\" title=\"- - -\" srcset=\"https:\/\/images.winalist.com\/blog\/wp-content\/uploads\/2025\/02\/04133401\/adobestock-97336836-1500x1000.jpeg 1500w, https:\/\/images.winalist.com\/blog\/wp-content\/uploads\/2025\/02\/04133401\/adobestock-97336836-600x400.jpeg 600w, https:\/\/images.winalist.com\/blog\/wp-content\/uploads\/2025\/02\/04133401\/adobestock-97336836-768x512.jpeg 768w, https:\/\/images.winalist.com\/blog\/wp-content\/uploads\/2025\/02\/04133401\/adobestock-97336836-1536x1024.jpeg 1536w, https:\/\/images.winalist.com\/blog\/wp-content\/uploads\/2025\/02\/04133401\/adobestock-97336836-1290x860.jpeg 1290w, https:\/\/images.winalist.com\/blog\/wp-content\/uploads\/2025\/02\/04133401\/adobestock-97336836.jpeg 1620w\" sizes=\"(max-width: 1500px) 100vw, 1500px\" \/><\/figure>\n\n\n\n<p class=\"wp-block-paragraph\">\u00c0 <strong>Cascais<\/strong>, l\u2019\u00e9l\u00e9gance c\u00f4ti\u00e8re se m\u00eale \u00e0 l\u2019authenticit\u00e9 d\u2019un village de bord de mer. Ses plages, ses ruelles anim\u00e9es et sa vie culturelle vibrante en font un arr\u00eat raffin\u00e9 et relaxant.<br>Profitez des caf\u00e9s en bord de mer et des march\u00e9s locaux qui dynamisent la ville. Cascais offre une atmosph\u00e8re chaleureuse et sophistiqu\u00e9e, id\u00e9ale pour une escapade baln\u00e9aire. D\u00e9couvrez notre guide sur <a href=\"https:\/\/www.winalist.fr\/blog\/portugal\/vignoble-de-lisbonne\/visiter-cascais\">que faire a Cascais<\/a>.<\/p>\n\n\n\n<h3 class=\"wp-block-heading\">Lisbonne<\/h3>\n\n\n\n<figure class=\"wp-block-image alignwide size-large\"><img loading=\"lazy\" decoding=\"async\" width=\"1500\" height=\"842\" src=\"https:\/\/images.winalist.com\/blog\/wp-content\/uploads\/2024\/02\/21122356\/AdobeStock_382180612-1500x842.jpeg\" alt=\"- - -\" class=\"wp-image-27855\" title=\"- - -\" srcset=\"https:\/\/images.winalist.com\/blog\/wp-content\/uploads\/2024\/02\/21122356\/AdobeStock_382180612-1500x842.jpeg 1500w, https:\/\/images.winalist.com\/blog\/wp-content\/uploads\/2024\/02\/21122356\/AdobeStock_382180612-600x337.jpeg 600w, https:\/\/images.winalist.com\/blog\/wp-content\/uploads\/2024\/02\/21122356\/AdobeStock_382180612-768x431.jpeg 768w, https:\/\/images.winalist.com\/blog\/wp-content\/uploads\/2024\/02\/21122356\/AdobeStock_382180612-1536x862.jpeg 1536w, https:\/\/images.winalist.com\/blog\/wp-content\/uploads\/2024\/02\/21122356\/AdobeStock_382180612-1290x724.jpeg 1290w, https:\/\/images.winalist.com\/blog\/wp-content\/uploads\/2024\/02\/21122356\/AdobeStock_382180612.jpeg 1920w\" sizes=\"(max-width: 1500px) 100vw, 1500px\" \/><\/figure>\n\n\n\n<p class=\"wp-block-paragraph\">Vous voil\u00e0 arriv\u00e9s \u00e0 <strong>Lisbonne<\/strong>, la ville incontournable de votre road trip au Portugal. Certains diront que Porto est plus charmante, d&rsquo;autres pr\u00e9f\u00e8reront l&rsquo;effervescence de la capitale Portugaise, \u00e0 vous de vous faire votre propre opinion. Pr\u00e9voyez 2-3 jours sur place, entre ses quartiers historiques, le Bairro Alto anim\u00e9 et la tour de Bel\u00e9m, la ville des sept collines offre une immersion compl\u00e8te dans l&rsquo;\u00e2me du Portugal. Profitez de la modernit\u00e9 m\u00eal\u00e9e aux vestiges du pass\u00e9 pour faire un v\u00e9ritable voyage dans le temps. Ne manquez pas notre guide \u00ab\u00a0<a href=\"https:\/\/www.winalist.fr\/blog\/portugal\/vignoble-de-lisbonne\/visiter-lisbonne\">que faire \u00e0 Lisbonne<\/a>\u00a0\u00bb et d\u00e9couvrir tout ce que cette ville a \u00e0 vous offrir.<\/p>\n\n\n\n<h3 class=\"wp-block-heading\">Set\u00fabal<\/h3>\n\n\n\n<figure class=\"wp-block-image alignwide size-large\"><img loading=\"lazy\" decoding=\"async\" width=\"1500\" height=\"1000\" src=\"https:\/\/images.winalist.com\/blog\/wp-content\/uploads\/2025\/02\/04133358\/adobestock-797559717-1500x1000.jpeg\" alt=\"- - -\" class=\"wp-image-33816\" title=\"- - -\" srcset=\"https:\/\/images.winalist.com\/blog\/wp-content\/uploads\/2025\/02\/04133358\/adobestock-797559717-1500x1000.jpeg 1500w, https:\/\/images.winalist.com\/blog\/wp-content\/uploads\/2025\/02\/04133358\/adobestock-797559717-600x400.jpeg 600w, https:\/\/images.winalist.com\/blog\/wp-content\/uploads\/2025\/02\/04133358\/adobestock-797559717-768x512.jpeg 768w, https:\/\/images.winalist.com\/blog\/wp-content\/uploads\/2025\/02\/04133358\/adobestock-797559717-1536x1024.jpeg 1536w, https:\/\/images.winalist.com\/blog\/wp-content\/uploads\/2025\/02\/04133358\/adobestock-797559717-1290x860.jpeg 1290w, https:\/\/images.winalist.com\/blog\/wp-content\/uploads\/2025\/02\/04133358\/adobestock-797559717.jpeg 1620w\" sizes=\"(max-width: 1500px) 100vw, 1500px\" \/><\/figure>\n\n\n\n<p class=\"wp-block-paragraph\">Si vous souhaitez poursuivre votre p\u00e9riple vers le Sud, alors il est temps de vous diriger vers <strong>Set\u00fabal<\/strong> pour profitez d&rsquo;une ambiance d\u00e9tendue, authentique et maritime. Entre march\u00e9s aux poissons, paysages naturels pr\u00e9serv\u00e9s et une gastronomie locale riche, cette ville est une escale gourmande et pittoresque. C&rsquo;est \u00e9galement une r\u00e9gion viticole embl\u00e9matique du Portugal alors profitez-en pour d\u00e9couvrir la s\u00e9lection Winalist des <a href=\"https:\/\/www.winalist.fr\/regions\/setubal\">vignobles de Setubal<\/a> !<\/p>\n\n\n\n<p class=\"wp-block-paragraph\">D\u00e9gustez les sp\u00e9cialit\u00e9s locales dans un cadre authentique et convivial. Les panoramas sur l\u2019oc\u00e9an et les montagnes environnantes renforcent le charme de cette destination m\u00e9connue.<\/p>\n\n\n\n<div id=\"winalist-partner-widget-8mk4e4px7dm\" class=\"winalist-partner-widget\" data-utms=\"utm_source=blog&#038;utm_medium=blog&#038;utm_campaign=affiliatewidget\"><\/div>\n        <script type=\"application\/javascript\">\n          var winalistWidget = document.getElementById('winalist-partner-widget-8mk4e4px7dm');\n          var i = document.createElement(\"iframe\");\n          i.style.border = \"none\";\n          i.style.width = \"100%\";\n          i.style.minHeight = \"550px\";i.setAttribute(\"src\", \"https:\/\/www.winalist.fr\/w\/embed?partner=14&type=experiences-slider&slider_type=location&appellation_id=315&locale=fr_FR&activity_id=any&display_title=yes\");\n          if(winalistWidget) winalistWidget.prepend(i);\n        <\/script>\n        <script type=\"application\/javascript\" src=\"https:\/\/cdn.winalist.com\/widget\/affiliate-widget-config.min.js\"><\/script>\n\n\n\n<p class=\"wp-block-paragraph\"><\/p>\n\n\n\n<p class=\"wp-block-paragraph\">Sur la route, vous pouvez faire un d\u00e9tour par <strong>Sesimbra<\/strong>, un village de p\u00eacheurs pittoresque qui a su conserver son atmosph\u00e8re de petit port de p\u00eache traditionnel. Fl\u00e2ner dans les ruelles blanches du centre-ville et sur son front de mer permet de profiter d\u2019une ambiance locale typique, loin de l\u2019agitation des grandes villes. C\u2019est aussi l\u2019endroit id\u00e9al pour d\u00e9guster du poisson frais et des fruits de mer, notamment la c\u00e9l\u00e8bre <em>caldeirada de peixe<\/em> (rago\u00fbt de poisson).<\/p>\n\n\n\n<h3 class=\"wp-block-heading\">Evora<\/h3>\n\n\n\n<figure class=\"wp-block-image alignwide size-large\"><img loading=\"lazy\" decoding=\"async\" width=\"1500\" height=\"918\" src=\"https:\/\/images.winalist.com\/blog\/wp-content\/uploads\/2025\/02\/04133309\/adobestock-181687551-1500x918.jpeg\" alt=\"- - -\" class=\"wp-image-33815\" title=\"- - -\" srcset=\"https:\/\/images.winalist.com\/blog\/wp-content\/uploads\/2025\/02\/04133309\/adobestock-181687551-1500x918.jpeg 1500w, https:\/\/images.winalist.com\/blog\/wp-content\/uploads\/2025\/02\/04133309\/adobestock-181687551-600x367.jpeg 600w, https:\/\/images.winalist.com\/blog\/wp-content\/uploads\/2025\/02\/04133309\/adobestock-181687551-768x470.jpeg 768w, https:\/\/images.winalist.com\/blog\/wp-content\/uploads\/2025\/02\/04133309\/adobestock-181687551-1536x940.jpeg 1536w, https:\/\/images.winalist.com\/blog\/wp-content\/uploads\/2025\/02\/04133309\/adobestock-181687551-1290x789.jpeg 1290w, https:\/\/images.winalist.com\/blog\/wp-content\/uploads\/2025\/02\/04133309\/adobestock-181687551.jpeg 1765w\" sizes=\"(max-width: 1500px) 100vw, 1500px\" \/><\/figure>\n\n\n\n<p class=\"wp-block-paragraph\">\u00c9vora, ville class\u00e9e au patrimoine mondial de l&rsquo;UNESCO, vous transporte \u00e0 travers les \u00e2ges gr\u00e2ce \u00e0 ses vestiges romains et son architecture m\u00e9di\u00e9vale. Son atmosph\u00e8re intemporelle et son patrimoine culturel en font un arr\u00eat incontournable pour les amateurs d\u2019histoire.<\/p>\n\n\n\n<p class=\"wp-block-paragraph\">Promenez-vous dans ses ruelles et laissez-vous surprendre par la richesse de ses monuments ancestraux. Chaque recoin d\u2019\u00c9vora raconte une histoire fascinante qui vous relie aux origines du Portugal.<\/p>\n\n\n\n<p class=\"wp-block-paragraph\"><a href=\"https:\/\/www.winalist.fr\/blog\/portugal\/alentejo\/visiter-evora\">Visiter Evora<\/a> est id\u00e9al pour vous permettre de d\u00e9couvrir les vignobles Alentejo, n&rsquo;oubliez pas de r\u00e9server en avance !<\/p>\n\n\n\n<div id=\"winalist-partner-widget-ehtr9m0ceb9\" class=\"winalist-partner-widget\" data-utms=\"utm_source=blog&#038;utm_medium=blog&#038;utm_campaign=affiliatewidget\"><\/div>\n        <script type=\"application\/javascript\">\n          var winalistWidget = document.getElementById('winalist-partner-widget-ehtr9m0ceb9');\n          var i = document.createElement(\"iframe\");\n          i.style.border = \"none\";\n          i.style.width = \"100%\";\n          i.style.minHeight = \"550px\";i.setAttribute(\"src\", \"https:\/\/www.winalist.fr\/w\/embed?partner=14&type=experiences-slider&slider_type=location&city_id=236&locale=fr_FR&activity_id=7&display_title=yes\");\n          if(winalistWidget) winalistWidget.prepend(i);\n        <\/script>\n        <script type=\"application\/javascript\" src=\"https:\/\/cdn.winalist.com\/widget\/affiliate-widget-config.min.js\"><\/script>\n\n\n\n<p class=\"wp-block-paragraph\"><\/p>\n\n\n\n<h3 class=\"wp-block-heading\">Beja<\/h3>\n\n\n\n<figure class=\"wp-block-image alignwide size-large\"><img loading=\"lazy\" decoding=\"async\" width=\"1500\" height=\"884\" src=\"https:\/\/images.winalist.com\/blog\/wp-content\/uploads\/2025\/04\/24084737\/adobestock-496937877-1500x884.jpeg\" alt=\"- - -\" class=\"wp-image-38416\" title=\"- - -\" srcset=\"https:\/\/images.winalist.com\/blog\/wp-content\/uploads\/2025\/04\/24084737\/adobestock-496937877-1500x884.jpeg 1500w, https:\/\/images.winalist.com\/blog\/wp-content\/uploads\/2025\/04\/24084737\/adobestock-496937877-600x354.jpeg 600w, https:\/\/images.winalist.com\/blog\/wp-content\/uploads\/2025\/04\/24084737\/adobestock-496937877-768x453.jpeg 768w, https:\/\/images.winalist.com\/blog\/wp-content\/uploads\/2025\/04\/24084737\/adobestock-496937877-1536x906.jpeg 1536w, https:\/\/images.winalist.com\/blog\/wp-content\/uploads\/2025\/04\/24084737\/adobestock-496937877-1290x760.jpeg 1290w, https:\/\/images.winalist.com\/blog\/wp-content\/uploads\/2025\/04\/24084737\/adobestock-496937877.jpeg 1832w\" sizes=\"(max-width: 1500px) 100vw, 1500px\" \/><figcaption class=\"wp-element-caption\">Cityscape of Portuguese town Beja.<\/figcaption><\/figure>\n\n\n\n<p class=\"wp-block-paragraph\">Situ\u00e9e \u00e0 environ une heure d\u2019\u00c9vora au sud, <strong>Beja<\/strong> est l\u2019une des villes historiques les plus importantes de l\u2019Alentejo. Son <strong>ch\u00e2teau m\u00e9di\u00e9val<\/strong> offre une vue panoramique sur les vastes plaines aux alentours. La ville abrite aussi le <strong>Mus\u00e9e Rainha Dona Leonor<\/strong>, install\u00e9 dans un ancien couvent, et permet de d\u00e9couvrir l\u2019artisanat et les traditions de la r\u00e9gion.<\/p>\n\n\n\n<p class=\"wp-block-paragraph\">Sur votre route, faites une pause \u00e0 Vidigueira afin de d\u00e9couvrir les vignobles incontournables de la r\u00e9gion. <\/p>\n\n\n\n<div id=\"winalist-partner-widget-n1njm703wrd\" class=\"winalist-partner-widget\" data-utms=\"utm_source=blog&#038;utm_medium=blog&#038;utm_campaign=affiliatewidget\"><\/div>\n        <script type=\"application\/javascript\">\n          var winalistWidget = document.getElementById('winalist-partner-widget-n1njm703wrd');\n          var i = document.createElement(\"iframe\");\n          i.style.border = \"none\";\n          i.style.width = \"100%\";\n          i.style.minHeight = \"550px\";i.setAttribute(\"src\", \"https:\/\/www.winalist.fr\/w\/embed?partner=14&type=experiences-slider&slider_type=location&appellation_id=344&locale=fr_FR&activity_id=7&display_title=yes\");\n          if(winalistWidget) winalistWidget.prepend(i);\n        <\/script>\n        <script type=\"application\/javascript\" src=\"https:\/\/cdn.winalist.com\/widget\/affiliate-widget-config.min.js\"><\/script>\n\n\n\n<p class=\"wp-block-paragraph\"><\/p>\n\n\n\n<h3 class=\"wp-block-heading\">M\u00e9rtola<\/h3>\n\n\n\n<figure class=\"wp-block-image alignwide size-large\"><img loading=\"lazy\" decoding=\"async\" width=\"1500\" height=\"993\" src=\"https:\/\/images.winalist.com\/blog\/wp-content\/uploads\/2025\/02\/05104523\/adobestock-415919313-1500x993.jpeg\" alt=\"- - -\" class=\"wp-image-33841\" title=\"- - -\" srcset=\"https:\/\/images.winalist.com\/blog\/wp-content\/uploads\/2025\/02\/05104523\/adobestock-415919313-1500x993.jpeg 1500w, https:\/\/images.winalist.com\/blog\/wp-content\/uploads\/2025\/02\/05104523\/adobestock-415919313-600x397.jpeg 600w, https:\/\/images.winalist.com\/blog\/wp-content\/uploads\/2025\/02\/05104523\/adobestock-415919313-768x509.jpeg 768w, https:\/\/images.winalist.com\/blog\/wp-content\/uploads\/2025\/02\/05104523\/adobestock-415919313-1536x1017.jpeg 1536w, https:\/\/images.winalist.com\/blog\/wp-content\/uploads\/2025\/02\/05104523\/adobestock-415919313-1290x854.jpeg 1290w, https:\/\/images.winalist.com\/blog\/wp-content\/uploads\/2025\/02\/05104523\/adobestock-415919313.jpeg 1631w\" sizes=\"(max-width: 1500px) 100vw, 1500px\" \/><\/figure>\n\n\n\n<p class=\"wp-block-paragraph\">Surnom\u00e9e \u00ab\u00a0la perle du Guadiana\u00a0\u00bb puisque la ville est construite sur une colline surplombant le fleuve Guadiana, <strong>M\u00e9rtola<\/strong> est un ancien bastion mauresque. Son ch\u00e2teau, ses ruelles pav\u00e9es et son \u00e9glise transform\u00e9e en mosqu\u00e9e en font un site unique. La ville est aussi entour\u00e9e du Parc Naturel du Vale do Guadiana, id\u00e9al pour une pause nature entre rivi\u00e8res, cascades et sentiers de randonn\u00e9e.<\/p>\n\n\n\n<p class=\"wp-block-paragraph\"><\/p>\n\n\n\n<h3 class=\"wp-block-heading\">Tavira<\/h3>\n\n\n\n<figure class=\"wp-block-image alignwide size-large\"><img loading=\"lazy\" decoding=\"async\" width=\"1500\" height=\"976\" src=\"https:\/\/images.winalist.com\/blog\/wp-content\/uploads\/2025\/02\/04104139\/adobestock-836782766-1500x976.jpeg\" alt=\"- - -\" class=\"wp-image-33790\" title=\"- - -\" srcset=\"https:\/\/images.winalist.com\/blog\/wp-content\/uploads\/2025\/02\/04104139\/adobestock-836782766-1500x976.jpeg 1500w, https:\/\/images.winalist.com\/blog\/wp-content\/uploads\/2025\/02\/04104139\/adobestock-836782766-600x391.jpeg 600w, https:\/\/images.winalist.com\/blog\/wp-content\/uploads\/2025\/02\/04104139\/adobestock-836782766-768x500.jpeg 768w, https:\/\/images.winalist.com\/blog\/wp-content\/uploads\/2025\/02\/04104139\/adobestock-836782766-1536x1000.jpeg 1536w, https:\/\/images.winalist.com\/blog\/wp-content\/uploads\/2025\/02\/04104139\/adobestock-836782766-1290x840.jpeg 1290w, https:\/\/images.winalist.com\/blog\/wp-content\/uploads\/2025\/02\/04104139\/adobestock-836782766.jpeg 1659w\" sizes=\"(max-width: 1500px) 100vw, 1500px\" \/><\/figure>\n\n\n\n<p class=\"wp-block-paragraph\">Vous arrivez enfin en Algarve ! Votre p\u00e9riple continue \u00e0 Tavira, o\u00f9 la douceur du climat et la beaut\u00e9 des plages se marient \u00e0 la richesse du patrimoine local. Ses ponts pittoresques et ses ruelles tranquilles offrent un final en toute s\u00e9r\u00e9nit\u00e9 pour ce road trip du nord au sud. Profitez des reflets de l\u2019oc\u00e9an sur ses eaux paisibles et de l\u2019architecture traditionnelle qui ponctue la ville. Tavira vous invite \u00e0 clore votre aventure sur une note de d\u00e9tente et de d\u00e9couverte culturelle.<br><br>Pour en savoir plus sur la r\u00e9gion, parcourez notre guide sur <a href=\"https:\/\/www.winalist.fr\/blog\/portugal\/vignoble-de-lalgarve\/visiter-algarve\">Que faire en Algarve<\/a>.<\/p>\n\n\n\n<h3 class=\"wp-block-heading\">Faro<\/h3>\n\n\n\n<figure class=\"wp-block-image alignwide size-full\"><img loading=\"lazy\" decoding=\"async\" width=\"1441\" height=\"1080\" src=\"https:\/\/images.winalist.com\/blog\/wp-content\/uploads\/2024\/02\/26094259\/AdobeStock_307404651.jpeg\" alt=\"- - -\" class=\"wp-image-27936\" title=\"- - -\" srcset=\"https:\/\/images.winalist.com\/blog\/wp-content\/uploads\/2024\/02\/26094259\/AdobeStock_307404651.jpeg 1441w, https:\/\/images.winalist.com\/blog\/wp-content\/uploads\/2024\/02\/26094259\/AdobeStock_307404651-600x450.jpeg 600w, https:\/\/images.winalist.com\/blog\/wp-content\/uploads\/2024\/02\/26094259\/AdobeStock_307404651-768x576.jpeg 768w, https:\/\/images.winalist.com\/blog\/wp-content\/uploads\/2024\/02\/26094259\/AdobeStock_307404651-400x300.jpeg 400w, https:\/\/images.winalist.com\/blog\/wp-content\/uploads\/2024\/02\/26094259\/AdobeStock_307404651-1290x967.jpeg 1290w\" sizes=\"(max-width: 1441px) 100vw, 1441px\" \/><\/figure>\n\n\n\n<p class=\"wp-block-paragraph\">Connue comme la capitale de l\u2019Algarve, la ville de Faro combine patrimoine historique et paysages c\u00f4tiers \u00e9poustouflants. Fl\u00e2nez dans son centre historique et d\u00e9couvrez la douceur de vivre de cette ville au charme authentique.<\/p>\n\n\n\n<p class=\"wp-block-paragraph\">Laissez-vous s\u00e9duire par ses ruelles \u00e9troites et ses places anim\u00e9es o\u00f9 se m\u00ealent modernit\u00e9 et traditions. Faro offre une ambiance accueillante qui vous fera sentir imm\u00e9diatement chez vous, retrouvez l&rsquo;ensemble des activit\u00e9s \u00e0 ne pas manquer dans notre guide <a href=\"https:\/\/www.winalist.fr\/blog\/portugal\/vignoble-de-lalgarve\/que-faire-faro\">que faire \u00e0 Faro<\/a>.<\/p>\n\n\n\n<p class=\"wp-block-paragraph\">Ne manquez pas non plus les nombreux <a href=\"https:\/\/www.winalist.fr\/regions\/algarve\">vignobles d&rsquo;Algarve<\/a> \u00e0 visiter aux alentours pour d\u00e9couvrir le terroir de cette r\u00e9gion ensoleill\u00e9e, vous le ressentirez surement dans les vins que vous d\u00e9gusterez.<\/p>\n\n\n\n<div id=\"winalist-partner-widget-xw4fswzhx1i\" class=\"winalist-partner-widget\" data-utms=\"utm_source=blog&#038;utm_medium=blog&#038;utm_campaign=affiliatewidget\"><\/div>\n        <script type=\"application\/javascript\">\n          var winalistWidget = document.getElementById('winalist-partner-widget-xw4fswzhx1i');\n          var i = document.createElement(\"iframe\");\n          i.style.border = \"none\";\n          i.style.width = \"100%\";\n          i.style.minHeight = \"550px\";i.setAttribute(\"src\", \"https:\/\/www.winalist.fr\/w\/embed?partner=14&type=experiences-slider&slider_type=location&city_id=262&locale=fr_FR&activity_id=7&display_title=yes\");\n          if(winalistWidget) winalistWidget.prepend(i);\n        <\/script>\n        <script type=\"application\/javascript\" src=\"https:\/\/cdn.winalist.com\/widget\/affiliate-widget-config.min.js\"><\/script>\n\n\n\n<h3 class=\"wp-block-heading\">Portim\u00e3o<\/h3>\n\n\n\n<figure class=\"wp-block-image alignwide size-large\"><img loading=\"lazy\" decoding=\"async\" width=\"1500\" height=\"1001\" src=\"https:\/\/images.winalist.com\/blog\/wp-content\/uploads\/2025\/02\/04133523\/adobestock-1209562951-1500x1001.jpeg\" alt=\"- - -\" class=\"wp-image-33818\" title=\"- - -\" srcset=\"https:\/\/images.winalist.com\/blog\/wp-content\/uploads\/2025\/02\/04133523\/adobestock-1209562951-1500x1001.jpeg 1500w, https:\/\/images.winalist.com\/blog\/wp-content\/uploads\/2025\/02\/04133523\/adobestock-1209562951-600x400.jpeg 600w, https:\/\/images.winalist.com\/blog\/wp-content\/uploads\/2025\/02\/04133523\/adobestock-1209562951-768x512.jpeg 768w, https:\/\/images.winalist.com\/blog\/wp-content\/uploads\/2025\/02\/04133523\/adobestock-1209562951-1536x1025.jpeg 1536w, https:\/\/images.winalist.com\/blog\/wp-content\/uploads\/2025\/02\/04133523\/adobestock-1209562951-1290x861.jpeg 1290w, https:\/\/images.winalist.com\/blog\/wp-content\/uploads\/2025\/02\/04133523\/adobestock-1209562951.jpeg 1619w\" sizes=\"(max-width: 1500px) 100vw, 1500px\" \/><\/figure>\n\n\n\n<p class=\"wp-block-paragraph\">Au c\u0153ur de l\u2019Algarve, Portim\u00e3o s\u00e9duit par son dynamisme et son cadre c\u00f4tier exceptionnel. Entre plages dor\u00e9es, marina anim\u00e9e et vie nocturne rythm\u00e9e, c\u2019est une escale parfaite pour vivre l\u2019effervescence du sud.<\/p>\n\n\n\n<p class=\"wp-block-paragraph\">D\u00e9couvrez ses march\u00e9s color\u00e9s et ses restaurants anim\u00e9s qui c\u00e9l\u00e8brent la cuisine locale. La vitalit\u00e9 de Portim\u00e3o vous garantit une exp\u00e9rience festive et authentique au c\u0153ur de l\u2019Algarve. D\u00e9couvrez notre guide sur <a href=\"https:\/\/www.winalist.fr\/blog\/portugal\/vignoble-de-lalgarve\/que-faire-portimao\">que faire \u00e0 Portimao<\/a>.<\/p>\n\n\n\n<div id=\"winalist-partner-widget-4dun0z9rteh\" class=\"winalist-partner-widget\" data-utms=\"utm_source=blog&#038;utm_medium=blog&#038;utm_campaign=affiliatewidget\"><\/div>\n        <script type=\"application\/javascript\">\n          var winalistWidget = document.getElementById('winalist-partner-widget-4dun0z9rteh');\n          var i = document.createElement(\"iframe\");\n          i.style.border = \"none\";\n          i.style.width = \"100%\";\n          i.style.minHeight = \"550px\";i.setAttribute(\"src\", \"https:\/\/www.winalist.fr\/w\/embed?partner=14&type=experiences-slider&slider_type=location&appellation_id=317&locale=fr_FR&activity_id=any&display_title=yes\");\n          if(winalistWidget) winalistWidget.prepend(i);\n        <\/script>\n        <script type=\"application\/javascript\" src=\"https:\/\/cdn.winalist.com\/widget\/affiliate-widget-config.min.js\"><\/script>\n\n\n\n<h3 class=\"wp-block-heading\">Lagos<\/h3>\n\n\n\n<figure class=\"wp-block-image alignwide size-large\"><img loading=\"lazy\" decoding=\"async\" width=\"1500\" height=\"1000\" src=\"https:\/\/images.winalist.com\/blog\/wp-content\/uploads\/2025\/02\/04104221\/adobestock-497720876-1500x1000.jpeg\" alt=\"- - -\" class=\"wp-image-33791\" title=\"- - -\" srcset=\"https:\/\/images.winalist.com\/blog\/wp-content\/uploads\/2025\/02\/04104221\/adobestock-497720876-1500x1000.jpeg 1500w, https:\/\/images.winalist.com\/blog\/wp-content\/uploads\/2025\/02\/04104221\/adobestock-497720876-600x400.jpeg 600w, https:\/\/images.winalist.com\/blog\/wp-content\/uploads\/2025\/02\/04104221\/adobestock-497720876-768x512.jpeg 768w, https:\/\/images.winalist.com\/blog\/wp-content\/uploads\/2025\/02\/04104221\/adobestock-497720876-1536x1024.jpeg 1536w, https:\/\/images.winalist.com\/blog\/wp-content\/uploads\/2025\/02\/04104221\/adobestock-497720876-1290x860.jpeg 1290w, https:\/\/images.winalist.com\/blog\/wp-content\/uploads\/2025\/02\/04104221\/adobestock-497720876.jpeg 1620w\" sizes=\"(max-width: 1500px) 100vw, 1500px\" \/><\/figure>\n\n\n\n<p class=\"wp-block-paragraph\">Votre road trip se termine \u00e0 <strong>Lagos<\/strong>, une \u00e9tape incontournable pour appr\u00e9cier le farniente du bord de mer ou un magnifique coucher de soleil sur l&rsquo;oc\u00e9an Atlantique. Lagos s\u00e9duit par son m\u00e9lange harmonieux de riches histoires et de paysages c\u00f4tiers spectaculaires. Ses plages immacul\u00e9es, ses formations rocheuses impressionnantes et ses vestiges historiques, tels que ses forteresses, t\u00e9moignent de la grandeur maritime de l\u2019Algarve. D\u00e9couvrez notre guide sur <a href=\"https:\/\/www.winalist.fr\/blog\/portugal\/vignoble-de-lalgarve\/que-faire-lagos\">que faire \u00e0 Lagos<\/a> pour ne rien manquer de ce que la ville a \u00e0 vous offrir.<\/p>\n\n\n\n<p class=\"wp-block-paragraph\"><\/p>\n\n\n\n<h2 class=\"wp-block-heading\">Bon \u00e0 savoir pour organiser votre road trip au Portugal<\/h2>\n\n\n<div id=\"rank-math-faq\" class=\"rank-math-block\">\n<div class=\"rank-math-list \">\n<div id=\"faq-question-1122334455\" class=\"rank-math-list-item\">\n<h3 class=\"rank-math-question \">Quelles sont les meilleures p\u00e9riodes pour faire un road trip au Portugal ?<\/h3>\n<div class=\"rank-math-answer \">\n\n<p>La p\u00e9riode id\u00e9ale pour un road trip au Portugal s\u2019\u00e9tend du printemps \u00e0 l\u2019automne, c\u2019est-\u00e0-dire entre avril et octobre. Au printemps, vous profiterez d\u2019un climat doux et de paysages fleuris, parfait pour explorer les r\u00e9gions rurales et c\u00f4ti\u00e8res sans les foules estivales. L\u2019\u00e9t\u00e9, bien que plus chaud et touristique, offre de longues journ\u00e9es ensoleill\u00e9es, id\u00e9ales pour se d\u00e9tendre sur les plages et profiter des festivals locaux. Enfin, l\u2019automne permet d\u2019appr\u00e9cier les couleurs changeantes de la nature et d\u2019\u00e9viter les chaleurs intenses, tout en modulant le rythme de la visite en fonction des affluences.<\/p>\n\n<\/div>\n<\/div>\n<div id=\"faq-question-9988776655\" class=\"rank-math-list-item\">\n<h3 class=\"rank-math-question \">Quelles sont les r\u00e8gles de circulation locales \u00e0 conna\u00eetre ?<\/h3>\n<div class=\"rank-math-answer \">\n\n<p>Au Portugal, la conduite se fait \u00e0 droite et la vitesse est limit\u00e9e \u00e0 50 km\/h en ville, 90 km\/h sur les routes secondaires et jusqu\u2019\u00e0 120 km\/h sur les autoroutes. Attention aux radars automatiques et aux zones de p\u00e9age sur certaines autoroutes. Il est recommand\u00e9 de garder ses documents \u00e0 jour (permis de conduire, assurance du v\u00e9hicule) et de se familiariser avec les panneaux en portugais. De plus, l\u2019usage du t\u00e9l\u00e9phone au volant est strictement interdit, et il est pr\u00e9f\u00e9r\u00e9 d\u2019utiliser un kit main-libre pour toute communication.<\/p>\n\n<\/div>\n<\/div>\n<div id=\"faq-question-7766554433\" class=\"rank-math-list-item\">\n<h3 class=\"rank-math-question \">Quels itin\u00e9raires recommandez-vous pour un road trip au Portugal ?<\/h3>\n<div class=\"rank-math-answer \">\n\n<p>Plusieurs itin\u00e9raires s\u2019offrent aux voyageurs. Vous pouvez commencer par la r\u00e9gion de l\u2019Algarve pour profiter des plages et des falaises, continuer vers l\u2019int\u00e9rieur des terres pour d\u00e9couvrir l\u2019Alentejo et ses villages pittoresques, et terminer par un parcours dans le nord pour explorer Porto, la Vall\u00e9e du Douro et ses vignobles r\u00e9put\u00e9s. Chaque itin\u00e9raire offre un m\u00e9lange unique de paysages c\u00f4tiers, de montagnes, de villages historiques et de sites culturels, permettant de pleinement saisir la diversit\u00e9 du Portugal.<\/p>\n\n<\/div>\n<\/div>\n<div id=\"faq-question-5544332211\" class=\"rank-math-list-item\">\n<h3 class=\"rank-math-question \">Comment se d\u00e9placer en toute s\u00e9curit\u00e9 lors d\u2019un road trip au Portugal ?<\/h3>\n<div class=\"rank-math-answer \">\n\n<p>Pour assurer votre s\u00e9curit\u00e9, choisissez un v\u00e9hicule bien entretenu et adapt\u00e9 aux diff\u00e9rentes routes (autoroutes, routes de campagne et chemins de montagne). Assurez-vous d\u2019avoir une assurance compl\u00e8te, de toujours porter votre ceinture de s\u00e9curit\u00e9 et de respecter les limitations de vitesse. Planifiez vos arr\u00eats pour vous reposer, surtout en cas de conduite de longue dur\u00e9e, et n\u2019h\u00e9sitez pas \u00e0 utiliser des applications de navigation en temps r\u00e9el pour \u00eatre inform\u00e9 des conditions de route et des embouteillages \u00e9ventuels.<\/p>\n\n<\/div>\n<\/div>\n<div id=\"faq-question-3344556677\" class=\"rank-math-list-item\">\n<h3 class=\"rank-math-question \">Quels types d\u2019h\u00e9bergement peut-on trouver en cours de route ?<\/h3>\n<div class=\"rank-math-answer \">\n\n<p>Le Portugal propose une gamme vari\u00e9e d\u2019h\u00e9bergements adapt\u00e9s \u00e0 tous les budgets. Vous trouverez des h\u00f4tels de charme et des auberges dans les villes historiques, des maisons d\u2019h\u00f4tes et des pensions dans les campagnes et, m\u00eame des campings \u00e9quip\u00e9s pour ceux qui souhaitent rester en contact avec la nature. Il est \u00e9galement fr\u00e9quent de tomber sur des p\u00e9pites locales telles que des \u00ab\u00a0<em>casas de turismo rural<\/em>\u00a0\u00bb qui offrent une immersion authentique dans la culture portugaise.<\/p>\n\n<\/div>\n<\/div>\n<div id=\"faq-question-2211334455\" class=\"rank-math-list-item\">\n<h3 class=\"rank-math-question \">Comment g\u00e9rer son budget lors d\u2019un road trip au Portugal ?<\/h3>\n<div class=\"rank-math-answer \">\n\n<p>Un road trip au Portugal peut \u00eatre tr\u00e8s abordable si vous planifiez bien vos d\u00e9penses. Privil\u00e9giez les h\u00e9bergements \u00e9conomiques et les restaurants locaux pour go\u00fbter \u00e0 la cuisine portugaise \u00e0 des prix raisonnables. Notez qu\u2019il existe des itin\u00e9raires gratuits ou \u00e0 co\u00fbt r\u00e9duit pour visiter les sites naturels et les mus\u00e9es qui b\u00e9n\u00e9ficient souvent de tarifs r\u00e9duits le soir ou certains jours de la semaine. Enfin, pensez \u00e0 r\u00e9server vos p\u00e9ages et stations-services gr\u00e2ce \u00e0 des applications mobiles locales qui permettent de pr\u00e9voir ces co\u00fbts.<\/p>\n\n<\/div>\n<\/div>\n<div id=\"faq-question-1122446688\" class=\"rank-math-list-item\">\n<h3 class=\"rank-math-question \">Quels plats et sp\u00e9cialit\u00e9s portugaises faut-il d\u00e9guster pendant le voyage ?<\/h3>\n<div class=\"rank-math-answer \">\n\n<p>Un road trip au Portugal, c&rsquo;est aussi l\u2019occasion de d\u00e9couvrir une cuisine riche et vari\u00e9e. Ne manquez pas de go\u00fbter les fameux les \u00ab\u00a0pasteis de nata\u00a0\u00bb, ces d\u00e9licieuses tartes \u00e0 la cr\u00e8me. Profitez-en \u00e9galement pour d\u00e9couvrir la cuisine portugaise avec l&rsquo;incontournable \u00ab\u00a0bacalhau\u00a0\u00bb (la morue), souvent pr\u00e9par\u00e9e de multiples mani\u00e8res, ainsi que les fruits de mer frais, les sp\u00e9cialit\u00e9s r\u00e9gionales comme le \u00ab\u00a0Cozido \u00e0 Brasileira\u00a0\u00bb et bien s\u00fbr, savourez un verre de vin de Porto ou de Vinho Verde pour accompagner votre repas. Chaque r\u00e9gion propose ses propres sp\u00e9cialit\u00e9s, refl\u00e9tant l\u2019histoire et la culture locale.<\/p>\n\n<\/div>\n<\/div>\n<div id=\"faq-question-9988665544\" class=\"rank-math-list-item\">\n<h3 class=\"rank-math-question \">Quels sites naturels et culturels sont incontournables \u00e0 visiter ?<\/h3>\n<div class=\"rank-math-answer \">\n\n<p>Le Portugal regorge de merveilles naturelles et historiques. Parmi les sites incontournables, vous trouverez le Parc National de Peneda-Ger\u00eas, la c\u00f4te de l\u2019Algarve avec ses grottes et ses plages secr\u00e8tes, ainsi que la vall\u00e9e du Douro, c\u00e9l\u00e8bre pour ses vignobles en terrasses. Du c\u00f4t\u00e9 des sites culturels, ne manquez pas les villes de Lisbonne et Porto, la tour de Bel\u00e9m, le monast\u00e8re des Hi\u00e9ronymites et bien d\u2019autres ch\u00e2teaux et monuments qui jalonnent les routes du pays.<\/p>\n\n<\/div>\n<\/div>\n<div id=\"faq-question-7755443322\" class=\"rank-math-list-item\">\n<h3 class=\"rank-math-question \">Est-il facile de trouver des stations-service et des aires de repos pendant le road trip ?<\/h3>\n<div class=\"rank-math-answer \">\n\n<p>Oui, le Portugal dispose d\u2019un large r\u00e9seau de stations-services et d\u2019aires de repos le long des autoroutes et des routes principales. Cependant, dans les zones rurales et les r\u00e9gions moins touristiques, il peut \u00eatre utile de pr\u00e9voir des r\u00e9serves d\u2019eau et quelques collations, surtout si vous pr\u00e9voyez de longs trajets sans passage rapide par les centres urbains. Pensez \u00e9galement \u00e0 v\u00e9rifier les horaires d\u2019ouverture, car certains services peuvent fermer pendant les p\u00e9riodes non-touristiques ou pendant les jours f\u00e9ri\u00e9s.<\/p>\n\n<\/div>\n<\/div>\n<\/div>\n<\/div>","protected":false},"excerpt":{"rendered":"<p>Partez \u00e0 l&rsquo;aventure lors d&rsquo;un road trip au Portugal et d\u00e9couvrez le pays sous un angle unique ! Que vous pr\u00e9voyiez un road trip en van am\u00e9nag\u00e9 ou un voyage en voiture pour une semaine compl\u00e8te, ce guide complet \u00e9crit par notre \u00e9quipe locale sur place, vous permettra d&rsquo;organiser votre itin\u00e9raire et de profiter d&rsquo;un &hellip; <\/p>\n","protected":false},"author":1,"featured_media":33782,"comment_status":"open","ping_status":"closed","sticky":false,"template":"","format":"standard","meta":{"_acf_changed":false,"_eb_attr":"","_tripp_layout":"","winalist_lat":"","winalist_lng":"","winalist_map_hide":"","_tripp_review":[],"_tripp_coupon":[],"footnotes":""},"categories":[803],"tags":[1210,2788,1208,1219,2790,1227,2787,2791],"destination":[],"class_list":["post-33780","post","type-post","status-publish","format-standard","has-post-thumbnail","hentry","category-portugal","tag-faro-2","tag-lagos","tag-lisbonne","tag-porto-2","tag-porto-wine-region","tag-portugal-2","tag-sintra-2","tag-tavira","entry"],"acf":{"winalist_tldr_title":"","winalist_tldr_time":"","winalist_tldr_top":"","winalist_tldr_budget":"","winalist_tldr_period":"","winalist_tldr_transport":"","winalist_tldr_custom":null,"winalist_tldr_cta_text":"","winalist_tldr_cta_url":"","winalist_tips_enabled":true,"winalist_tips_list":null},"_links":{"self":[{"href":"https:\/\/www.winalist.fr\/blog\/wp-json\/wp\/v2\/posts\/33780","targetHints":{"allow":["GET"]}}],"collection":[{"href":"https:\/\/www.winalist.fr\/blog\/wp-json\/wp\/v2\/posts"}],"about":[{"href":"https:\/\/www.winalist.fr\/blog\/wp-json\/wp\/v2\/types\/post"}],"author":[{"embeddable":true,"href":"https:\/\/www.winalist.fr\/blog\/wp-json\/wp\/v2\/users\/1"}],"replies":[{"embeddable":true,"href":"https:\/\/www.winalist.fr\/blog\/wp-json\/wp\/v2\/comments?post=33780"}],"version-history":[{"count":0,"href":"https:\/\/www.winalist.fr\/blog\/wp-json\/wp\/v2\/posts\/33780\/revisions"}],"wp:featuredmedia":[{"embeddable":true,"href":"https:\/\/www.winalist.fr\/blog\/wp-json\/wp\/v2\/media\/33782"}],"wp:attachment":[{"href":"https:\/\/www.winalist.fr\/blog\/wp-json\/wp\/v2\/media?parent=33780"}],"wp:term":[{"taxonomy":"category","embeddable":true,"href":"https:\/\/www.winalist.fr\/blog\/wp-json\/wp\/v2\/categories?post=33780"},{"taxonomy":"post_tag","embeddable":true,"href":"https:\/\/www.winalist.fr\/blog\/wp-json\/wp\/v2\/tags?post=33780"},{"taxonomy":"destination","embeddable":true,"href":"https:\/\/www.winalist.fr\/blog\/wp-json\/wp\/v2\/destination?post=33780"}],"curies":[{"name":"wp","href":"https:\/\/api.w.org\/{rel}","templated":true}]}}