{"id":33405,"date":"2025-01-27T16:01:08","date_gmt":"2025-01-27T15:01:08","guid":{"rendered":"https:\/\/demo.winalist.fr\/blog?p=33405"},"modified":"2026-08-26T19:28:35","modified_gmt":"2026-08-26T17:28:35","slug":"saint-remy-de-provence","status":"publish","type":"post","link":"https:\/\/www.winalist.fr\/blog\/france\/provence\/saint-remy-de-provence","title":{"rendered":"Saint-R\u00e9my-de-Provence : D\u00e9couvrez la capitale des Alpilles"},"content":{"rendered":"\n<p class=\"wp-block-paragraph\">Nich\u00e9e au c\u0153ur de la Provence, la charmante ville de <strong>Saint-R\u00e9my-de-Provence<\/strong> est un joyau \u00e0 d\u00e9couvrir pour les amateurs d&rsquo;art, d&rsquo;histoire et de nature. Avec ses ruelles pittoresques, ses boulevards ombrag\u00e9s et ses march\u00e9s typiques, cette ville proven\u00e7ale offre tout pour vivre proven\u00e7al et profiter d\u2019une exp\u00e9rience unique. Que vous soyez captiv\u00e9 par les \u0153uvres de Vincent van Gogh, passionn\u00e9 d\u2019arch\u00e9ologie ou simplement en qu\u00eate de promenades dans le Massif des Alpilles, St-R\u00e9my-de-Provence saura vous s\u00e9duire. Ne manquez pas non d&rsquo;opter pour une d\u00e9gustation dans une <a href=\"https:\/\/www.winalist.fr\/cities\/saint-remy-de-provence\">cave \u00e0 vin Saint Remy de Provence<\/a>.<\/p>\n\n\n\n<p class=\"wp-block-paragraph\"><\/p>\n\n\n\n<h2 class=\"wp-block-heading\">Quelles sont les meilleures choses \u00e0 voir \u00e0 Saint-R\u00e9my-de-Provence ?<\/h2>\n\n\n\n<h3 class=\"wp-block-heading\">Explorer le site arch\u00e9ologique de Glanum<\/h3>\n\n\n\n<figure class=\"wp-block-image alignwide size-large\"><img fetchpriority=\"high\" decoding=\"async\" width=\"1500\" height=\"1000\" src=\"https:\/\/images.winalist.com\/blog\/wp-content\/uploads\/2025\/01\/27150014\/adobestock-219866843-1500x1000.jpeg\" alt=\"- - -\" class=\"wp-image-33414\" title=\"- - -\" srcset=\"https:\/\/images.winalist.com\/blog\/wp-content\/uploads\/2025\/01\/27150014\/adobestock-219866843-1500x1000.jpeg 1500w, https:\/\/images.winalist.com\/blog\/wp-content\/uploads\/2025\/01\/27150014\/adobestock-219866843-600x400.jpeg 600w, https:\/\/images.winalist.com\/blog\/wp-content\/uploads\/2025\/01\/27150014\/adobestock-219866843-768x512.jpeg 768w, https:\/\/images.winalist.com\/blog\/wp-content\/uploads\/2025\/01\/27150014\/adobestock-219866843-1536x1024.jpeg 1536w, https:\/\/images.winalist.com\/blog\/wp-content\/uploads\/2025\/01\/27150014\/adobestock-219866843-1290x860.jpeg 1290w, https:\/\/images.winalist.com\/blog\/wp-content\/uploads\/2025\/01\/27150014\/adobestock-219866843.jpeg 1620w\" sizes=\"(max-width: 1500px) 100vw, 1500px\" \/><\/figure>\n\n\n\n<p class=\"wp-block-paragraph\">Class\u00e9 monument historique, le site arch\u00e9ologique de Glanum est une visite incontournable pour les passionn\u00e9s d\u2019Antiquit\u00e9. Situ\u00e9 aux portes de Saint-R\u00e9my-de-Provence, ce site vous permet de d\u00e9couvrir les fascinants vestiges d\u2019une ancienne cit\u00e9 gauloise influenc\u00e9e par la culture romaine. Parmi les monuments les plus c\u00e9l\u00e8bres, ne manquez pas l\u2019arc de triomphe et le mausol\u00e9e des Jules, deux \u00e9difices majeurs datant de l\u2019\u00e9poque antique. \u00c0 travers cette promenade, plongez dans l\u2019Histoire et laissez-vous inspirer par le cadre majestueux entour\u00e9 du Massif des Alpilles.<\/p>\n\n\n\n<h3 class=\"wp-block-heading\">Se promener aux Antiques : le Triomphe et le Mausol\u00e9e<\/h3>\n\n\n\n<figure class=\"wp-block-image alignwide size-large\"><img decoding=\"async\" width=\"1500\" height=\"1001\" src=\"https:\/\/images.winalist.com\/blog\/wp-content\/uploads\/2025\/01\/27155256\/adobestock-709184374-1500x1001.jpeg\" alt=\"- - -\" class=\"wp-image-33417\" title=\"- - -\" srcset=\"https:\/\/images.winalist.com\/blog\/wp-content\/uploads\/2025\/01\/27155256\/adobestock-709184374-1500x1001.jpeg 1500w, https:\/\/images.winalist.com\/blog\/wp-content\/uploads\/2025\/01\/27155256\/adobestock-709184374-600x400.jpeg 600w, https:\/\/images.winalist.com\/blog\/wp-content\/uploads\/2025\/01\/27155256\/adobestock-709184374-768x512.jpeg 768w, https:\/\/images.winalist.com\/blog\/wp-content\/uploads\/2025\/01\/27155256\/adobestock-709184374-1536x1025.jpeg 1536w, https:\/\/images.winalist.com\/blog\/wp-content\/uploads\/2025\/01\/27155256\/adobestock-709184374-1290x861.jpeg 1290w, https:\/\/images.winalist.com\/blog\/wp-content\/uploads\/2025\/01\/27155256\/adobestock-709184374.jpeg 1619w\" sizes=\"(max-width: 1500px) 100vw, 1500px\" \/><\/figure>\n\n\n\n<p class=\"wp-block-paragraph\">Situ\u00e9s juste \u00e0 l&rsquo;ext\u00e9rieur de Saint-R\u00e9my-de-Provence, les Antiques, compos\u00e9s de l\u2019arc de triomphe et du mausol\u00e9e des Jules, marquent l\u2019entr\u00e9e de l\u2019ancienne cit\u00e9 de Glanum. Ces majestueux monuments historiques, construits depuis 1840, sont des symboles impressionnants de l\u2019architecture romaine. Les Antiques sont un merveilleux point de d\u00e9part pour en apprendre davantage sur le riche patrimoine historique de la r\u00e9gion proven\u00e7ale ainsi que sur la culture des civilisations antiques.<\/p>\n\n\n\n<p class=\"wp-block-paragraph\"><\/p>\n\n\n\n<h3 class=\"wp-block-heading\">Visiter le Monast\u00e8re Saint-Paul-de-Mausole<\/h3>\n\n\n\n<figure class=\"wp-block-image alignwide size-large\"><img decoding=\"async\" width=\"1500\" height=\"1000\" src=\"https:\/\/images.winalist.com\/blog\/wp-content\/uploads\/2025\/01\/27155407\/adobestock-511157955-1500x1000.jpeg\" alt=\"- - -\" class=\"wp-image-33418\" title=\"- - -\" srcset=\"https:\/\/images.winalist.com\/blog\/wp-content\/uploads\/2025\/01\/27155407\/adobestock-511157955-1500x1000.jpeg 1500w, https:\/\/images.winalist.com\/blog\/wp-content\/uploads\/2025\/01\/27155407\/adobestock-511157955-600x400.jpeg 600w, https:\/\/images.winalist.com\/blog\/wp-content\/uploads\/2025\/01\/27155407\/adobestock-511157955-768x512.jpeg 768w, https:\/\/images.winalist.com\/blog\/wp-content\/uploads\/2025\/01\/27155407\/adobestock-511157955-1536x1024.jpeg 1536w, https:\/\/images.winalist.com\/blog\/wp-content\/uploads\/2025\/01\/27155407\/adobestock-511157955-1290x860.jpeg 1290w, https:\/\/images.winalist.com\/blog\/wp-content\/uploads\/2025\/01\/27155407\/adobestock-511157955.jpeg 1620w\" sizes=\"(max-width: 1500px) 100vw, 1500px\" \/><\/figure>\n\n\n\n<p class=\"wp-block-paragraph\">Lieu embl\u00e9matique de la ville, le Monast\u00e8re Saint-Paul-de-Mausole est c\u00e9l\u00e8bre pour avoir accueilli Vincent van Gogh en 1889, durant son s\u00e9jour \u00e0 Saint-R\u00e9my-de-Provence. Ce havre de paix, a l&rsquo;origine occup\u00e9 par des moines, est aujourd\u2019hui consacr\u00e9 \u00e0 la peinture et aux arts graphiques. Vous pourrez y d\u00e9couvrir l\u2019espace multim\u00e9dia consacr\u00e9 \u00e0 la vie du peintre ainsi que des reproductions de tableaux inspir\u00e9s van Gogh. Une visite riche en \u00e9motions pour marcher sur les traces d\u2019un grand peintre reconnu.<\/p>\n\n\n\n<p class=\"wp-block-paragraph\"><\/p>\n\n\n\n<h3 class=\"wp-block-heading\">D\u00e9couvrir le Mus\u00e9e Estrine \u00e0 Saint-R\u00e9my-de-Provence<\/h3>\n\n\n\n<figure class=\"wp-block-image alignwide size-large\"><img decoding=\"async\" src=\"https:\/\/upload.wikimedia.org\/wikipedia\/commons\/5\/52\/Musee_Estrine.jpg\" alt=\"- - -\" title=\"- - -\"><\/figure>\n\n\n\n<p class=\"wp-block-paragraph\">Consacr\u00e9 \u00e0 la vie artistique de la r\u00e9gion et \u00e0 la peinture, le Mus\u00e9e Estrine de Saint-R\u00e9my-de-Provence rend hommage \u00e0 Vincent van Gogh avec une exposition d\u00e9di\u00e9e. Install\u00e9 dans un magnifique h\u00f4tel particulier de la Renaissance, ce mus\u00e9e propose un espace ludique et attractive pour plonger dans l&rsquo;histoire de l\u2019art. Ses collections incluent des \u0153uvres des XXe et XXIe si\u00e8cles, d\u00e9di\u00e9es \u00e0 la peinture et aux arts graphiques. Une merveilleuse fa\u00e7on d\u2019appr\u00e9cier l\u2019\u00e9volution artistique de cette r\u00e9gion fran\u00e7aise.<\/p>\n\n\n\n<p class=\"wp-block-paragraph\"><\/p>\n\n\n\n<h3 class=\"wp-block-heading\">Fl\u00e2ner au Mus\u00e9e des Alpilles<\/h3>\n\n\n\n<figure class=\"wp-block-image alignwide size-full\"><img loading=\"lazy\" decoding=\"async\" width=\"1000\" height=\"710\" src=\"https:\/\/images.winalist.com\/blog\/wp-content\/uploads\/2025\/01\/26192714\/alpilles-museum.jpg\" alt=\"- - -\" class=\"wp-image-61079\" title=\"- - -\" srcset=\"https:\/\/images.winalist.com\/blog\/wp-content\/uploads\/2025\/01\/26192714\/alpilles-museum.jpg 1000w, https:\/\/images.winalist.com\/blog\/wp-content\/uploads\/2025\/01\/26192714\/alpilles-museum-768x545.jpg 768w, https:\/\/images.winalist.com\/blog\/wp-content\/uploads\/2025\/01\/26192714\/alpilles-museum-600x426.jpg 600w\" sizes=\"(max-width: 1000px) 100vw, 1000px\" \/><\/figure>\n\n\n\n<p class=\"wp-block-paragraph\">S\u2019inscrivant dans le patrimoine historique de Saint-R\u00e9my-de-Provence, le <strong>Mus\u00e9e des Alpilles<\/strong> est un v\u00e9ritable tr\u00e9sor culturel. Il met en valeur la culture proven\u00e7ale, les traditions locales et l\u2019histoire de la r\u00e9gion des Alpilles. Nich\u00e9 dans un h\u00f4tel particulier class\u00e9 Monument Historique, le mus\u00e9e propose des collections vari\u00e9es allant des arts graphiques aux objets du quotidien, accompagnant tout au long de votre visite les passionn\u00e9s d\u2019histoire et d\u2019ethnographie.<\/p>\n\n\n\n<p class=\"wp-block-paragraph\"><\/p>\n\n\n\n<h2 class=\"wp-block-heading\">Les meilleures choses \u00e0 faire autour de Saint-R\u00e9my-de-Provence<\/h2>\n\n\n\n<p class=\"wp-block-paragraph\"><\/p>\n\n\n\n<h3 class=\"wp-block-heading\">Explorer Les Baux-de-Provence, un village perch\u00e9 majestueux<\/h3>\n\n\n\n<figure class=\"wp-block-image alignwide size-large\"><img loading=\"lazy\" decoding=\"async\" width=\"1500\" height=\"602\" src=\"https:\/\/images.winalist.com\/blog\/wp-content\/uploads\/2022\/04\/08161324\/AdobeStock_185533317-1500x602.jpeg\" alt=\"- - -\" class=\"wp-image-27563\" title=\"- - -\" srcset=\"https:\/\/images.winalist.com\/blog\/wp-content\/uploads\/2022\/04\/08161324\/AdobeStock_185533317-1500x602.jpeg 1500w, https:\/\/images.winalist.com\/blog\/wp-content\/uploads\/2022\/04\/08161324\/AdobeStock_185533317-600x241.jpeg 600w, https:\/\/images.winalist.com\/blog\/wp-content\/uploads\/2022\/04\/08161324\/AdobeStock_185533317-768x308.jpeg 768w, https:\/\/images.winalist.com\/blog\/wp-content\/uploads\/2022\/04\/08161324\/AdobeStock_185533317-1536x616.jpeg 1536w, https:\/\/images.winalist.com\/blog\/wp-content\/uploads\/2022\/04\/08161324\/AdobeStock_185533317-1290x517.jpeg 1290w, https:\/\/images.winalist.com\/blog\/wp-content\/uploads\/2022\/04\/08161324\/AdobeStock_185533317.jpeg 1920w\" sizes=\"(max-width: 1500px) 100vw, 1500px\" \/><\/figure>\n\n\n\n<p class=\"wp-block-paragraph\">\u00c0 seulement 15 minutes de voiture de Saint-R\u00e9my-de-Provence, ne manquez pas l\u2019un des plus beaux villages de France : <strong>Les Baux-de-Provence<\/strong>. Ce lieu charg\u00e9 d\u2019histoire est nich\u00e9 au c\u0153ur du massif des Alpilles, offrant un panorama exceptionnel \u00e0 couper le souffle. En visitant ce village, vous d\u00e9couvrirez un patrimoine historique exceptionnel, incluant les c\u00e9l\u00e8bres Carri\u00e8res de Lumi\u00e8res, une exp\u00e9rience unique o\u00f9 l\u2019art num\u00e9rique immersif donne vie aux chefs-d\u2019\u0153uvre artistiques. Ne manquez pas notre article pour <a href=\"https:\/\/www.winalist.fr\/blog\/france\/provence\/visiter-les-baux-de-provence\" data-type=\"post\" data-id=\"11572\">visiter les baux de Provence<\/a> et ne rien manquer.<\/p>\n\n\n\n<p class=\"wp-block-paragraph\"><\/p>\n\n\n\n<h3 class=\"wp-block-heading\">S&rsquo;aventurer sur les sentiers de randonn\u00e9e des Alpilles<\/h3>\n\n\n\n<figure class=\"wp-block-image alignwide size-large\"><img loading=\"lazy\" decoding=\"async\" width=\"1500\" height=\"1000\" src=\"https:\/\/images.winalist.com\/blog\/wp-content\/uploads\/2021\/10\/27133857\/adobestock-132741621-1500x1000.jpeg\" alt=\"- - -\" class=\"wp-image-33398\" title=\"- - -\" srcset=\"https:\/\/images.winalist.com\/blog\/wp-content\/uploads\/2021\/10\/27133857\/adobestock-132741621-1500x1000.jpeg 1500w, https:\/\/images.winalist.com\/blog\/wp-content\/uploads\/2021\/10\/27133857\/adobestock-132741621-600x400.jpeg 600w, https:\/\/images.winalist.com\/blog\/wp-content\/uploads\/2021\/10\/27133857\/adobestock-132741621-768x512.jpeg 768w, https:\/\/images.winalist.com\/blog\/wp-content\/uploads\/2021\/10\/27133857\/adobestock-132741621-1536x1024.jpeg 1536w, https:\/\/images.winalist.com\/blog\/wp-content\/uploads\/2021\/10\/27133857\/adobestock-132741621-1290x860.jpeg 1290w, https:\/\/images.winalist.com\/blog\/wp-content\/uploads\/2021\/10\/27133857\/adobestock-132741621.jpeg 1620w\" sizes=\"(max-width: 1500px) 100vw, 1500px\" \/><\/figure>\n\n\n\n<p class=\"wp-block-paragraph\">Les sentiers de <strong>randonn\u00e9e<\/strong> du <strong>Massif des Alpilles<\/strong> offrent une promenade \u00e0 travers paysages enchanteurs, vignes et champs d\u2019oliviers. Nich\u00e9es au c\u0153ur des Alpilles, ces randonn\u00e9es vous guident \u00e0 travers des vues panoramiques sur cette r\u00e9gion proven\u00e7ale ainsi que des sites arch\u00e9ologiques. Une activit\u00e9 parfaite pour les photographes et peintres ou simplement pour respirer l\u2019air proven\u00e7al.<\/p>\n\n\n\n<p class=\"wp-block-paragraph\"><\/p>\n\n\n\n<h3 class=\"wp-block-heading\">Passer une journ\u00e9e \u00e0 Avignon, la capitale historique<\/h3>\n\n\n\n<figure class=\"wp-block-image alignwide size-large\"><img loading=\"lazy\" decoding=\"async\" width=\"1500\" height=\"1001\" src=\"https:\/\/images.winalist.com\/blog\/wp-content\/uploads\/2024\/01\/31160734\/AdobeStock_215601017-1-1500x1001.jpeg\" alt=\"- - -\" class=\"wp-image-27061\" title=\"- - -\" srcset=\"https:\/\/images.winalist.com\/blog\/wp-content\/uploads\/2024\/01\/31160734\/AdobeStock_215601017-1-1500x1001.jpeg 1500w, https:\/\/images.winalist.com\/blog\/wp-content\/uploads\/2024\/01\/31160734\/AdobeStock_215601017-1-600x400.jpeg 600w, https:\/\/images.winalist.com\/blog\/wp-content\/uploads\/2024\/01\/31160734\/AdobeStock_215601017-1-768x513.jpeg 768w, https:\/\/images.winalist.com\/blog\/wp-content\/uploads\/2024\/01\/31160734\/AdobeStock_215601017-1-1536x1025.jpeg 1536w, https:\/\/images.winalist.com\/blog\/wp-content\/uploads\/2024\/01\/31160734\/AdobeStock_215601017-1-1290x861.jpeg 1290w, https:\/\/images.winalist.com\/blog\/wp-content\/uploads\/2024\/01\/31160734\/AdobeStock_215601017-1.jpeg 1618w\" sizes=\"(max-width: 1500px) 100vw, 1500px\" \/><\/figure>\n\n\n\n<p class=\"wp-block-paragraph\">En un trajet d\u2019\u00e0 peine 30 minutes de Saint-R\u00e9my-de-Provence, <strong>Avignon<\/strong>, la c\u00e9l\u00e8bre cit\u00e9 des papes, vous accueille avec ses monuments class\u00e9s au patrimoine mondial de l\u2019UNESCO. Promenez-vous dans son centre historique pour admirer l\u2019impressionnant Palais des Papes, le pittoresque Pont d\u2019Avignon et ses charmantes rues ombrag\u00e9es. En explorant cette ville embl\u00e9matique, vous comprendrez pourquoi elle est un v\u00e9ritable joyau culturel de Provence. Pour enrichir votre immersion, d\u00e9couvrez \u00e9galement ses vins locaux en vous rendant dans l\u2019un de ses domaines viticoles renomm\u00e9s. Ne manquez pas notre guide d\u00e9di\u00e9 pour <a href=\"https:\/\/www.winalist.fr\/blog\/france\/vignoble-de-la-vallee-du-rhone\/avignon-et-ses-alentours\" data-type=\"post\" data-id=\"11805\">Visiter Avignon<\/a>.<\/p>\n\n\n\n<p class=\"wp-block-paragraph\"><\/p>\n\n\n\n<h3 class=\"wp-block-heading\">D\u00e9guster les vins raffin\u00e9s de la r\u00e9gion de Provence<\/h3>\n\n\n\n<figure class=\"wp-block-image alignwide size-large\"><img decoding=\"async\" src=\"https:\/\/media.winalist.com\/prod\/uploads\/lAhYq8ZNGueW.jpg\" alt=\"- - -\" title=\"- - -\"><\/figure>\n\n\n\n<p class=\"wp-block-paragraph\">Autour de Saint-R\u00e9my-de-Provence se trouvent de nombreux vignobles et domaines viticoles qui mettent en valeur les saveurs authentiques de Provence. Le terroir des Alpilles est r\u00e9put\u00e9 pour ses vins d\u2019exception, notamment ceux de l\u2019appellation Les Baux-de-Provence. Si le vin vous passionne, une visite des domaines tels que Ch\u00e2teau Dalmeran ou Ch\u00e2teau de Romanin est incontournable pour comprendre la magie de ces cr\u00e9ations. Ne manquez pas de consulter notre s\u00e9lection des <a href=\"https:\/\/www.winalist.fr\/regions\/provence\">meilleurs vignobles Provence<\/a> pour organiser vos d\u00e9gustations et mieux d\u00e9couvrir la richesse viticole locale.<\/p>\n\n\n\n<p class=\"wp-block-paragraph\"><\/p>\n\n\n\n<div id=\"winalist-partner-widget-qln6tjtc88\" class=\"winalist-partner-widget\" data-utms=\"utm_source=blog&#038;utm_medium=blog&#038;utm_campaign=affiliatewidget\"><\/div>\n        <script type=\"application\/javascript\">\n          var winalistWidget = document.getElementById('winalist-partner-widget-qln6tjtc88');\n          var i = document.createElement(\"iframe\");\n          i.style.border = \"none\";\n          i.style.width = \"100%\";\n          i.style.minHeight = \"550px\";i.setAttribute(\"src\", \"https:\/\/www.winalist.fr\/w\/embed?partner=14&type=experiences-slider&slider_type=location&city_id=265&locale=fr_FR&activity_id=any&display_title=yes\");\n          if(winalistWidget) winalistWidget.prepend(i);\n        <\/script>\n        <script type=\"application\/javascript\" src=\"https:\/\/cdn.winalist.com\/widget\/affiliate-widget-config.min.js\"><\/script>\n\n\n\n<h3 class=\"wp-block-heading\">Marcher sur les pas de Van Gogh \u00e0 Arles<\/h3>\n\n\n\n<figure class=\"wp-block-image alignwide size-large\"><img loading=\"lazy\" decoding=\"async\" width=\"1024\" height=\"767\" src=\"https:\/\/images.winalist.com\/blog\/wp-content\/uploads\/2021\/04\/26143957\/AdobeStock_297878497-1-1024x767.jpeg\" alt=\"arles r\u00e9gion\" class=\"wp-image-12798\" title=\"- - -\" srcset=\"https:\/\/images.winalist.com\/blog\/wp-content\/uploads\/2021\/04\/26143957\/AdobeStock_297878497-1-1024x767.jpeg 1024w, https:\/\/images.winalist.com\/blog\/wp-content\/uploads\/2021\/04\/26143957\/AdobeStock_297878497-1-300x225.jpeg 300w, https:\/\/images.winalist.com\/blog\/wp-content\/uploads\/2021\/04\/26143957\/AdobeStock_297878497-1-768x576.jpeg 768w, https:\/\/images.winalist.com\/blog\/wp-content\/uploads\/2021\/04\/26143957\/AdobeStock_297878497-1-1536x1151.jpeg 1536w, https:\/\/images.winalist.com\/blog\/wp-content\/uploads\/2021\/04\/26143957\/AdobeStock_297878497-1-1441x1080.jpeg 1441w, https:\/\/images.winalist.com\/blog\/wp-content\/uploads\/2021\/04\/26143957\/AdobeStock_297878497-1-400x300.jpeg 400w, https:\/\/images.winalist.com\/blog\/wp-content\/uploads\/2021\/04\/26143957\/AdobeStock_297878497-1-370x277.jpeg 370w, https:\/\/images.winalist.com\/blog\/wp-content\/uploads\/2021\/04\/26143957\/AdobeStock_297878497-1-800x600.jpeg 800w, https:\/\/images.winalist.com\/blog\/wp-content\/uploads\/2021\/04\/26143957\/AdobeStock_297878497-1-20x15.jpeg 20w, https:\/\/images.winalist.com\/blog\/wp-content\/uploads\/2021\/04\/26143957\/AdobeStock_297878497-1-185x139.jpeg 185w, https:\/\/images.winalist.com\/blog\/wp-content\/uploads\/2021\/04\/26143957\/AdobeStock_297878497-1-740x555.jpeg 740w, https:\/\/images.winalist.com\/blog\/wp-content\/uploads\/2021\/04\/26143957\/AdobeStock_297878497-1-1600x1199.jpeg 1600w, https:\/\/images.winalist.com\/blog\/wp-content\/uploads\/2021\/04\/26143957\/AdobeStock_297878497-1-64x48.jpeg 64w, https:\/\/images.winalist.com\/blog\/wp-content\/uploads\/2021\/04\/26143957\/AdobeStock_297878497-1.jpeg 1920w\" sizes=\"(max-width: 1024px) 100vw, 1024px\" \/><\/figure>\n\n\n\n<p class=\"wp-block-paragraph\">\u00c0 environ 30 minutes de voiture de Saint-R\u00e9my, la ville d\u2019<strong>Arles<\/strong> vous invite \u00e0 plonger dans la vie et les inspirations du c\u00e9l\u00e8bre peintre <strong>Vincent van Gogh<\/strong>. Cette ville class\u00e9e, \u00e0 la crois\u00e9e des cultures antique et artistique, est parfaite pour les passionn\u00e9s d\u2019art et d\u2019histoire. En plus de ses sites arch\u00e9ologiques tels que le <strong>th\u00e9\u00e2tre antique<\/strong> ou les <strong>ar\u00e8nes romaines<\/strong>, Arles offre des promenades inspir\u00e9es par l&rsquo;\u0153uvre de Van Gogh, sur les lieux m\u00eames o\u00f9 il peignit certaines de ses \u0153uvres les plus embl\u00e9matiques. Une part incontournable de la culture proven\u00e7ale \u00e0 d\u00e9couvrir.<\/p>\n\n\n\n<p class=\"wp-block-paragraph\"><\/p>\n\n\n\n<h2 class=\"wp-block-heading\">Bon \u00e0 savoir pour visiter Saint-R\u00e9my-de-Provence<\/h2>\n\n\n<div id=\"rank-math-faq\" class=\"rank-math-block\">\n<div class=\"rank-math-list \">\n<div id=\"faq-question-1234567890\" class=\"rank-math-list-item\">\n<h3 class=\"rank-math-question \">Pourquoi visiter Saint-R\u00e9my-de-Provence ?<\/h3>\n<div class=\"rank-math-answer \">\n\n<p>Saint-R\u00e9my-de-Provence est une destination incontournable de la Provence, r\u00e9put\u00e9e pour ses paysages pittoresques, ses champs de lavande et ses oliviers \u00e0 perte de vue. Elle est \u00e9galement connue pour son riche patrimoine historique, comme le site arch\u00e9ologique de Glanum, et son lien avec Vincent van Gogh, qui y a v\u00e9cu et cr\u00e9\u00e9 certaines de ses \u0153uvres les plus c\u00e9l\u00e8bres.<\/p>\n\n<\/div>\n<\/div>\n<div id=\"faq-question-0987654321\" class=\"rank-math-list-item\">\n<h3 class=\"rank-math-question \">Que peut-on visiter \u00e0 Saint-R\u00e9my-de-Provence ?<\/h3>\n<div class=\"rank-math-answer \">\n\n<p>Parmi les lieux embl\u00e9matiques, ne manquez pas :<\/p>\n<ul>\n<li><strong>Le site de Glanum :<\/strong> des ruines romaines spectaculaires \u00e0 explorer.<\/li>\n<li><strong>Le Monast\u00e8re Saint-Paul-de-Mausole :<\/strong> o\u00f9 Vincent van Gogh a s\u00e9journ\u00e9.<\/li>\n<li><strong>Les charmantes ruelles du centre-ville :<\/strong> id\u00e9ales pour fl\u00e2ner, d\u00e9couvrir des boutiques artisanales et savourer l\u2019atmosph\u00e8re proven\u00e7ale.<\/li>\n<\/ul>\n\n<\/div>\n<\/div>\n<div id=\"faq-question-1122334455\" class=\"rank-math-list-item\">\n<h3 class=\"rank-math-question \">Que faire autour de Saint-R\u00e9my-de-Provence ?<\/h3>\n<div class=\"rank-math-answer \">\n\n<p>Les alentours regorgent de merveilles \u00e0 d\u00e9couvrir :<\/p>\n<ul>\n<li><strong>Les Baux-de-Provence :<\/strong> un des plus beaux villages perch\u00e9s de France.<\/li>\n<li><strong>Le parc naturel des Alpilles :<\/strong> id\u00e9al pour des randonn\u00e9es au c\u0153ur de paysages sublimes.<\/li>\n<li><strong>Le moulin de Daudet \u00e0 Fontvieille :<\/strong> parfait pour une immersion dans la litt\u00e9rature proven\u00e7ale.<\/li>\n<\/ul>\n\n<\/div>\n<\/div>\n<div id=\"faq-question-2233445566\" class=\"rank-math-list-item\">\n<h3 class=\"rank-math-question \">Combien de temps faut-il pour visiter Saint-R\u00e9my-de-Provence ?<\/h3>\n<div class=\"rank-math-answer \">\n\n<p>Pour une visite compl\u00e8te de Saint-R\u00e9my-de-Provence et de ses principaux sites, pr\u00e9voyez au moins 2 jours. Si vous souhaitez explorer ses alentours, un s\u00e9jour de 3 \u00e0 4 jours est recommand\u00e9.<\/p>\n\n<\/div>\n<\/div>\n<div id=\"faq-question-3344556677\" class=\"rank-math-list-item\">\n<h3 class=\"rank-math-question \">Que faire \u00e0 Saint-R\u00e9my-de-Provence quand il pleut ?<\/h3>\n<div class=\"rank-math-answer \">\n\n<p>En cas de pluie, vous pouvez visiter le <strong>Mus\u00e9e Estrine<\/strong>, d\u00e9di\u00e9 \u00e0 l&rsquo;art moderne et \u00e0 Van Gogh. D\u2019autres suggestions incluent la d\u00e9couverte des boutiques artisanales en centre-ville, une exp\u00e9rience culinaire dans un restaurant local ou encore un soin d\u00e9tente dans l\u2019un des spas luxueux de la r\u00e9gion.<\/p>\n\n<\/div>\n<\/div>\n<div id=\"faq-question-4455667788\" class=\"rank-math-list-item\">\n<h3 class=\"rank-math-question \">Quels sont les meilleurs restaurants pour d\u00e9couvrir la cuisine locale \u00e0 Saint-R\u00e9my-de-Provence ?<\/h3>\n<div class=\"rank-math-answer \">\n\n<p>Pour d\u00e9guster de d\u00e9licieux plats proven\u00e7aux, voici quelques adresses \u00e0 ne pas manquer :<\/p>\n<ul>\n<li><strong>Le Bistrot D\u00e9couverte :<\/strong> reconnu pour sa cuisine raffin\u00e9e et ses produits locaux.<\/li>\n<li><strong>L\u2019Auberge de Saint R\u00e9my :<\/strong> id\u00e9al pour une exp\u00e9rience gastronomique exceptionnelle.<\/li>\n<li><strong>La Table d\u2019Yvan :<\/strong> parfaite pour savourer des plats typiques dans un cadre authentique.<\/li>\n<\/ul>\n\n<\/div>\n<\/div>\n<div id=\"faq-question-5566778899\" class=\"rank-math-list-item\">\n<h3 class=\"rank-math-question \">Quels sont les meilleurs endroits o\u00f9 s\u00e9journer \u00e0 Saint-R\u00e9my-de-Provence ?<\/h3>\n<div class=\"rank-math-answer \">\n\n<p>Voici quelques options selon votre budget :<\/p>\n<ul>\n<li><strong>H\u00f4tel de Tourrel :<\/strong> un boutique-h\u00f4tel luxueux au charme proven\u00e7al moderne.<\/li>\n<li><strong>Le Mas des Carassins :<\/strong> une option romantique dans une ancienne bastide proven\u00e7ale.<\/li>\n<li><strong>H\u00f4tel Sous les Figuiers :<\/strong> un h\u00e9bergement familial avec une ambiance chaleureuse.<\/li>\n<\/ul>\n\n<\/div>\n<\/div>\n<div id=\"faq-question-6677889900\" class=\"rank-math-list-item\">\n<h3 class=\"rank-math-question \">Quand est-il pr\u00e9f\u00e9rable de visiter Saint-R\u00e9my-de-Provence ?<\/h3>\n<div class=\"rank-math-answer \">\n\n<p>La meilleure p\u00e9riode pour visiter est au printemps (avril \u00e0 juin) et \u00e0 l\u2019automne (septembre \u00e0 octobre), lorsque les temp\u00e9ratures sont agr\u00e9ables et la nature est \u00e0 son apog\u00e9e. Pour profiter des champs de lavande, planifiez votre voyage en juin ou juillet. L\u2019\u00e9t\u00e9 est \u00e9galement une p\u00e9riode populaire malgr\u00e9 des temp\u00e9ratures \u00e9lev\u00e9es.<\/p>\n\n<\/div>\n<\/div>\n<div id=\"faq-question-7788990011\" class=\"rank-math-list-item\">\n<h3 class=\"rank-math-question \">Est-ce que Saint-R\u00e9my-de-Provence vaut vraiment la peine d\u2019\u00eatre visit\u00e9 ?<\/h3>\n<div class=\"rank-math-answer \">\n\n<p>Absolument ! Saint-R\u00e9my-de-Provence est une destination qui combine histoire, culture, gastronomie et nature. Que vous soyez amateur de vieilles pierres, de beaux paysages ou de cuisine savoureuse, cette ville a tout pour plaire. Son ambiance typiquement proven\u00e7ale est un atout suppl\u00e9mentaire pour s\u00e9duire tout type de voyageur.<\/p>\n\n<\/div>\n<\/div>\n<div id=\"faq-question-8899001122\" class=\"rank-math-list-item\">\n<h3 class=\"rank-math-question \">O\u00f9 se promener \u00e0 Saint-R\u00e9my-de-Provence ?<\/h3>\n<div class=\"rank-math-answer \">\n\n<p>Pour une promenade agr\u00e9able, explorez les ruelles pittoresques du centre historique, les alentours du site de Glanum, ou partez en randonn\u00e9e dans le parc naturel des Alpilles. Ces lieux offrent une bouff\u00e9e d\u2019air frais et une immersion totale au c\u0153ur de la culture proven\u00e7ale.<\/p>\n\n<\/div>\n<\/div>\n<\/div>\n<\/div>","protected":false},"excerpt":{"rendered":"<p>Nich\u00e9e au c\u0153ur de la Provence, la charmante ville de Saint-R\u00e9my-de-Provence est un joyau \u00e0 d\u00e9couvrir pour les amateurs d&rsquo;art, d&rsquo;histoire et de nature. Avec ses ruelles pittoresques, ses boulevards ombrag\u00e9s et ses march\u00e9s typiques, cette ville proven\u00e7ale offre tout pour vivre proven\u00e7al et profiter d\u2019une exp\u00e9rience unique. Que vous soyez captiv\u00e9 par les \u0153uvres &hellip; <\/p>\n","protected":false},"author":12,"featured_media":33413,"comment_status":"open","ping_status":"closed","sticky":false,"template":"","format":"standard","meta":{"_acf_changed":false,"_eb_attr":"","_tripp_layout":"","winalist_lat":"","winalist_lng":"","winalist_map_hide":"","_tripp_review":[],"_tripp_coupon":[],"footnotes":""},"categories":[663],"tags":[2360,30065,191,2359,2376],"destination":[],"class_list":["post-33405","post","type-post","status-publish","format-standard","has-post-thumbnail","hentry","category-provence","tag-alpilles","tag-cityguide","tag-provence","tag-saint-remy-de-provence","tag-van-gogh","entry"],"acf":{"winalist_tldr_title":"","winalist_tldr_time":"","winalist_tldr_top":"","winalist_tldr_budget":"","winalist_tldr_period":"","winalist_tldr_transport":"","winalist_tldr_custom":null,"winalist_tldr_cta_text":"","winalist_tldr_cta_url":"","winalist_tips_enabled":true,"winalist_tips_list":null},"_links":{"self":[{"href":"https:\/\/www.winalist.fr\/blog\/wp-json\/wp\/v2\/posts\/33405","targetHints":{"allow":["GET"]}}],"collection":[{"href":"https:\/\/www.winalist.fr\/blog\/wp-json\/wp\/v2\/posts"}],"about":[{"href":"https:\/\/www.winalist.fr\/blog\/wp-json\/wp\/v2\/types\/post"}],"author":[{"embeddable":true,"href":"https:\/\/www.winalist.fr\/blog\/wp-json\/wp\/v2\/users\/12"}],"replies":[{"embeddable":true,"href":"https:\/\/www.winalist.fr\/blog\/wp-json\/wp\/v2\/comments?post=33405"}],"version-history":[{"count":3,"href":"https:\/\/www.winalist.fr\/blog\/wp-json\/wp\/v2\/posts\/33405\/revisions"}],"predecessor-version":[{"id":61080,"href":"https:\/\/www.winalist.fr\/blog\/wp-json\/wp\/v2\/posts\/33405\/revisions\/61080"}],"wp:featuredmedia":[{"embeddable":true,"href":"https:\/\/www.winalist.fr\/blog\/wp-json\/wp\/v2\/media\/33413"}],"wp:attachment":[{"href":"https:\/\/www.winalist.fr\/blog\/wp-json\/wp\/v2\/media?parent=33405"}],"wp:term":[{"taxonomy":"category","embeddable":true,"href":"https:\/\/www.winalist.fr\/blog\/wp-json\/wp\/v2\/categories?post=33405"},{"taxonomy":"post_tag","embeddable":true,"href":"https:\/\/www.winalist.fr\/blog\/wp-json\/wp\/v2\/tags?post=33405"},{"taxonomy":"destination","embeddable":true,"href":"https:\/\/www.winalist.fr\/blog\/wp-json\/wp\/v2\/destination?post=33405"}],"curies":[{"name":"wp","href":"https:\/\/api.w.org\/{rel}","templated":true}]}}