{"id":17056,"date":"2022-04-20T16:19:27","date_gmt":"2022-04-20T14:19:27","guid":{"rendered":"https:\/\/www.winalist.fr\/blog?p=17056"},"modified":"2026-08-13T13:21:26","modified_gmt":"2026-08-13T11:21:26","slug":"que-faire-a-porto-week-end","status":"publish","type":"post","link":"https:\/\/www.winalist.fr\/blog\/portugal\/vignoble-du-douro\/que-faire-a-porto-week-end","title":{"rendered":"Que faire \u00e0 Porto ? Les incontournables \u00e0 visiter en un week-end"},"content":{"rendered":"\n<p class=\"wp-block-paragraph\">Bienvenue \u00e0 Porto, la deuxi\u00e8me ville du Portugal\u2026 et sans doute l\u2019une des plus attachantes\u202f! \u00c0 taille humaine mais pleine de surprises, Porto est une destination id\u00e9ale pour un week-end ou un s\u00e9jour de quelques jours. Entre authenticit\u00e9 et modernit\u00e9, traditions culinaires et vins de caract\u00e8re, cette ville au charme irr\u00e9sistible vous invite \u00e0 vivre une exp\u00e9rience unique. <br><strong>Visiter Porto en un week-end<\/strong>, c\u2019est savourer un plat typique dans une taverne familiale, ou s\u2019offrir un d\u00eener gastronomique avec vue sur le Douro. C\u2019est aussi, fl\u00e2ner dans les ruelles color\u00e9es de la Ribeira, admirer les azulejos, et bien s\u00fbr, <a href=\"https:\/\/www.winalist.fr\/cities\/porto\">visiter les caves de vin de Porto<\/a>.<br><br>Notre \u00e9quipe, install\u00e9e sur place, vous a concoct\u00e9 l&rsquo;itin\u00e9raire parfait : celui qui m\u00eale les monuments iconiques et nos adresses secr\u00e8tes de locaux.<\/p>\n\n\n\n<p class=\"wp-block-paragraph\"><\/p>\n\n\n\n<h2 class=\"wp-block-heading\">Visiter Porto : TOP 15 des meilleures choses \u00e0 faire<\/h2>\n\n\n\n<p class=\"wp-block-paragraph\">En jetant un \u0153il \u00e0 notre carte interactive, vous pourriez penser que notre \u00e9quipe a un peu trop abus\u00e9 du vin de Porto en tra\u00e7ant cet itin\u00e9raire\u2026 Mais rassurez-vous : chaque d\u00e9tour a \u00e9t\u00e9 pens\u00e9 avec soin ! Porto est une ville b\u00e2tie sur les flancs escarp\u00e9s du Douro, et croyez-nous, ses ruelles en pente et ses escaliers sans fin peuvent vite transformer une balade en s\u00e9ance de sport intensive. C\u2019est pourquoi nous avons con\u00e7u un itin\u00e9raire \u00e9quilibr\u00e9, approuv\u00e9 par toute l\u2019\u00e9quipe, qui vous permettra de d\u00e9couvrir les incontournables de la ville sans trop d&rsquo;effort.<br><br>Cela dit, quelques mont\u00e9es sont in\u00e9vitables (c\u2019est aussi ce qui fait le charme de Porto). Consid\u00e9rez-les comme une fa\u00e7on de compenser les petits plaisirs locaux : <em>francesinha<\/em>, <em>pasteis de nata<\/em>, <em>bolinhos de bacalhau (acras de morue<\/em>)\u2026 Apr\u00e8s tout, d\u00e9couvrir Porto, c\u2019est aussi savourer la cuisine portugaise sans culpabiliser !<\/p>\n\n\n\n<iframe src=\"https:\/\/www.google.com\/maps\/d\/embed?mid=1h6Np9QA6sS48lLFYyBdRadggasgqMVw&#038;ehbc=2E312F&#038;noprof=1\" width=\"840\" height=\"680\"><\/iframe>\n\n\n\n<p class=\"wp-block-paragraph\"><\/p>\n\n\n\n<h2 class=\"wp-block-heading\">Que faire \u00e0 Porto ? Les incontournables du centre historique<\/h2>\n\n\n\n<p class=\"wp-block-paragraph\">D\u00e8s votre arriv\u00e9e \u00e0 Porto, vous serez frapp\u00e9 par son charme unique et sa g\u00e9ographie singuli\u00e8re : la ville est travers\u00e9e par un fleuve, le Douro qui s\u00e9pare le centre historique de Porto et <strong>Vila Nova de Gaia<\/strong>, sur l\u2019autre rive. D\u2019un c\u00f4t\u00e9, les ruelles pittoresques, les monuments embl\u00e9matiques et l\u2019ambiance authentique de Porto. De l\u2019autre, les fameuses caves \u00e0 vin de Porto, que vous aurez s\u00fbrement l&rsquo;occasion de visiter.<br><br>La ville de Porto dispose d\u2019un r\u00e9seau de m\u00e9tro que vous pourrez utiliser pour vous d\u00e9placer, mais s&rsquo;il fait beau et que vous aimez marcher, rien ne vaut une exploration de la ville \u00e0 pied pour d\u00e9couvrir Porto et ses nombreux points d&rsquo;int\u00e9r\u00eats.<br><br>Chez Winalist, Porto est bien plus qu\u2019une simple destination : c\u2019est un vrai <strong>coup de c\u0153ur<\/strong>. Apr\u00e8s plusieurs escapades et une \u00e9quipe install\u00e9e sur place, nous connaissons la ville comme notre poche. Pour vous aider \u00e0 profiter pleinement de votre s\u00e9jour, nous avons rassembl\u00e9 nos meilleurs conseils, bonnes adresses et activit\u00e9s favorites dans ce guide ultime du <strong><strong>TOP 15 des choses \u00e0 faire \u00e0 Porto<\/strong><\/strong>. Suivez-nous pour d\u00e9couvrir Porto comme vous ne l\u2019avez jamais vue \u2013 entre traditions, d\u00e9gustations et ruelles pleines de charme.<\/p>\n\n\n\n<p class=\"wp-block-paragraph\"><\/p>\n\n\n\n<h3 class=\"wp-block-heading\">Monter dans la Torre dos Clerigos&nbsp;<\/h3>\n\n\n\n<figure class=\"wp-block-image alignwide size-large\"><img fetchpriority=\"high\" decoding=\"async\" width=\"1500\" height=\"1000\" src=\"https:\/\/images.winalist.com\/blog\/wp-content\/uploads\/2025\/04\/07101131\/adobestock-439811119-1500x1000.jpeg\" alt=\"- - -\" class=\"wp-image-39430\" title=\"- - -\" srcset=\"https:\/\/images.winalist.com\/blog\/wp-content\/uploads\/2025\/04\/07101131\/adobestock-439811119-1500x1000.jpeg 1500w, https:\/\/images.winalist.com\/blog\/wp-content\/uploads\/2025\/04\/07101131\/adobestock-439811119-600x400.jpeg 600w, https:\/\/images.winalist.com\/blog\/wp-content\/uploads\/2025\/04\/07101131\/adobestock-439811119-768x512.jpeg 768w, https:\/\/images.winalist.com\/blog\/wp-content\/uploads\/2025\/04\/07101131\/adobestock-439811119-1536x1024.jpeg 1536w, https:\/\/images.winalist.com\/blog\/wp-content\/uploads\/2025\/04\/07101131\/adobestock-439811119-1290x860.jpeg 1290w, https:\/\/images.winalist.com\/blog\/wp-content\/uploads\/2025\/04\/07101131\/adobestock-439811119.jpeg 1620w\" sizes=\"(max-width: 1500px) 100vw, 1500px\" \/><\/figure>\n\n\n\n<p class=\"wp-block-paragraph\">Commencez votre d\u00e9couverte de Porto par la <strong>Torre dos Cl\u00e9rigos<\/strong> (Tour des Clercs), perch\u00e9e sur les hauteurs du centre historique. Ce monument embl\u00e9matique offre un panorama spectaculaire sur la ville et constitue un excellent point de d\u00e9part. Depuis cette place centrale, vous pourrez facilement rayonner vers les principaux sites d\u2019int\u00e9r\u00eat de Porto.<\/p>\n\n\n\n<p class=\"wp-block-paragraph\">Bon \u00e0 savoir : Au pied de la tour, ne manquez pas le parc de la <strong>Pra\u00e7a De Lisboa<\/strong>, o\u00f9 vous pourrez trouver le bar \u00e0 ciel ouvert <strong>BASE<\/strong>, un excellent spot pour prendre un verre en fin de journ\u00e9e tout en profitant des derniers rayons de soleil.<\/p>\n\n\n\n<p class=\"wp-block-paragraph\"><\/p>\n\n\n\n<h3 class=\"wp-block-heading\">Visiter la Livraria Lello<\/h3>\n\n\n\n<figure class=\"wp-block-image alignwide size-full\"><img decoding=\"async\" width=\"1620\" height=\"1080\" src=\"https:\/\/images.winalist.com\/blog\/wp-content\/uploads\/2025\/04\/28045047\/adobestock-506047838-editorial-use-only.jpeg\" alt=\"- - -\" class=\"wp-image-38687\" title=\"- - -\" srcset=\"https:\/\/images.winalist.com\/blog\/wp-content\/uploads\/2025\/04\/28045047\/adobestock-506047838-editorial-use-only.jpeg 1620w, https:\/\/images.winalist.com\/blog\/wp-content\/uploads\/2025\/04\/28045047\/adobestock-506047838-editorial-use-only-600x400.jpeg 600w, https:\/\/images.winalist.com\/blog\/wp-content\/uploads\/2025\/04\/28045047\/adobestock-506047838-editorial-use-only-1500x1000.jpeg 1500w, https:\/\/images.winalist.com\/blog\/wp-content\/uploads\/2025\/04\/28045047\/adobestock-506047838-editorial-use-only-768x512.jpeg 768w, https:\/\/images.winalist.com\/blog\/wp-content\/uploads\/2025\/04\/28045047\/adobestock-506047838-editorial-use-only-1536x1024.jpeg 1536w, https:\/\/images.winalist.com\/blog\/wp-content\/uploads\/2025\/04\/28045047\/adobestock-506047838-editorial-use-only-1290x860.jpeg 1290w\" sizes=\"(max-width: 1620px) 100vw, 1620px\" \/><\/figure>\n\n\n\n<p class=\"wp-block-paragraph\">\u00c0 c\u00f4t\u00e9 de la <strong>Torre dos Cl\u00e9rigos<\/strong>, ne manquez pas la <strong>Livraria Lello &amp; Irm\u00e3o<\/strong>, consid\u00e9r\u00e9e comme l\u2019une des plus belles librairies du monde. Inaugur\u00e9e en 1906, elle fascine les visiteurs avec son escalier rouge sculpt\u00e9, ses boiseries n\u00e9ogothiques et sa magnifique verri\u00e8re color\u00e9e. V\u00e9ritable joyau architectural, elle attire chaque jour une foule curieuse de d\u00e9couvrir ce lieu unique o\u00f9 l\u2019on vient autant pour l\u2019esth\u00e9tique que pour les livres. <br><br>Si l\u2019atmosph\u00e8re vous \u00e9voque l\u2019<strong>univers de Harry Potter<\/strong>, sachez que J.K. Rowling n\u2019a jamais confirm\u00e9 s\u2019en \u00eatre inspir\u00e9e \u2013 malgr\u00e9 ce que la l\u00e9gende urbaine veut faire croire. La librairie joue toutefois volontiers avec cet imaginaire, proposant plusieurs ouvrages d\u00e9di\u00e9s \u00e0 la c\u00e9l\u00e8bre saga ainsi qu\u2019un exemplaire rare du premier tome, acquis pour 70 000 \u20ac.<br><br>Bon \u00e0 savoir : L\u2019entr\u00e9e est payante (montant d\u00e9ductible d\u2019un achat de livre). Pensez \u00e0 r\u00e9server votre cr\u00e9neau en ligne \u00e0 l&rsquo;avance, car la file d&rsquo;attente sur la <strong>rua das Carmelitas<\/strong> est impressionnante, m\u00eame avec un ticket.<\/p>\n\n\n\n<p class=\"wp-block-paragraph\"><\/p>\n\n\n\n<h3 class=\"wp-block-heading\">Admirer les Azulejos de Porto<\/h3>\n\n\n\n<figure class=\"wp-block-image alignwide size-large\"><img decoding=\"async\" width=\"1500\" height=\"871\" src=\"https:\/\/images.winalist.com\/blog\/wp-content\/uploads\/2025\/04\/28064045\/adobestock-483623072-1500x871.jpeg\" alt=\"- - -\" class=\"wp-image-38700\" title=\"- - -\" srcset=\"https:\/\/images.winalist.com\/blog\/wp-content\/uploads\/2025\/04\/28064045\/adobestock-483623072-1500x871.jpeg 1500w, https:\/\/images.winalist.com\/blog\/wp-content\/uploads\/2025\/04\/28064045\/adobestock-483623072-600x349.jpeg 600w, https:\/\/images.winalist.com\/blog\/wp-content\/uploads\/2025\/04\/28064045\/adobestock-483623072-768x446.jpeg 768w, https:\/\/images.winalist.com\/blog\/wp-content\/uploads\/2025\/04\/28064045\/adobestock-483623072-1536x892.jpeg 1536w, https:\/\/images.winalist.com\/blog\/wp-content\/uploads\/2025\/04\/28064045\/adobestock-483623072-1290x749.jpeg 1290w, https:\/\/images.winalist.com\/blog\/wp-content\/uploads\/2025\/04\/28064045\/adobestock-483623072.jpeg 1859w\" sizes=\"(max-width: 1500px) 100vw, 1500px\" \/><\/figure>\n\n\n\n<p class=\"wp-block-paragraph\">Impossible de visiter Porto sans \u00eatre fascin\u00e9 par ses fa\u00e7ades d&rsquo;<strong>azulejos<\/strong>. Ces c\u00e9l\u00e8bres carreaux de fa\u00efence typiques qui habillent de nombreuses fa\u00e7ades d&rsquo;\u00e9glises et de maisons portugaises, offrant un patchwork visuel unique qui t\u00e9moigne de l\u2019histoire et du patrimoine de la ville. Pour en prendre plein les yeux, voici quelques beaux exemples de cet art traditionnel portugais :<\/p>\n\n\n\n<ul class=\"wp-block-list\">\n<li><strong>Igreja do Carmo<\/strong> : situ\u00e9e pr\u00e8s du quartier de&nbsp;<strong>Cedofeita<\/strong>, cette \u00e9glise baroque du XVIIIe si\u00e8cle impressionne par sa fa\u00e7ade lat\u00e9rale recouverte de fresques d\u2019azulejos, retra\u00e7ant des sc\u00e8nes religieuses dans un style d\u00e9licat et lumineux.<\/li>\n\n\n\n<li><strong>Capela das Almas<\/strong> : un passage oblig\u00e9 pendant votre vir\u00e9e shopping dans la rua Santa Catarina. Sa fa\u00e7ade est int\u00e9gralement recouverte de pr\u00e8s de 16 000 azulejos bleus et blancs.<\/li>\n\n\n\n<li><strong>Igreja de Santo Ildefonso<\/strong> : En bas de la <strong>rua de Santa Catarina<\/strong>, cette p\u00e9pite architecturale avec sa fa\u00e7ade orn\u00e9e de plus de 11 000 azulejos attire autant les passionn\u00e9s d\u2019histoire que les amateurs de belles photos. <\/li>\n\n\n\n<li><strong>Gare de S\u00e3o Bento<\/strong> : consid\u00e9r\u00e9e comme l\u2019une des plus belles gares du monde. Avant m\u00eame d\u2019apercevoir un train, vous serez captiv\u00e9 par son hall d\u2019entr\u00e9e spectaculaire, enti\u00e8rement d\u00e9cor\u00e9 de plus de <strong>20 000 azulejos<\/strong> peints \u00e0 la main. <\/li>\n\n\n\n<li><strong>S\u00e9 do Porto<\/strong> : si l\u2019int\u00e9rieur de la cath\u00e9drale est majestueux, c\u2019est surtout son <strong>clo\u00eetre orn\u00e9 d\u2019azulejos<\/strong> qui fait toute la diff\u00e9rence. Vous pourrez \u00e9galement <strong>monter au sommet<\/strong> de la Cath\u00e9drale pour profiter d\u2019une vue \u00e0 couper le souffle sur les toits de Porto, le Douro et Vila Nova de Gaia. <\/li>\n<\/ul>\n\n\n\n<p class=\"wp-block-paragraph\"><\/p>\n\n\n\n<h3 class=\"wp-block-heading\">D\u00e9couvrir le Mercado do Bolh\u00e3o<\/h3>\n\n\n\n<figure class=\"wp-block-image alignwide size-large\"><img loading=\"lazy\" decoding=\"async\" width=\"1500\" height=\"1000\" src=\"https:\/\/images.winalist.com\/blog\/wp-content\/uploads\/2025\/04\/28045722\/adobestock-725427818-editorial-use-only-1500x1000.jpeg\" alt=\"- - -\" class=\"wp-image-38690\" title=\"- - -\" srcset=\"https:\/\/images.winalist.com\/blog\/wp-content\/uploads\/2025\/04\/28045722\/adobestock-725427818-editorial-use-only-1500x1000.jpeg 1500w, https:\/\/images.winalist.com\/blog\/wp-content\/uploads\/2025\/04\/28045722\/adobestock-725427818-editorial-use-only-600x400.jpeg 600w, https:\/\/images.winalist.com\/blog\/wp-content\/uploads\/2025\/04\/28045722\/adobestock-725427818-editorial-use-only-768x512.jpeg 768w, https:\/\/images.winalist.com\/blog\/wp-content\/uploads\/2025\/04\/28045722\/adobestock-725427818-editorial-use-only-1536x1024.jpeg 1536w, https:\/\/images.winalist.com\/blog\/wp-content\/uploads\/2025\/04\/28045722\/adobestock-725427818-editorial-use-only-1290x860.jpeg 1290w, https:\/\/images.winalist.com\/blog\/wp-content\/uploads\/2025\/04\/28045722\/adobestock-725427818-editorial-use-only.jpeg 1620w\" sizes=\"(max-width: 1500px) 100vw, 1500px\" \/><\/figure>\n\n\n\n<p class=\"wp-block-paragraph\">Poursuivez votre ballade \u00e0 Porto en rejoignant le <strong>Mercado do Bolh\u00e3o<\/strong>, le march\u00e9 embl\u00e9matique de la ville. Situ\u00e9 en plein centre, \u00e0 deux pas de la <strong>Rua de Santa Catarina<\/strong>, ce march\u00e9 couvert offre une immersion authentique dans la culture portugaise. Ici, ce ne sont pas les \u00e9tals d\u2019un march\u00e9 classique, mais bien une grande halle urbaine, anim\u00e9e par des producteurs, artisans et commer\u00e7ants passionn\u00e9s. On y trouve une belle s\u00e9lection de produits frais : fruits, l\u00e9gumes, charcuterie, poissons, fromages, vins et sp\u00e9cialit\u00e9s locales. Presque tous les stands proposent des <strong>d\u00e9gustations sur place<\/strong>. C&rsquo;est l&rsquo;endroit parfait pour une pause gourmande au c\u0153ur de la ville.<br><br>Sur le chemin, vous passerez par la <strong>Pra\u00e7a do Munic\u00edpio<\/strong>, o\u00f9 tr\u00f4ne l\u2019impressionnant <strong>C\u00e2mara Municipal do Porto<\/strong> (l\u2019h\u00f4tel de ville), un \u00e9difice majestueux qui domine l\u2019avenue dos Aliados.<\/p>\n\n\n\n<p class=\"wp-block-paragraph\"><\/p>\n\n\n\n<h3 class=\"wp-block-heading\">D\u00e9couvrir le Pal\u00e1cio da Bolsa<\/h3>\n\n\n\n<figure class=\"wp-block-image alignwide size-full\"><img loading=\"lazy\" decoding=\"async\" width=\"1620\" height=\"1080\" src=\"https:\/\/images.winalist.com\/blog\/wp-content\/uploads\/2025\/04\/07103342\/adobestock-788413792-editorial-use-only.jpeg\" alt=\"- - -\" class=\"wp-image-39433\" title=\"- - -\" srcset=\"https:\/\/images.winalist.com\/blog\/wp-content\/uploads\/2025\/04\/07103342\/adobestock-788413792-editorial-use-only.jpeg 1620w, https:\/\/images.winalist.com\/blog\/wp-content\/uploads\/2025\/04\/07103342\/adobestock-788413792-editorial-use-only-600x400.jpeg 600w, https:\/\/images.winalist.com\/blog\/wp-content\/uploads\/2025\/04\/07103342\/adobestock-788413792-editorial-use-only-1500x1000.jpeg 1500w, https:\/\/images.winalist.com\/blog\/wp-content\/uploads\/2025\/04\/07103342\/adobestock-788413792-editorial-use-only-768x512.jpeg 768w, https:\/\/images.winalist.com\/blog\/wp-content\/uploads\/2025\/04\/07103342\/adobestock-788413792-editorial-use-only-1536x1024.jpeg 1536w, https:\/\/images.winalist.com\/blog\/wp-content\/uploads\/2025\/04\/07103342\/adobestock-788413792-editorial-use-only-1290x860.jpeg 1290w\" sizes=\"(max-width: 1620px) 100vw, 1620px\" \/><\/figure>\n\n\n\n<p class=\"wp-block-paragraph\">\u00c0 deux pas des quais de la Ribeira, ne manquez pas le magnifique <strong>Pal\u00e1cio da Bolsa<\/strong> (Palais de la Bourse), l\u2019un des b\u00e2timents les plus impressionnants de Porto. Cet ancien si\u00e8ge de la Chambre de Commerce se visite en une trentaine de minutes avec un guide (visites en fran\u00e7ais disponibles). L\u2019int\u00e9rieur du palais abrite deux salles \u00e0 ne pas manquer : <strong>le Salon Mauresque<\/strong>, inspir\u00e9 de l\u2019Alhambra de Grenade, qui m\u00eale arches orientales et d\u00e9tails cisel\u00e9s dans une ambiance spectaculaire et <strong>le Salon Dor\u00e9<\/strong>, enti\u00e8rement d\u00e9cor\u00e9 \u00e0 la feuille d\u2019or. <\/p>\n\n\n\n<p class=\"wp-block-paragraph\"><\/p>\n\n\n\n<h3 class=\"wp-block-heading\">Visiter la conserverie Pinhais \u00e0 Matosinhos<\/h3>\n\n\n\n<figure class=\"wp-block-image size-large\"><img loading=\"lazy\" decoding=\"async\" width=\"1500\" height=\"844\" src=\"https:\/\/images.winalist.com\/blog\/wp-content\/uploads\/2022\/04\/11184658\/img-4833-1-1500x844.jpeg\" alt=\"- - -\" class=\"wp-image-59768\" title=\"- - -\" srcset=\"https:\/\/images.winalist.com\/blog\/wp-content\/uploads\/2022\/04\/11184658\/img-4833-1-1500x844.jpeg 1500w, https:\/\/images.winalist.com\/blog\/wp-content\/uploads\/2022\/04\/11184658\/img-4833-1-600x338.jpeg 600w, https:\/\/images.winalist.com\/blog\/wp-content\/uploads\/2022\/04\/11184658\/img-4833-1-768x432.jpeg 768w, https:\/\/images.winalist.com\/blog\/wp-content\/uploads\/2022\/04\/11184658\/img-4833-1-1536x864.jpeg 1536w, https:\/\/images.winalist.com\/blog\/wp-content\/uploads\/2022\/04\/11184658\/img-4833-1-180x100.jpeg 180w, https:\/\/images.winalist.com\/blog\/wp-content\/uploads\/2022\/04\/11184658\/img-4833-1-1290x726.jpeg 1290w, https:\/\/images.winalist.com\/blog\/wp-content\/uploads\/2022\/04\/11184658\/img-4833-1.jpeg 1920w\" sizes=\"(max-width: 1500px) 100vw, 1500px\" \/><\/figure>\n\n\n\n<p class=\"wp-block-paragraph\">Envie de sortir des sentiers battus ? Direction Matosinhos, \u00e0 quelques stations de m\u00e9tro du centre (ligne A, bleue), pour visiter la <a href=\"https:\/\/www.getyourguide.com\/fr-fr\/conserverie-pinhais-co-l187671\/\" target=\"_blank\" rel=\"noopener\">conserverie Pinhais<\/a>, l&rsquo;une des plus anciennes du Portugal encore en activit\u00e9. Depuis 1920, on y pr\u00e9pare les sardines enti\u00e8rement \u00e0 la main, selon le m\u00eame savoir-faire artisanal qu&rsquo;il y a un si\u00e8cle. <\/p>\n\n\n\n<p class=\"wp-block-paragraph\">Pendant environ 1h30, vous traverserez les ateliers en pleine production, d\u00e9couvrirez chaque \u00e9tape du processus, et vous pourrez m\u00eame emballer votre propre bo\u00eete de conserve comme les ouvri\u00e8res de la maison. La visite se termine en beaut\u00e9 au Can-Tin Caf\u00e9 avec une d\u00e9gustation de conserves accompagn\u00e9e d&rsquo;un verre de vin. Une exp\u00e9rience authentique et d\u00e9licieusement r\u00e9tro, parfaite \u00e0 combiner avec un d\u00e9jeuner de poisson grill\u00e9 \u00e0 Matosinhos, le quartier des meilleures marisqueiras de la r\u00e9gion.<\/p>\n\n\n\n<p class=\"wp-block-paragraph\"><\/p>\n\n\n\n<h2 class=\"wp-block-heading\">Le long du Douro : De la Ribeira \u00e0 Vila Nova de Gaia<\/h2>\n\n\n\n<h3 id=\"quaisribeira\" class=\"wp-block-heading\">Fl\u00e2ner sur les quais de Ribeira<\/h3>\n\n\n\n<figure class=\"wp-block-image alignwide size-large\"><img loading=\"lazy\" decoding=\"async\" width=\"1500\" height=\"1000\" src=\"https:\/\/images.winalist.com\/blog\/wp-content\/uploads\/2022\/04\/17182614\/adobestock-225722233-1500x1000.jpeg\" alt=\"- - -\" class=\"wp-image-44001\" title=\"- - -\" srcset=\"https:\/\/images.winalist.com\/blog\/wp-content\/uploads\/2022\/04\/17182614\/adobestock-225722233-1500x1000.jpeg 1500w, https:\/\/images.winalist.com\/blog\/wp-content\/uploads\/2022\/04\/17182614\/adobestock-225722233-600x400.jpeg 600w, https:\/\/images.winalist.com\/blog\/wp-content\/uploads\/2022\/04\/17182614\/adobestock-225722233-768x512.jpeg 768w, https:\/\/images.winalist.com\/blog\/wp-content\/uploads\/2022\/04\/17182614\/adobestock-225722233-1536x1024.jpeg 1536w, https:\/\/images.winalist.com\/blog\/wp-content\/uploads\/2022\/04\/17182614\/adobestock-225722233-1290x860.jpeg 1290w, https:\/\/images.winalist.com\/blog\/wp-content\/uploads\/2022\/04\/17182614\/adobestock-225722233.jpeg 1620w\" sizes=\"(max-width: 1500px) 100vw, 1500px\" \/><\/figure>\n\n\n\n<p class=\"wp-block-paragraph\">A<strong> Ribeira<\/strong>, vous d\u00e9couvrirez un des quartiers les plus embl\u00e9matiques et photog\u00e9niques de la ville. Bord\u00e9 par le fleuve Douro, ce quartier, <strong>class\u00e9 au patrimoine mondial de l\u2019UNESCO<\/strong>, incarne l\u2019essence m\u00eame de Porto, entre fa\u00e7ades color\u00e9es, ruelles m\u00e9di\u00e9vales et ambiance vibrante \u00e0 toute heure de la journ\u00e9e.<br><br><em>Bon \u00e0 savoir : Ribeira est aussi l\u2019un des quartiers les plus touristiques de la ville. Si vous pr\u00e9f\u00e9rez une ambiance plus calme et authentique, privil\u00e9giez une balade en matin\u00e9e ou explorez les ruelles \u00e0 l\u2019\u00e9cart du quai principal.<\/em><\/p>\n\n\n\n<p class=\"wp-block-paragraph\"><\/p>\n\n\n\n<h3 class=\"wp-block-heading\">Traverser le Pont Dom Lu\u00eds I<\/h3>\n\n\n\n<figure class=\"wp-block-image alignwide size-full\"><img loading=\"lazy\" decoding=\"async\" width=\"1618\" height=\"1080\" src=\"https:\/\/images.winalist.com\/blog\/wp-content\/uploads\/2022\/04\/17192410\/adobestock-181060304.jpeg\" alt=\"- - -\" class=\"wp-image-44014\" title=\"- - -\" srcset=\"https:\/\/images.winalist.com\/blog\/wp-content\/uploads\/2022\/04\/17192410\/adobestock-181060304.jpeg 1618w, https:\/\/images.winalist.com\/blog\/wp-content\/uploads\/2022\/04\/17192410\/adobestock-181060304-600x400.jpeg 600w, https:\/\/images.winalist.com\/blog\/wp-content\/uploads\/2022\/04\/17192410\/adobestock-181060304-1500x1001.jpeg 1500w, https:\/\/images.winalist.com\/blog\/wp-content\/uploads\/2022\/04\/17192410\/adobestock-181060304-768x513.jpeg 768w, https:\/\/images.winalist.com\/blog\/wp-content\/uploads\/2022\/04\/17192410\/adobestock-181060304-1536x1025.jpeg 1536w, https:\/\/images.winalist.com\/blog\/wp-content\/uploads\/2022\/04\/17192410\/adobestock-181060304-1290x861.jpeg 1290w\" sizes=\"(max-width: 1618px) 100vw, 1618px\" \/><\/figure>\n\n\n\n<p class=\"wp-block-paragraph\">Impossible de visiter Porto sans traverser (ou admirer) le <strong>pont Dom Lu\u00eds I<\/strong>. Ce chef-d&rsquo;\u0153uvre m\u00e9tallique, souvent surnomm\u00e9 le \u00ab\u00a0pont Eiffel\u00a0\u00bb, a en r\u00e9alit\u00e9 \u00e9t\u00e9 con\u00e7u par un disciple de Gustave Eiffel. Class\u00e9 au patrimoine mondial de l\u2019UNESCO, il relie Porto \u00e0 Vila Nova de Gaia en enjambant le fleuve du Douro. <br>Plusieurs options s&rsquo;offrent \u00e0 vous pour passer de l\u2019autre c\u00f4t\u00e9 du fleuve, vers Vila Nova de Gaia :<\/p>\n\n\n\n<ul class=\"wp-block-list\">\n<li><strong>depuis les quais de Ribeira<\/strong> : \n<ul class=\"wp-block-list\">\n<li>traverser le pont \u00e0 pied sur sa partie inf\u00e9rieure<\/li>\n\n\n\n<li>prendre un bateau-taxi<\/li>\n<\/ul>\n<\/li>\n\n\n\n<li><strong>depuis le quartier de la S\u00e9 do Porto<\/strong> : \n<ul class=\"wp-block-list\">\n<li>traverser le pont \u00e0 pied sur l&rsquo;\u00e9tage sup\u00e9rieur <\/li>\n\n\n\n<li>traverser le pont en empruntant le m\u00e9tro (la ligne D depuis la station S\u00e3o Bento en direction de Vila Nova de Gaia).<\/li>\n<\/ul>\n<\/li>\n<\/ul>\n\n\n\n<p class=\"wp-block-paragraph\">Si vous le pouvez, traversez le pont \u00e0 pied au moment du coucher de soleil pour profiter d\u2019une vue spectaculaire sur les deux rives.<\/p>\n\n\n\n<p class=\"wp-block-paragraph\"><\/p>\n\n\n\n<h3 class=\"wp-block-heading\">Fl\u00e2ner \u00e0 Vila Nova de Gaia<\/h3>\n\n\n\n<figure class=\"wp-block-image alignwide size-large\"><img loading=\"lazy\" decoding=\"async\" width=\"1500\" height=\"1001\" src=\"https:\/\/images.winalist.com\/blog\/wp-content\/uploads\/2025\/02\/25164609\/adobestock-207688653-1500x1001.jpeg\" alt=\"- - -\" class=\"wp-image-34762\" title=\"- - -\" srcset=\"https:\/\/images.winalist.com\/blog\/wp-content\/uploads\/2025\/02\/25164609\/adobestock-207688653-1500x1001.jpeg 1500w, https:\/\/images.winalist.com\/blog\/wp-content\/uploads\/2025\/02\/25164609\/adobestock-207688653-600x400.jpeg 600w, https:\/\/images.winalist.com\/blog\/wp-content\/uploads\/2025\/02\/25164609\/adobestock-207688653-768x513.jpeg 768w, https:\/\/images.winalist.com\/blog\/wp-content\/uploads\/2025\/02\/25164609\/adobestock-207688653-1536x1025.jpeg 1536w, https:\/\/images.winalist.com\/blog\/wp-content\/uploads\/2025\/02\/25164609\/adobestock-207688653-1290x861.jpeg 1290w, https:\/\/images.winalist.com\/blog\/wp-content\/uploads\/2025\/02\/25164609\/adobestock-207688653.jpeg 1618w\" sizes=\"(max-width: 1500px) 100vw, 1500px\" \/><\/figure>\n\n\n\n<p class=\"wp-block-paragraph\">Situ\u00e9e juste en face de Porto, de l\u2019autre c\u00f4t\u00e9 du Douro, <strong>Vila Nova de Gaia<\/strong> est une \u00e9tape incontournable lors de votre s\u00e9jour \u00e0 Porto. C\u2019est ici que se trouvent les <strong>c\u00e9l\u00e8bres caves \u00e0 vin de Porto<\/strong> o\u00f9 vous pourrez d\u00e9guster le fameux \u00ab\u00a0<strong>Vinho do Porto<\/strong>\u00ab\u00a0. <br><br>En vous baladant le long des quais, vous profiterez d\u2019une vue imprenable sur les fa\u00e7ades color\u00e9es du quartier Ribeira de Porto, tout en d\u00e9couvrant un autre visage de la ville. Entre visites de caves, terrasses anim\u00e9es et croisi\u00e8res sur le Douro, Vila Nova de Gaia m\u00eale culture viticole et panorama exceptionnel \u2014 une exp\u00e9rience \u00e0 ne pas manquer pour tout amateur de vin ou de belles d\u00e9couvertes.<\/p>\n\n\n\n<p class=\"wp-block-paragraph\"><\/p>\n\n\n\n<h3 class=\"wp-block-heading\">Visiter les caves \u00e0 vin de Porto<\/h3>\n\n\n\n<div id=\"winalist-partner-widget-earq8ad1hnh\" class=\"winalist-partner-widget\" data-utms=\"utm_source=blog&#038;utm_medium=blog&#038;utm_campaign=affiliatewidget\"><\/div>\n        <script type=\"application\/javascript\">\n          var winalistWidget = document.getElementById('winalist-partner-widget-earq8ad1hnh');\n          var i = document.createElement(\"iframe\");\n          i.style.border = \"none\";\n          i.style.width = \"100%\";\n          i.style.minHeight = \"550px\";i.setAttribute(\"src\", \"https:\/\/www.winalist.fr\/w\/embed?partner=14&type=slider&slider_show_type=hosts&slider_type=location&city_id=228&locale=fr_FR&activity_id=any&display_title=yes\");\n          if(winalistWidget) winalistWidget.prepend(i);\n        <\/script>\n        <script type=\"application\/javascript\" src=\"https:\/\/cdn.winalist.com\/widget\/affiliate-widget-config.min.js\"><\/script>\n\n\n\n<p class=\"wp-block-paragraph\">Retrouvez la s\u00e9lection Winalist des <a href=\"https:\/\/www.winalist.fr\/cities\/porto\">meilleures caves de Porto<\/a> \u00e0 visiter ci-dessous. Des visites guid\u00e9es y sont effectu\u00e9es tous les jours, mais nous vous conseillons<strong> de r\u00e9server en avance<\/strong>. <br><br>Visiter les caves de Porto peut \u00eatre, pour certains, la raison principale d\u2019une escapade dans la capitale du nord du Portugal, pour d\u2019autres, une des nombreuses activit\u00e9s \u00e0 faire durant le week-end. Dans tous les cas, c\u2019est un passage recommand\u00e9 !<\/p>\n\n\n\t<div class=\"winalist-recos\">\n\t\t\n\t\t<ul class=\"winalist-recos__list\">\n\t\t\t\t\t\t\t<li class=\"winalist-recos__item\">\n\t\t\t\t\t<div class=\"winalist-recos__name\">\n\t\t\t\t\t\t\t\t\t\t\t\t\t<a class=\"winalist-recos__name-link\" href=\"https:\/\/www.winalist.fr\/hosts\/2773\/caves-ferreira\" rel=\"noopener\" target=\"_blank\">Ferreira<\/a>\n\t\t\t\t\t\t\t\t\t\t\t<\/div>\n\t\t\t\t\t<div class=\"winalist-recos__body\">\n\t\t\t\t\t\t<div class=\"winalist-recos__description\">\n\t\t\t\t\t\t\tPour d\u00e9couvrir la seule grande maison de Porto rest\u00e9e 100 % portugaise et l&rsquo;h\u00e9ritage visionnaire de Dona Ant\u00f3nia Ferreira, figure l\u00e9gendaire de la vall\u00e9e du Douro.\t\t\t\t\t\t\t\t\t\t\t\t\t\t\t<span class=\"obfuscate\">\n\t\t\t\t\t\t\t\t\t<a href=\"https:\/\/www.winalist.fr\/hosts\/2773\/caves-ferreira\" class=\"winalist-recos__cta\" rel=\"nofollow noopener\" target=\"_blank\">\n\t\t\t\t\t\t\t\t\t\t<span class=\"winalist-recos__cta-arrow\" aria-hidden=\"true\">\u2192<\/span>\n\t\t\t\t\t\t\t\t\t\tR\u00e9server\t\t\t\t\t\t\t\t\t<\/a>\n\t\t\t\t\t\t\t\t<\/span>\n\t\t\t\t\t\t\t\t\t\t\t\t\t<\/div>\n\t\t\t\t\t<\/div>\n\t\t\t\t<\/li>\n\t\t\t\t\t\t\t<li class=\"winalist-recos__item\">\n\t\t\t\t\t<div class=\"winalist-recos__name\">\n\t\t\t\t\t\t\t\t\t\t\t\t\t<a class=\"winalist-recos__name-link\" href=\"https:\/\/www.winalist.fr\/hosts\/693\/espaco-porto-cruz\" rel=\"noopener\" target=\"_blank\">Porto Cruz<\/a>\n\t\t\t\t\t\t\t\t\t\t\t<\/div>\n\t\t\t\t\t<div class=\"winalist-recos__body\">\n\t\t\t\t\t\t<div class=\"winalist-recos__description\">\n\t\t\t\t\t\t\tPour vivre une exp\u00e9rience moderne autour du Porto et terminer la visite sur l&rsquo;un des plus beaux rooftops de Vila Nova de Gaia, face au Douro.\t\t\t\t\t\t\t\t\t\t\t\t\t\t\t<span class=\"obfuscate\">\n\t\t\t\t\t\t\t\t\t<a href=\"https:\/\/www.winalist.fr\/hosts\/693\/espaco-porto-cruz\" class=\"winalist-recos__cta\" rel=\"nofollow noopener\" target=\"_blank\">\n\t\t\t\t\t\t\t\t\t\t<span class=\"winalist-recos__cta-arrow\" aria-hidden=\"true\">\u2192<\/span>\n\t\t\t\t\t\t\t\t\t\tR\u00e9server\t\t\t\t\t\t\t\t\t<\/a>\n\t\t\t\t\t\t\t\t<\/span>\n\t\t\t\t\t\t\t\t\t\t\t\t\t<\/div>\n\t\t\t\t\t<\/div>\n\t\t\t\t<\/li>\n\t\t\t\t\t\t\t<li class=\"winalist-recos__item\">\n\t\t\t\t\t<div class=\"winalist-recos__name\">\n\t\t\t\t\t\t\t\t\t\t\t\t\t<a class=\"winalist-recos__name-link\" href=\"https:\/\/www.winalist.fr\/hosts\/1654\/taylor-s-port\" rel=\"noopener\" target=\"_blank\">Taylor&#039;s<\/a>\n\t\t\t\t\t\t\t\t\t\t\t<\/div>\n\t\t\t\t\t<div class=\"winalist-recos__body\">\n\t\t\t\t\t\t<div class=\"winalist-recos__description\">\n\t\t\t\t\t\t\tPour explorer les chais de l&rsquo;une des plus anciennes maisons de Porto et plonger dans trois si\u00e8cles de savoir-faire, du Douro jusqu&rsquo;\u00e0 Gaia.\t\t\t\t\t\t\t\t\t\t\t\t\t\t\t<span class=\"obfuscate\">\n\t\t\t\t\t\t\t\t\t<a href=\"https:\/\/www.winalist.fr\/hosts\/1654\/taylor-s-port\" class=\"winalist-recos__cta\" rel=\"nofollow noopener\" target=\"_blank\">\n\t\t\t\t\t\t\t\t\t\t<span class=\"winalist-recos__cta-arrow\" aria-hidden=\"true\">\u2192<\/span>\n\t\t\t\t\t\t\t\t\t\tR\u00e9server\t\t\t\t\t\t\t\t\t<\/a>\n\t\t\t\t\t\t\t\t<\/span>\n\t\t\t\t\t\t\t\t\t\t\t\t\t<\/div>\n\t\t\t\t\t<\/div>\n\t\t\t\t<\/li>\n\t\t\t\t\t\t\t<li class=\"winalist-recos__item\">\n\t\t\t\t\t<div class=\"winalist-recos__name\">\n\t\t\t\t\t\t\t\t\t\t\t\t\t<a class=\"winalist-recos__name-link\" href=\"https:\/\/www.winalist.fr\/hosts\/2772\/sandeman\" rel=\"noopener\" target=\"_blank\">Sandeman<\/a>\n\t\t\t\t\t\t\t\t\t\t\t<\/div>\n\t\t\t\t\t<div class=\"winalist-recos__body\">\n\t\t\t\t\t\t<div class=\"winalist-recos__description\">\n\t\t\t\t\t\t\tPour entrer dans l&rsquo;univers iconique du Don, parcourir une collection unique de bouteilles anciennes et remonter aux origines londoniennes de la maison en 1790.\t\t\t\t\t\t\t\t\t\t\t\t\t\t\t<span class=\"obfuscate\">\n\t\t\t\t\t\t\t\t\t<a href=\"https:\/\/www.winalist.fr\/hosts\/2772\/sandeman\" class=\"winalist-recos__cta\" rel=\"nofollow noopener\" target=\"_blank\">\n\t\t\t\t\t\t\t\t\t\t<span class=\"winalist-recos__cta-arrow\" aria-hidden=\"true\">\u2192<\/span>\n\t\t\t\t\t\t\t\t\t\tR\u00e9server\t\t\t\t\t\t\t\t\t<\/a>\n\t\t\t\t\t\t\t\t<\/span>\n\t\t\t\t\t\t\t\t\t\t\t\t\t<\/div>\n\t\t\t\t\t<\/div>\n\t\t\t\t<\/li>\n\t\t\t\t\t\t\t<li class=\"winalist-recos__item\">\n\t\t\t\t\t<div class=\"winalist-recos__name\">\n\t\t\t\t\t\t\t\t\t\t\t\t\t<a class=\"winalist-recos__name-link\" href=\"https:\/\/www.winalist.fr\/hosts\/1648\/fonseca-port-wine-cellar\" rel=\"noopener\" target=\"_blank\">Fonseca<\/a>\n\t\t\t\t\t\t\t\t\t\t\t<\/div>\n\t\t\t\t\t<div class=\"winalist-recos__body\">\n\t\t\t\t\t\t<div class=\"winalist-recos__description\">\n\t\t\t\t\t\t\tPour d\u00e9couvrir, dans des caves centenaires, le r\u00f4le pionnier de Fonseca dans la viticulture durable et le caract\u00e8re singulier de ses vins du Douro.\t\t\t\t\t\t\t\t\t\t\t\t\t\t\t<span class=\"obfuscate\">\n\t\t\t\t\t\t\t\t\t<a href=\"https:\/\/www.winalist.fr\/hosts\/1648\/fonseca-port-wine-cellar\" class=\"winalist-recos__cta\" rel=\"nofollow noopener\" target=\"_blank\">\n\t\t\t\t\t\t\t\t\t\t<span class=\"winalist-recos__cta-arrow\" aria-hidden=\"true\">\u2192<\/span>\n\t\t\t\t\t\t\t\t\t\tR\u00e9server\t\t\t\t\t\t\t\t\t<\/a>\n\t\t\t\t\t\t\t\t<\/span>\n\t\t\t\t\t\t\t\t\t\t\t\t\t<\/div>\n\t\t\t\t\t<\/div>\n\t\t\t\t<\/li>\n\t\t\t\t\t\t\t<li class=\"winalist-recos__item\">\n\t\t\t\t\t<div class=\"winalist-recos__name\">\n\t\t\t\t\t\t\t\t\t\t\t\t\t<a class=\"winalist-recos__name-link\" href=\"https:\/\/www.winalist.fr\/hosts\/1645\/calem-porto\" rel=\"noopener\" target=\"_blank\">C\u00e1lem<\/a>\n\t\t\t\t\t\t\t\t\t\t\t<\/div>\n\t\t\t\t\t<div class=\"winalist-recos__body\">\n\t\t\t\t\t\t<div class=\"winalist-recos__description\">\n\t\t\t\t\t\t\tPour profiter d&rsquo;un parcours immersif m\u00ealant mus\u00e9e interactif, chais historiques et d\u00e9gustation, id\u00e9al pour une premi\u00e8re d\u00e9couverte du vin de Porto.\t\t\t\t\t\t\t\t\t\t\t\t\t\t\t<span class=\"obfuscate\">\n\t\t\t\t\t\t\t\t\t<a href=\"https:\/\/www.winalist.fr\/hosts\/1645\/calem-porto\" class=\"winalist-recos__cta\" rel=\"nofollow noopener\" target=\"_blank\">\n\t\t\t\t\t\t\t\t\t\t<span class=\"winalist-recos__cta-arrow\" aria-hidden=\"true\">\u2192<\/span>\n\t\t\t\t\t\t\t\t\t\tR\u00e9server\t\t\t\t\t\t\t\t\t<\/a>\n\t\t\t\t\t\t\t\t<\/span>\n\t\t\t\t\t\t\t\t\t\t\t\t\t<\/div>\n\t\t\t\t\t<\/div>\n\t\t\t\t<\/li>\n\t\t\t\t\t\t\t<li class=\"winalist-recos__item\">\n\t\t\t\t\t<div class=\"winalist-recos__name\">\n\t\t\t\t\t\t\t\t\t\t\t\t\t<a class=\"winalist-recos__name-link\" href=\"https:\/\/www.winalist.fr\/hosts\/744\/caves-pocas\" rel=\"noopener\" target=\"_blank\">Po\u00e7as<\/a>\n\t\t\t\t\t\t\t\t\t\t\t<\/div>\n\t\t\t\t\t<div class=\"winalist-recos__body\">\n\t\t\t\t\t\t<div class=\"winalist-recos__description\">\n\t\t\t\t\t\t\tPour vivre une exp\u00e9rience plus confidentielle dans une maison familiale et ind\u00e9pendante, o\u00f9 les d\u00e9gustations se font dans un cadre intimiste propice \u00e0 l&rsquo;\u00e9change.\t\t\t\t\t\t\t\t\t\t\t\t\t\t\t<span class=\"obfuscate\">\n\t\t\t\t\t\t\t\t\t<a href=\"https:\/\/www.winalist.fr\/hosts\/744\/caves-pocas\" class=\"winalist-recos__cta\" rel=\"nofollow noopener\" target=\"_blank\">\n\t\t\t\t\t\t\t\t\t\t<span class=\"winalist-recos__cta-arrow\" aria-hidden=\"true\">\u2192<\/span>\n\t\t\t\t\t\t\t\t\t\tR\u00e9server\t\t\t\t\t\t\t\t\t<\/a>\n\t\t\t\t\t\t\t\t<\/span>\n\t\t\t\t\t\t\t\t\t\t\t\t\t<\/div>\n\t\t\t\t\t<\/div>\n\t\t\t\t<\/li>\n\t\t\t\t\t\t\t<li class=\"winalist-recos__item\">\n\t\t\t\t\t<div class=\"winalist-recos__name\">\n\t\t\t\t\t\t\t\t\t\t\t\t\t<a class=\"winalist-recos__name-link\" href=\"https:\/\/www.winalist.fr\/hosts\/1573\/world-of-wine\" rel=\"noopener\" target=\"_blank\">WOW \u2013 World of Wine<\/a>\n\t\t\t\t\t\t\t\t\t\t\t<\/div>\n\t\t\t\t\t<div class=\"winalist-recos__body\">\n\t\t\t\t\t\t<div class=\"winalist-recos__description\">\n\t\t\t\t\t\t\tPour d\u00e9couvrir l&rsquo;univers du vin portugais de mani\u00e8re ludique et p\u00e9dagogique, \u00e0 travers un complexe mus\u00e9al unique en Europe, parfait en famille ou entre amis.\t\t\t\t\t\t\t\t\t\t\t\t\t\t\t<span class=\"obfuscate\">\n\t\t\t\t\t\t\t\t\t<a href=\"https:\/\/www.winalist.fr\/hosts\/1573\/world-of-wine\" class=\"winalist-recos__cta\" rel=\"nofollow noopener\" target=\"_blank\">\n\t\t\t\t\t\t\t\t\t\t<span class=\"winalist-recos__cta-arrow\" aria-hidden=\"true\">\u2192<\/span>\n\t\t\t\t\t\t\t\t\t\tR\u00e9server\t\t\t\t\t\t\t\t\t<\/a>\n\t\t\t\t\t\t\t\t<\/span>\n\t\t\t\t\t\t\t\t\t\t\t\t\t<\/div>\n\t\t\t\t\t<\/div>\n\t\t\t\t<\/li>\n\t\t\t\t\t<\/ul>\n\n\t\t\t<\/div>\n\t\n\n\n\n\n<p class=\"wp-block-paragraph\"><\/p>\n\n\n\n<h3 class=\"wp-block-heading\">Emprunter le t\u00e9l\u00e9ph\u00e9rique de Gaia<\/h3>\n\n\n\n<figure class=\"wp-block-image alignwide size-full\"><img loading=\"lazy\" decoding=\"async\" width=\"1620\" height=\"1080\" src=\"https:\/\/images.winalist.com\/blog\/wp-content\/uploads\/2025\/02\/25170338\/adobestock-310872232-editorial-use-only.jpeg\" alt=\"- - -\" class=\"wp-image-34764\" title=\"- - -\" srcset=\"https:\/\/images.winalist.com\/blog\/wp-content\/uploads\/2025\/02\/25170338\/adobestock-310872232-editorial-use-only.jpeg 1620w, https:\/\/images.winalist.com\/blog\/wp-content\/uploads\/2025\/02\/25170338\/adobestock-310872232-editorial-use-only-600x400.jpeg 600w, https:\/\/images.winalist.com\/blog\/wp-content\/uploads\/2025\/02\/25170338\/adobestock-310872232-editorial-use-only-1500x1000.jpeg 1500w, https:\/\/images.winalist.com\/blog\/wp-content\/uploads\/2025\/02\/25170338\/adobestock-310872232-editorial-use-only-768x512.jpeg 768w, https:\/\/images.winalist.com\/blog\/wp-content\/uploads\/2025\/02\/25170338\/adobestock-310872232-editorial-use-only-1536x1024.jpeg 1536w, https:\/\/images.winalist.com\/blog\/wp-content\/uploads\/2025\/02\/25170338\/adobestock-310872232-editorial-use-only-1290x860.jpeg 1290w\" sizes=\"(max-width: 1620px) 100vw, 1620px\" \/><\/figure>\n\n\n\n<p class=\"wp-block-paragraph\">Sur les quais de Vila Nova de Gaia, le <strong>t\u00e9l\u00e9ph\u00e9rique de Gaia<\/strong> vous offre une remont\u00e9e panoramique jusqu&rsquo;au c\u00e9l\u00e8bre <strong>Ponte Dom Lu\u00eds I<\/strong>. Une fois en haut, au <strong>Jardim do Morro<\/strong>, laissez-vous s\u00e9duire par la vue spectaculaire sur le Douro, les toits color\u00e9s de Porto et les caves \u00e0 vin en contrebas. Ce lieu tr\u00e8s pris\u00e9 des locaux et des touristes est id\u00e9al pour admirer le coucher de soleil.<br><br>Depuis le Jardim do Morro, vous pourrez \u00e9galement rejoindre le point de vue du <strong>monast\u00e8re da Serra do Pilar<\/strong> au clo\u00eetre circulaire qui offre aussi une tr\u00e8s belle vue sur Porto.<\/p>\n\n\n\n<p class=\"wp-block-paragraph\"><\/p>\n\n\n\n<h3 class=\"wp-block-heading\">Partez en croisi\u00e8re sur le Douro<\/h3>\n\n\n\n<p class=\"wp-block-paragraph\">Apr\u00e8s une premi\u00e8re travers\u00e9e en bateau-taxi \u00e0 Porto, pourquoi ne pas prolonger l&rsquo;exp\u00e9rience sur l&rsquo;eau et <strong><a href=\"https:\/\/www.winalist.fr\/blog\/portugal\/que-voir-dans-la-vallee-du-douro\">visiter la vall\u00e9e du Douro<\/a><\/strong> lors d\u2019une croisi\u00e8re ? Embarquez pour une journ\u00e9e au fil du fleuve \u00e0 la d\u00e9couverte du paysage viticole le plus spectaculaire du Portugal, class\u00e9 au patrimoine mondial de l\u2019UNESCO.<br><br>Accompagn\u00e9 d\u2019un guide, vous pourrez d\u00e9couvrir les nombreux <a href=\"https:\/\/www.winalist.fr\/regions\/vallee-du-douro\">domaines viticoles et caves \u00e0 vins du Douro<\/a> et les <a href=\"https:\/\/www.winalist.fr\/regions\/vinho-verde\">vignobles du Vinho Verde<\/a> mais aussi les villages traditionnels comme <strong>Peso da R\u00e9gua <\/strong>ou <strong>Pinh\u00e3o<\/strong>. Une excursion parfaite pour allier d\u00e9tente, culture et d\u00e9gustations. R\u00e9servez d\u00e8s maintenant votre croisi\u00e8re dans la vall\u00e9e du Douro avec Winalist !<\/p>\n\n\n\n<p class=\"wp-block-paragraph\"><\/p>\n\n\n\n<h2 class=\"wp-block-heading\">Guide Gastronomique : o\u00f9 manger \u00e0 Porto ?<\/h2>\n\n\n\n<figure class=\"wp-block-image alignwide size-full\"><img loading=\"lazy\" decoding=\"async\" width=\"1005\" height=\"1080\" src=\"https:\/\/images.winalist.com\/blog\/wp-content\/uploads\/2022\/04\/03121515\/img-0990.jpeg\" alt=\"- - -\" class=\"wp-image-59172\" title=\"- - -\" srcset=\"https:\/\/images.winalist.com\/blog\/wp-content\/uploads\/2022\/04\/03121515\/img-0990.jpeg 1005w, https:\/\/images.winalist.com\/blog\/wp-content\/uploads\/2022\/04\/03121515\/img-0990-558x600.jpeg 558w, https:\/\/images.winalist.com\/blog\/wp-content\/uploads\/2022\/04\/03121515\/img-0990-768x825.jpeg 768w\" sizes=\"(max-width: 1005px) 100vw, 1005px\" \/><\/figure>\n\n\n\n<h3 class=\"wp-block-heading\">O\u00f9 trouver la meilleure Francesinha de Porto ?<\/h3>\n\n\n\n<p class=\"wp-block-paragraph\">Incontournable de Porto, la <strong>Francesinha<\/strong> est un \u00ab\u00a0croque-monsieur\u00a0\u00bb revisit\u00e9, cr\u00e9\u00e9 dans les ann\u00e9es 50 au restaurant <strong>A Regaleira<\/strong>. Sa recette originale ? Un empilement de viandes, du fromage fondu et une sauce piquante \u00e0 la bi\u00e8re dont le secret est bien gard\u00e9. Pour d\u00e9guster la meilleure Francesinha de Porto, voici nos trois adresses favorites :<\/p>\n\n\n\n<ul class=\"wp-block-list\">\n<li><strong><a href=\"https:\/\/maps.app.goo.gl\/PR1vbvkegWadnMV78\" target=\"_blank\" rel=\"noopener\">O Afonso<\/a><\/strong> : Le coup de c\u0153ur des puristes et du chef am\u00e9ricain Anthony Bourdain. Leur sauce est r\u00e9put\u00e9e pour \u00eatre l&rsquo;une des meilleures de la ville.<\/li>\n\n\n\n<li><strong><a href=\"https:\/\/maps.app.goo.gl\/8TXWW14VSpfReDp8A\" target=\"_blank\" rel=\"noopener\">Caf\u00e9 Santiago<\/a> <\/strong>: Une institution souvent class\u00e9e num\u00e9ro 1 pour sa recette traditionnelle et sa sauce parfaitement relev\u00e9e. <\/li>\n\n\n\n<li><strong><a href=\"https:\/\/maps.app.goo.gl\/wctusfbtKHmvZkab6\" target=\"_blank\" rel=\"noopener\">Bras\u00e3o<\/a><\/strong> : Une taverne moderne et conviviale, c\u00e9l\u00e8bre pour son cadre rustique en pierre et bois, et sa sauce tr\u00e8s travaill\u00e9e (pensez \u00e0 r\u00e9server !)<\/li>\n\n\n\n<li><strong><a href=\"https:\/\/maps.app.goo.gl\/4DqaD8vSMqCgbvKA8\" target=\"_blank\" rel=\"noopener\">Cafe Mar Azul<\/a><\/strong> : Notre favori pour sa g\u00e9n\u00e9rosit\u00e9 et son ambiance 100% locale, loin des foules. Une immersion parfaite chez les Tripeiros !<\/li>\n<\/ul>\n\n\n\n<p class=\"wp-block-paragraph\"><\/p>\n\n\n\n<h3 class=\"wp-block-heading\">Sp\u00e9cialit\u00e9s locales et petiscos : nos adresses pr\u00e9f\u00e9r\u00e9es<\/h3>\n\n\n\n<p class=\"wp-block-paragraph\"><\/p>\n\n\n\n<ul class=\"wp-block-list\">\n<li><strong>Adega S\u00e3o Nicolau <\/strong>: pr\u00e8s des quais de la Ribeira, cette adresse vous propose une cuisine traditionnelle g\u00e9n\u00e9reuse : du coq au vin local aux c\u00e9l\u00e8bres tripes \u00e0 la mode de Porto, chaque plat est un hommage aux saveurs du terroir. Le tout, bien s\u00fbr, accompagn\u00e9 de vins portugais soigneusement s\u00e9lectionn\u00e9s. (<em>Le restaurant est petit et tr\u00e8s populaire. Sans r\u00e9servation plusieurs jours \u00e0 l&rsquo;avance, il est presque impossible d&rsquo;y avoir une table, surtout en terrasse.<\/em>)<\/li>\n\n\n\n<li><strong>Bilha Nova<\/strong> : ici, les plats sont g\u00e9n\u00e9reux, savoureux, et mettent \u00e0 l\u2019honneur les produits du terroir portugais, le tout accompagn\u00e9 de vins soigneusement s\u00e9lectionn\u00e9s provenant des quatre coins du Portugal. Le cadre intimiste et l\u2019ambiance boh\u00e8me en font un lieu id\u00e9al pour un d\u00eener en t\u00eate-\u00e0-t\u00eate ou une soir\u00e9e gourmande entre amis.<\/li>\n\n\n\n<li><strong>A Taska<\/strong> : l&rsquo;adresse id\u00e9ale pour partager des petiscos (tapas locales) et d\u00e9couvrir les sp\u00e9cialit\u00e9s de Porto, le tout dans une ambiance d\u00e9contract\u00e9e et conviviale. <em>Le petit plus : la terrasse en \u00e9t\u00e9 !<\/em><\/li>\n\n\n\n<li><strong>Matriarca<\/strong> : La table de quartier de la <strong>famille Symington<\/strong> \u00e0 Cedofeita. On y d\u00e9guste une cuisine inspir\u00e9e des recettes familiales, accompagn\u00e9e d&rsquo;une s\u00e9lection de vins pointue. <\/li>\n<\/ul>\n\n\n\n<p class=\"wp-block-paragraph\"><\/p>\n\n\n\n<h4 class=\"wp-block-heading\">Brunch et pauses gourmandes \u00e0 Porto : <\/h4>\n\n\n\n<ul class=\"wp-block-list\">\n<li><a href=\"https:\/\/maps.app.goo.gl\/cpV9ghS9rjiyKU279\" target=\"_blank\" rel=\"noopener\"><strong>Zenith &#8211; Brunch &amp; Cocktails Bar<\/strong><\/a> : un classique pour d\u00e9guster de d\u00e9licieux \u0153ufs b\u00e9n\u00e9dictes. Si le soleil est de la partie, rendez-vous en terrasse. Dans les alentours, vous trouverez d&rsquo;autres options <a href=\"https:\/\/maps.app.goo.gl\/YyNgsCMxjHt97hAG6\" target=\"_blank\" rel=\"noopener\"><strong>Nicolau Porto<\/strong><\/a> ou <a href=\"https:\/\/maps.app.goo.gl\/W1von9jxFvhTMav38\" target=\"_blank\" rel=\"noopener\"><strong>Lazy Breakfast Club<\/strong><\/a> o\u00f9 les brunchs sont aussi excellents !<\/li>\n\n\n\n<li><strong><a href=\"https:\/\/maps.app.goo.gl\/iZ16GQgNRo6ASDhV9\" target=\"_blank\" rel=\"noopener\">BEIJI caf\u00e9 &amp; p\u00e2tisserie<\/a><\/strong> : Les patisseries et cookies y sont excellents. C&rsquo;est notre adresse coup de coeur : allez y les yeux ferm\u00e9s !<\/li>\n\n\n\n<li><strong><a href=\"https:\/\/maps.app.goo.gl\/TmwLuQEwXscYgvCM9\" target=\"_blank\" rel=\"noopener\">Tiny Kitchen<\/a><\/strong> : o\u00f9 la magie op\u00e8re dans quelques m\u00e8tres carr\u00e9s. On y va pour leurs burgers artisanaux et leurs bowls ultra-frais, pr\u00e9par\u00e9s sous vos yeux avec une passion qui se ressent \u00e0 chaque bouch\u00e9e.<\/li>\n\n\n\n<li><strong><a href=\"https:\/\/maps.app.goo.gl\/dEtmF2CYVgGcd4ah9\" target=\"_blank\" rel=\"noopener\">Caf\u00e9 Majestic de Porto<\/a><\/strong> : le caf\u00e9 iconique de Porto, parfait pour une pause sucr\u00e9e. En sortant, faites un tour dans l\u2019\u00e9picerie voisine, <strong>A P\u00e9rola do Bolh\u00e3o<\/strong>, o\u00f9 vous trouverez une incroyable s\u00e9lection de produits portugais derri\u00e8re la magnifique fa\u00e7ade Art nouveau. <\/li>\n<\/ul>\n\n\n\n<p class=\"wp-block-paragraph\"><\/p>\n\n\n\n<h2 class=\"wp-block-heading\">O\u00f9 dormir \u00e0 Porto ?<\/h2>\n\n\n\n<p class=\"wp-block-paragraph\">Porto se d\u00e9couvre id\u00e9alement \u00e0 pied, \u00e0 condition de bien choisir son point de chute. Des ruelles historiques aux quartiers plus branch\u00e9s, voici nos recommandations selon vos envies :<\/p>\n\n\n\n<ul class=\"wp-block-list\">\n<li><strong>Ribeira &amp; Baixa : Pour \u00eatre au c\u0153ur de l\u2019action<\/strong>. <br>Si vous voulez voir le Douro en ouvrant vos volets et \u00eatre \u00e0 deux pas des monuments, c&rsquo;est ici qu&rsquo;il faut viser. C&rsquo;est vivant, touristique et central, id\u00e9al pour un premier s\u00e9jour. Attention cependant, Porto est une ville tr\u00e8s touristique et si vous n&rsquo;aimez pas la foule nous vous conseillons d&rsquo;autres quartiers.<\/li>\n\n\n\n<li><strong>Virtudes &amp; Cedofeita : Pour vivre comme un local. <\/strong><br>C&rsquo;est notre quartier favori. Autour du Pal\u00e1cio da Justi\u00e7a, vous profitez d&rsquo;une ambiance plus authentique et boh\u00e8me. C\u2019est ici que se trouvent les meilleures adresses de quartier, comme le restaurant Bilha Nova, et les spots pr\u00e9f\u00e9r\u00e9s des Portugais pour boire un verre au coucher du soleil (Passeio das Virtudes).<\/li>\n\n\n\n<li><strong>Vila Nova de Gaia : Pour le calme et la vue.<\/strong> <br>En traversant le pont, vous gagnez souvent en tranquillit\u00e9 et b\u00e9n\u00e9ficiez de la plus belle vue sur les fa\u00e7ades color\u00e9es de Porto.<\/li>\n<\/ul>\n\n\n\n<p class=\"wp-block-paragraph\"><\/p>\n\n\n\n<h2 class=\"wp-block-heading\">Bon \u00e0 savoir avant de visiter Porto<\/h2>\n\n\n<div id=\"rank-math-faq\" class=\"rank-math-block\">\n<div class=\"rank-math-list \">\n<div id=\"faq-question-1650464037594\" class=\"rank-math-list-item\">\n<h3 class=\"rank-math-question \">Comment rejoindre le centre depuis l\u2019a\u00e9roport ?<\/h3>\n<div class=\"rank-math-answer \">\n\n<p>Le plus simple est d&#8217;emprunter la ligne E du m\u00e9tro (violette)<em> <\/em>Est\u00e1dio do Drag\u00e3o. Le trajet dure environ 30 minutes. Prix : 2,25 \u20ac (Zone 4) + 0,60 \u20ac pour la carte rechargeable \u00ab\u00a0Andante\u00a0\u00bb.<\/p>\n\n<\/div>\n<\/div>\n<div id=\"faq-question-1740483750843\" class=\"rank-math-list-item\">\n<h3 class=\"rank-math-question \">Comment se d\u00e9placer \u00e0 Porto ?<\/h3>\n<div class=\"rank-math-answer \">\n\n<p>Porto se d\u00e9couvre avant tout \u00e0 pied, mais pour m\u00e9nager vos jambes, utilisez le m\u00e9tro ou les bus STCP. Pour une exp\u00e9rience r\u00e9tro, l&rsquo;ancien tramway (ligne 1) qui longe le fleuve est un incontournable. Si vous montez \u00e0 Vila Nova de Gaia, privil\u00e9giez le m\u00e9tro (Ligne D) ou traversez le Pont Dom Lu\u00eds I \u00e0 pied.<\/p>\n\n<\/div>\n<\/div>\n<div id=\"faq-question-1650464117226\" class=\"rank-math-list-item\">\n<h3 class=\"rank-math-question \">Quand partir et que faire s&rsquo;il pleut \u00e0 Porto ?<\/h3>\n<div class=\"rank-math-answer \">\n\n<p>&#8211; <strong>La meilleure saison<\/strong> : D&rsquo;avril \u00e0 octobre pour profiter des terrasses. L&rsquo;hiver reste doux (rarement sous les 10\u00b0C), id\u00e9al pour \u00e9viter la foule, m\u00eame si les averses sont plus fr\u00e9quentes.<br \/>&#8211; <strong>L&rsquo;astuce anti-pluie<\/strong> : M\u00eame par temps de pluie, Porto propose de nombreuses activit\u00e9s : d\u00e9couvrir les caves de Vila Nova de Gaia pour une d\u00e9gustation, visiter le Pal\u00e1cio da Bolsa ou s&rsquo;attarder au Mercado do Bolh\u00e3o, qui est couvert et parfait pour go\u00fbter des sp\u00e9cialit\u00e9s locales au sec, &#8230;<\/p>\n\n<\/div>\n<\/div>\n<div id=\"faq-question-1740482948404\" class=\"rank-math-list-item\">\n<h3 class=\"rank-math-question \">Comment se rendre de Porto \u00e0 Vila Nova de Gaia?<\/h3>\n<div class=\"rank-math-answer \">\n\n<p>Il est possible de rejoindre Vila Nova de Gaia depuis Porto en traversant le <strong>Pont Dom Lu\u00eds I<\/strong> \u00e0 pied (environ 15 minutes) ou en prenant le <strong>m\u00e9tro ligne D (jaune)<\/strong> en direction de <strong>Santo Ov\u00eddio<\/strong> (arr\u00eats Jardim do Morro ou General Torres). Des <strong>bus STCP<\/strong> relient \u00e9galement les deux villes, et en <strong>taxi ou Uber<\/strong>, le trajet dure environ 5 \u00e0 10 minutes pour un co\u00fbt de 5 \u00e0 10 \u20ac. En voiture, plusieurs ponts sont accessibles, mais le stationnement peut \u00eatre compliqu\u00e9. Pour visiter les <strong>caves de Porto<\/strong>, privil\u00e9giez la marche ou les transports en commun !<\/p>\n\n<\/div>\n<\/div>\n<div id=\"faq-question-1650463937779\" class=\"rank-math-list-item\">\n<h3 class=\"rank-math-question \">Que voir autour de Porto ?<\/h3>\n<div class=\"rank-math-answer \">\n\n<p>Si vous restez plus de deux jours, profitez-en pour explorer la r\u00e9gion :<br \/>&#8211; <strong>La Vall\u00e9e du Douro<\/strong> : Le coup de c\u0153ur absolu. Prenez le train ou la voiture vers <strong>Pinh\u00e3o<\/strong> (en empruntant la sublime <strong>route N222<\/strong>). C\u2019est l\u00e0 que vous verrez les vignes en terrasses et pourrez visiter des domaines comme la Quinta do Tedo ou la Quinta do Seixo.<br \/><strong>&#8211; Aveiro<\/strong> : \u00c0 seulement 30 minutes au sud, \u00ab\u00a0la Venise du Portugal\u00a0\u00bb s\u00e9duit par ses canaux, ses barques color\u00e9es (moliceiros) et ses maisons ray\u00e9es \u00e0 <strong>Costa Nova<\/strong>.<br \/>&#8211; <strong>Villes historiques<\/strong> : Amarante, avec son pont m\u00e9di\u00e9val, ou Guimar\u00e3es, berceau du Portugal, sont des excursions faciles \u00e0 la journ\u00e9e.<\/p>\n\n<\/div>\n<\/div>\n<\/div>\n<\/div>\n\n\n<p class=\"wp-block-paragraph\"><\/p>\n","protected":false},"excerpt":{"rendered":"<p>Bienvenue \u00e0 Porto, la deuxi\u00e8me ville du Portugal\u2026 et sans doute l\u2019une des plus attachantes\u202f! \u00c0 taille humaine mais pleine de surprises, Porto est une destination id\u00e9ale pour un week-end ou un s\u00e9jour de quelques jours. Entre authenticit\u00e9 et modernit\u00e9, traditions culinaires et vins de caract\u00e8re, cette ville au charme irr\u00e9sistible vous invite \u00e0 vivre &hellip; <\/p>\n","protected":false},"author":12,"featured_media":18651,"comment_status":"open","ping_status":"closed","sticky":false,"template":"","format":"standard","meta":{"_acf_changed":false,"_eb_attr":"","_tripp_layout":"","winalist_lat":"","winalist_lng":"","winalist_map_hide":"","_tripp_review":[],"_tripp_coupon":[],"footnotes":""},"categories":[804],"tags":[1219,1227,1218],"destination":[],"class_list":["post-17056","post","type-post","status-publish","format-standard","has-post-thumbnail","hentry","category-vignoble-du-douro","tag-porto-2","tag-portugal-2","tag-vignoble-vallee-douro","entry"],"acf":{"winalist_tldr_title":"","winalist_tldr_time":"","winalist_tldr_top":"","winalist_tldr_budget":"","winalist_tldr_period":"","winalist_tldr_transport":"","winalist_tldr_custom":null,"winalist_tldr_cta_text":"","winalist_tldr_cta_url":"","winalist_tips_enabled":true,"winalist_tips_list":null},"_links":{"self":[{"href":"https:\/\/www.winalist.fr\/blog\/wp-json\/wp\/v2\/posts\/17056","targetHints":{"allow":["GET"]}}],"collection":[{"href":"https:\/\/www.winalist.fr\/blog\/wp-json\/wp\/v2\/posts"}],"about":[{"href":"https:\/\/www.winalist.fr\/blog\/wp-json\/wp\/v2\/types\/post"}],"author":[{"embeddable":true,"href":"https:\/\/www.winalist.fr\/blog\/wp-json\/wp\/v2\/users\/12"}],"replies":[{"embeddable":true,"href":"https:\/\/www.winalist.fr\/blog\/wp-json\/wp\/v2\/comments?post=17056"}],"version-history":[{"count":4,"href":"https:\/\/www.winalist.fr\/blog\/wp-json\/wp\/v2\/posts\/17056\/revisions"}],"predecessor-version":[{"id":60732,"href":"https:\/\/www.winalist.fr\/blog\/wp-json\/wp\/v2\/posts\/17056\/revisions\/60732"}],"wp:attachment":[{"href":"https:\/\/www.winalist.fr\/blog\/wp-json\/wp\/v2\/media?parent=17056"}],"wp:term":[{"taxonomy":"category","embeddable":true,"href":"https:\/\/www.winalist.fr\/blog\/wp-json\/wp\/v2\/categories?post=17056"},{"taxonomy":"post_tag","embeddable":true,"href":"https:\/\/www.winalist.fr\/blog\/wp-json\/wp\/v2\/tags?post=17056"},{"taxonomy":"destination","embeddable":true,"href":"https:\/\/www.winalist.fr\/blog\/wp-json\/wp\/v2\/destination?post=17056"}],"curies":[{"name":"wp","href":"https:\/\/api.w.org\/{rel}","templated":true}]}}