{"id":16143,"date":"2022-02-07T10:33:00","date_gmt":"2022-02-07T09:33:00","guid":{"rendered":"https:\/\/www.winalist.fr\/blog?p=16143"},"modified":"2026-08-12T16:39:09","modified_gmt":"2026-08-12T14:39:09","slug":"que-faire-et-que-visiter-dans-le-var","status":"publish","type":"post","link":"https:\/\/www.winalist.fr\/blog\/france\/provence\/que-faire-et-que-visiter-dans-le-var","title":{"rendered":"Que faire et que visiter dans le Var ? TOP 8 des meilleurs activit\u00e9s"},"content":{"rendered":"\n<p class=\"wp-block-paragraph\">Vous pr\u00e9voyez un s\u00e9jour sur la C\u00f4te d\u2019Azur ? Entre eaux turquoises, canyons, montagnes, plages, for\u00eats ou encore monuments. Le Var regorge de merveilles naturelles et patrimoniales. D\u00e9couvrez les <strong>meilleures choses \u00e0 faire et lieux \u00e0 visiter dans le Var<\/strong> pour un s\u00e9jour inoubliable. On vous pr\u00e9vient, vous allez en prendre plein les yeux.<\/p>\n\n\n\n<h2 class=\"wp-block-heading\">Que visiter dans le Var ?<\/h2>\n\n\n\n<h3 class=\"wp-block-heading\">Admirer les gorges du Verdon<\/h3>\n\n\n\n<p class=\"wp-block-paragraph\">Vous ne pouvez pas venir visiter le Var et rater les gorges du Verdon, elles vous offrent un paysage exceptionnel ainsi que la possibilit\u00e9 de faire de nombreuses activit\u00e9s. Vous pouvez y pratiquer le canyoning et le rafting dans la partie haute des gorges, et le cano\u00eb entre les lacs d\u2019Esparron et de Quinson.<\/p>\n\n\n\n<figure class=\"wp-block-image size-large\"><img fetchpriority=\"high\" decoding=\"async\" width=\"1024\" height=\"678\" src=\"https:\/\/images.winalist.com\/blog\/wp-content\/uploads\/2022\/03\/24102927\/gorges-du-verdon-pont-galetas-1024x678.jpeg\" alt=\"Gorges du Verdon\" class=\"wp-image-16148\" title=\"- - -\" srcset=\"https:\/\/images.winalist.com\/blog\/wp-content\/uploads\/2022\/03\/24102927\/gorges-du-verdon-pont-galetas-1024x678.jpeg 1024w, https:\/\/images.winalist.com\/blog\/wp-content\/uploads\/2022\/03\/24102927\/gorges-du-verdon-pont-galetas-300x199.jpeg 300w, https:\/\/images.winalist.com\/blog\/wp-content\/uploads\/2022\/03\/24102927\/gorges-du-verdon-pont-galetas-768x508.jpeg 768w, https:\/\/images.winalist.com\/blog\/wp-content\/uploads\/2022\/03\/24102927\/gorges-du-verdon-pont-galetas-370x245.jpeg 370w, https:\/\/images.winalist.com\/blog\/wp-content\/uploads\/2022\/03\/24102927\/gorges-du-verdon-pont-galetas-800x530.jpeg 800w, https:\/\/images.winalist.com\/blog\/wp-content\/uploads\/2022\/03\/24102927\/gorges-du-verdon-pont-galetas-20x13.jpeg 20w, https:\/\/images.winalist.com\/blog\/wp-content\/uploads\/2022\/03\/24102927\/gorges-du-verdon-pont-galetas-185x122.jpeg 185w, https:\/\/images.winalist.com\/blog\/wp-content\/uploads\/2022\/03\/24102927\/gorges-du-verdon-pont-galetas-740x490.jpeg 740w, https:\/\/images.winalist.com\/blog\/wp-content\/uploads\/2022\/03\/24102927\/gorges-du-verdon-pont-galetas-400x265.jpeg 400w, https:\/\/images.winalist.com\/blog\/wp-content\/uploads\/2022\/03\/24102927\/gorges-du-verdon-pont-galetas-73x48.jpeg 73w, https:\/\/images.winalist.com\/blog\/wp-content\/uploads\/2022\/03\/24102927\/gorges-du-verdon-pont-galetas.jpeg 1275w\" sizes=\"(max-width: 1024px) 100vw, 1024px\" \/><\/figure>\n\n\n\n<h3 class=\"wp-block-heading\">Parcourir la Route de la Corniche<\/h3>\n\n\n\n<p class=\"wp-block-paragraph\">La route de la Corniche est un itin\u00e9raire qui serpente les gorges sur la rive gauche du Verdon. Sur une vingtaine de kilom\u00e8tres, vous suivez le trac\u00e9 de la rivi\u00e8re dans un environnement spectaculaire.<\/p>\n\n\n\n<figure class=\"wp-block-image size-large\"><img decoding=\"async\" width=\"1024\" height=\"474\" src=\"https:\/\/images.winalist.com\/blog\/wp-content\/uploads\/2022\/03\/24102840\/route-de-la-corniche-1024x474.jpeg\" alt=\"Route de la corniche\" class=\"wp-image-16147\" title=\"- - -\" srcset=\"https:\/\/images.winalist.com\/blog\/wp-content\/uploads\/2022\/03\/24102840\/route-de-la-corniche-1024x474.jpeg 1024w, https:\/\/images.winalist.com\/blog\/wp-content\/uploads\/2022\/03\/24102840\/route-de-la-corniche-300x139.jpeg 300w, https:\/\/images.winalist.com\/blog\/wp-content\/uploads\/2022\/03\/24102840\/route-de-la-corniche-768x355.jpeg 768w, https:\/\/images.winalist.com\/blog\/wp-content\/uploads\/2022\/03\/24102840\/route-de-la-corniche-1536x710.jpeg 1536w, https:\/\/images.winalist.com\/blog\/wp-content\/uploads\/2022\/03\/24102840\/route-de-la-corniche-370x171.jpeg 370w, https:\/\/images.winalist.com\/blog\/wp-content\/uploads\/2022\/03\/24102840\/route-de-la-corniche-800x370.jpeg 800w, https:\/\/images.winalist.com\/blog\/wp-content\/uploads\/2022\/03\/24102840\/route-de-la-corniche-185x86.jpeg 185w, https:\/\/images.winalist.com\/blog\/wp-content\/uploads\/2022\/03\/24102840\/route-de-la-corniche-740x342.jpeg 740w, https:\/\/images.winalist.com\/blog\/wp-content\/uploads\/2022\/03\/24102840\/route-de-la-corniche-20x9.jpeg 20w, https:\/\/images.winalist.com\/blog\/wp-content\/uploads\/2022\/03\/24102840\/route-de-la-corniche-400x185.jpeg 400w, https:\/\/images.winalist.com\/blog\/wp-content\/uploads\/2022\/03\/24102840\/route-de-la-corniche-104x48.jpeg 104w, https:\/\/images.winalist.com\/blog\/wp-content\/uploads\/2022\/03\/24102840\/route-de-la-corniche.jpeg 1600w\" sizes=\"(max-width: 1024px) 100vw, 1024px\" \/><\/figure>\n\n\n\n<h3 class=\"wp-block-heading\">Randonner \u00e0 l\u2019Est\u00e9rel<\/h3>\n\n\n\n<p class=\"wp-block-paragraph\">S\u2019il y a un lieu qui \u00e9blouira chacune de vos visites, ce sera bien les environs de Saint-Rapha\u00ebl. Imaginez une c\u00f4te d\u00e9chiquet\u00e9e, rougeoyante sous le soleil, \u00e0 l&rsquo;aplomb d\u2019un massif dentel\u00e9 couvert de verdure. Les contrastes sont puissants ici, entre le vert des pins,&nbsp;le bleu de la M\u00e9diterran\u00e9e, et le rouge de la roche. Hors saison, c\u2019est particuli\u00e8rement l\u2019Est\u00e9rel et ses nombreux sentiers de randonn\u00e9e qui attirent.<\/p>\n\n\n\n<figure class=\"wp-block-image size-large\"><img decoding=\"async\" width=\"1024\" height=\"678\" src=\"https:\/\/images.winalist.com\/blog\/wp-content\/uploads\/2022\/03\/24102629\/esterel-compressed-1024x678.jpeg\" alt=\"L&#039;Est\u00e9rel\" class=\"wp-image-16146\" title=\"- - -\" srcset=\"https:\/\/images.winalist.com\/blog\/wp-content\/uploads\/2022\/03\/24102629\/esterel-compressed-1024x678.jpeg 1024w, https:\/\/images.winalist.com\/blog\/wp-content\/uploads\/2022\/03\/24102629\/esterel-compressed-300x199.jpeg 300w, https:\/\/images.winalist.com\/blog\/wp-content\/uploads\/2022\/03\/24102629\/esterel-compressed-768x509.jpeg 768w, https:\/\/images.winalist.com\/blog\/wp-content\/uploads\/2022\/03\/24102629\/esterel-compressed-1536x1017.jpeg 1536w, https:\/\/images.winalist.com\/blog\/wp-content\/uploads\/2022\/03\/24102629\/esterel-compressed-370x245.jpeg 370w, https:\/\/images.winalist.com\/blog\/wp-content\/uploads\/2022\/03\/24102629\/esterel-compressed-800x530.jpeg 800w, https:\/\/images.winalist.com\/blog\/wp-content\/uploads\/2022\/03\/24102629\/esterel-compressed-20x13.jpeg 20w, https:\/\/images.winalist.com\/blog\/wp-content\/uploads\/2022\/03\/24102629\/esterel-compressed-185x123.jpeg 185w, https:\/\/images.winalist.com\/blog\/wp-content\/uploads\/2022\/03\/24102629\/esterel-compressed-740x490.jpeg 740w, https:\/\/images.winalist.com\/blog\/wp-content\/uploads\/2022\/03\/24102629\/esterel-compressed-400x265.jpeg 400w, https:\/\/images.winalist.com\/blog\/wp-content\/uploads\/2022\/03\/24102629\/esterel-compressed-1600x1059.jpeg 1600w, https:\/\/images.winalist.com\/blog\/wp-content\/uploads\/2022\/03\/24102629\/esterel-compressed-72x48.jpeg 72w, https:\/\/images.winalist.com\/blog\/wp-content\/uploads\/2022\/03\/24102629\/esterel-compressed.jpeg 1631w\" sizes=\"(max-width: 1024px) 100vw, 1024px\" \/><\/figure>\n\n\n\n<h3 class=\"wp-block-heading\">L\u00e9zarder \u00e0 la plage de Pampelonne et Cap Camarat<\/h3>\n\n\n\n<p class=\"wp-block-paragraph\">Apr\u00e8s avoir visit\u00e9 le Cap Camarat, suivez le chemin c\u00f4tier le long des falaises pour rejoindre la plage de Pampelonne. Cette anse de sable blanc longue de 5 kilom\u00e8tres est parfaite pour une s\u00e9ance farniente ou un verre en terrasse.<\/p>\n\n\n\n<figure class=\"wp-block-image size-large\"><img loading=\"lazy\" decoding=\"async\" width=\"1024\" height=\"766\" src=\"https:\/\/images.winalist.com\/blog\/wp-content\/uploads\/2022\/03\/24103555\/Pampelonne-1024x766.jpeg\" alt=\"Plade de Pampelonne\" class=\"wp-image-16153\" title=\"- - -\" srcset=\"https:\/\/images.winalist.com\/blog\/wp-content\/uploads\/2022\/03\/24103555\/Pampelonne-1024x766.jpeg 1024w, https:\/\/images.winalist.com\/blog\/wp-content\/uploads\/2022\/03\/24103555\/Pampelonne-300x224.jpeg 300w, https:\/\/images.winalist.com\/blog\/wp-content\/uploads\/2022\/03\/24103555\/Pampelonne-768x574.jpeg 768w, https:\/\/images.winalist.com\/blog\/wp-content\/uploads\/2022\/03\/24103555\/Pampelonne-400x299.jpeg 400w, https:\/\/images.winalist.com\/blog\/wp-content\/uploads\/2022\/03\/24103555\/Pampelonne-370x277.jpeg 370w, https:\/\/images.winalist.com\/blog\/wp-content\/uploads\/2022\/03\/24103555\/Pampelonne-800x598.jpeg 800w, https:\/\/images.winalist.com\/blog\/wp-content\/uploads\/2022\/03\/24103555\/Pampelonne-20x15.jpeg 20w, https:\/\/images.winalist.com\/blog\/wp-content\/uploads\/2022\/03\/24103555\/Pampelonne-185x138.jpeg 185w, https:\/\/images.winalist.com\/blog\/wp-content\/uploads\/2022\/03\/24103555\/Pampelonne-740x553.jpeg 740w, https:\/\/images.winalist.com\/blog\/wp-content\/uploads\/2022\/03\/24103555\/Pampelonne-64x48.jpeg 64w, https:\/\/images.winalist.com\/blog\/wp-content\/uploads\/2022\/03\/24103555\/Pampelonne.jpeg 1444w\" sizes=\"(max-width: 1024px) 100vw, 1024px\" \/><\/figure>\n\n\n\n<h3 class=\"wp-block-heading\">Visiter Saint-Tropez<\/h3>\n\n\n\n<figure class=\"wp-block-embed is-type-wp-embed is-provider-winalist-blog-id-es-week-ends-oenologie-et-route-des-vins wp-block-embed-winalist-blog-id-es-week-ends-oenologie-et-route-des-vins\"><div class=\"wp-block-embed__wrapper\">\n<blockquote class=\"wp-embedded-content\" data-secret=\"l4fA21Xx4Y\"><a href=\"https:\/\/www.winalist.fr\/blog\/france\/provence\/visiter-saint-tropez\">Visiter Saint-Tropez : Notre guide des meilleures choses \u00e0 faire<\/a><\/blockquote><iframe class=\"wp-embedded-content\" sandbox=\"allow-scripts\" security=\"restricted\" style=\"position: absolute; visibility: hidden;\" title=\"\u00ab\u00a0Visiter Saint-Tropez : Notre guide des meilleures choses \u00e0 faire\u00a0\u00bb \u2014 Winalist Blog - Id\u00e9es week-ends oenologie et Route des vins\" src=\"https:\/\/www.winalist.fr\/blog\/france\/provence\/visiter-saint-tropez\/embed#?secret=c64WjDEppT#?secret=l4fA21Xx4Y\" data-secret=\"l4fA21Xx4Y\" width=\"600\" height=\"338\" frameborder=\"0\" marginwidth=\"0\" marginheight=\"0\" scrolling=\"no\"><\/iframe>\n<\/div><\/figure>\n\n\n\n<h3 class=\"wp-block-heading\">Partir \u00e0 la rencontre du Pays de Fayence et les Gorges de la Siagne<\/h3>\n\n\n\n<p class=\"wp-block-paragraph\">Juste au nord du Massif de l\u2019Est\u00e9rel, retrouvez l\u2019authenticit\u00e9 varoise, l\u2019odeur de la Provence, entre villages perch\u00e9s et gorges profondes. Le Pays de Fayence, c\u2019est un ensemble de petits villages typiques, blottis sur les collines bois\u00e9es, parcourus de ruelles pav\u00e9es, d\u2019all\u00e9es vo\u00fbt\u00e9es et de fontaines bienfaitrices. Puis prenez la direction de la Siagne, cette rivi\u00e8re qui creuse inlassablement les roches blanches de la r\u00e9gion. Des gorges sauvages, m\u00e9connues et donc peu fr\u00e9quent\u00e9es, qui raviront les amoureux de nature.<\/p>\n\n\n\n<figure class=\"wp-block-image size-large\"><img loading=\"lazy\" decoding=\"async\" width=\"1024\" height=\"474\" src=\"https:\/\/images.winalist.com\/blog\/wp-content\/uploads\/2022\/03\/24102522\/pays-de-fayence-montauroux1-1600x740-1-1024x474.jpeg\" alt=\"Pays de fa\u00efence\" class=\"wp-image-16145\" title=\"- - -\" srcset=\"https:\/\/images.winalist.com\/blog\/wp-content\/uploads\/2022\/03\/24102522\/pays-de-fayence-montauroux1-1600x740-1-1024x474.jpeg 1024w, https:\/\/images.winalist.com\/blog\/wp-content\/uploads\/2022\/03\/24102522\/pays-de-fayence-montauroux1-1600x740-1-300x139.jpeg 300w, https:\/\/images.winalist.com\/blog\/wp-content\/uploads\/2022\/03\/24102522\/pays-de-fayence-montauroux1-1600x740-1-768x355.jpeg 768w, https:\/\/images.winalist.com\/blog\/wp-content\/uploads\/2022\/03\/24102522\/pays-de-fayence-montauroux1-1600x740-1-1536x710.jpeg 1536w, https:\/\/images.winalist.com\/blog\/wp-content\/uploads\/2022\/03\/24102522\/pays-de-fayence-montauroux1-1600x740-1-370x171.jpeg 370w, https:\/\/images.winalist.com\/blog\/wp-content\/uploads\/2022\/03\/24102522\/pays-de-fayence-montauroux1-1600x740-1-800x370.jpeg 800w, https:\/\/images.winalist.com\/blog\/wp-content\/uploads\/2022\/03\/24102522\/pays-de-fayence-montauroux1-1600x740-1-185x86.jpeg 185w, https:\/\/images.winalist.com\/blog\/wp-content\/uploads\/2022\/03\/24102522\/pays-de-fayence-montauroux1-1600x740-1-740x342.jpeg 740w, https:\/\/images.winalist.com\/blog\/wp-content\/uploads\/2022\/03\/24102522\/pays-de-fayence-montauroux1-1600x740-1-20x9.jpeg 20w, https:\/\/images.winalist.com\/blog\/wp-content\/uploads\/2022\/03\/24102522\/pays-de-fayence-montauroux1-1600x740-1-400x185.jpeg 400w, https:\/\/images.winalist.com\/blog\/wp-content\/uploads\/2022\/03\/24102522\/pays-de-fayence-montauroux1-1600x740-1-104x48.jpeg 104w, https:\/\/images.winalist.com\/blog\/wp-content\/uploads\/2022\/03\/24102522\/pays-de-fayence-montauroux1-1600x740-1.jpeg 1600w\" sizes=\"(max-width: 1024px) 100vw, 1024px\" \/><\/figure>\n\n\n\n<h3 class=\"wp-block-heading\">D\u00e9couvrir la Provence Verte<\/h3>\n\n\n\n<p class=\"wp-block-paragraph\">Entre cascades et villages de caract\u00e8re, cette partie du Var, si discr\u00e8te, est un ensemble de villages, de rivi\u00e8res et de collines, naviguant dans les m\u00e9andres de l\u2019Argens et de ses affluents. C\u2018est l\u2019authenticit\u00e9, le terroir et la simplicit\u00e9.<\/p>\n\n\n\n<figure class=\"wp-block-image size-large\"><img loading=\"lazy\" decoding=\"async\" width=\"1024\" height=\"512\" src=\"https:\/\/images.winalist.com\/blog\/wp-content\/uploads\/2022\/03\/24102407\/provence-verte-lac-carces-squal83-1-1920x960-1-1024x512.jpeg\" alt=\"Provence Verte\" class=\"wp-image-16144\" title=\"- - -\" srcset=\"https:\/\/images.winalist.com\/blog\/wp-content\/uploads\/2022\/03\/24102407\/provence-verte-lac-carces-squal83-1-1920x960-1-1024x512.jpeg 1024w, https:\/\/images.winalist.com\/blog\/wp-content\/uploads\/2022\/03\/24102407\/provence-verte-lac-carces-squal83-1-1920x960-1-300x150.jpeg 300w, https:\/\/images.winalist.com\/blog\/wp-content\/uploads\/2022\/03\/24102407\/provence-verte-lac-carces-squal83-1-1920x960-1-768x384.jpeg 768w, https:\/\/images.winalist.com\/blog\/wp-content\/uploads\/2022\/03\/24102407\/provence-verte-lac-carces-squal83-1-1920x960-1-1536x768.jpeg 1536w, https:\/\/images.winalist.com\/blog\/wp-content\/uploads\/2022\/03\/24102407\/provence-verte-lac-carces-squal83-1-1920x960-1-370x185.jpeg 370w, https:\/\/images.winalist.com\/blog\/wp-content\/uploads\/2022\/03\/24102407\/provence-verte-lac-carces-squal83-1-1920x960-1-800x400.jpeg 800w, https:\/\/images.winalist.com\/blog\/wp-content\/uploads\/2022\/03\/24102407\/provence-verte-lac-carces-squal83-1-1920x960-1-185x93.jpeg 185w, https:\/\/images.winalist.com\/blog\/wp-content\/uploads\/2022\/03\/24102407\/provence-verte-lac-carces-squal83-1-1920x960-1-740x370.jpeg 740w, https:\/\/images.winalist.com\/blog\/wp-content\/uploads\/2022\/03\/24102407\/provence-verte-lac-carces-squal83-1-1920x960-1-20x10.jpeg 20w, https:\/\/images.winalist.com\/blog\/wp-content\/uploads\/2022\/03\/24102407\/provence-verte-lac-carces-squal83-1-1920x960-1-400x200.jpeg 400w, https:\/\/images.winalist.com\/blog\/wp-content\/uploads\/2022\/03\/24102407\/provence-verte-lac-carces-squal83-1-1920x960-1-1600x800.jpeg 1600w, https:\/\/images.winalist.com\/blog\/wp-content\/uploads\/2022\/03\/24102407\/provence-verte-lac-carces-squal83-1-1920x960-1-96x48.jpeg 96w, https:\/\/images.winalist.com\/blog\/wp-content\/uploads\/2022\/03\/24102407\/provence-verte-lac-carces-squal83-1-1920x960-1.jpeg 1920w\" sizes=\"(max-width: 1024px) 100vw, 1024px\" \/><\/figure>\n\n\n\n<p class=\"wp-block-paragraph\"><\/p>\n\n\n\n<h2 class=\"wp-block-heading\">Les vignobles du Var<\/h2>\n\n\n\n<p class=\"wp-block-paragraph\">Au c\u0153ur de la <a href=\"https:\/\/www.winalist.fr\/regions\/provence\">Provence<\/a>, les terroirs varois sont ceux du plus ancien vignoble de France. Aujourd&rsquo;hui, C\u00f4tes de Provence, <a href=\"https:\/\/www.winalist.fr\/cities\/bandol\">Bandol<\/a> et C\u00f4teaux Varois sont d\u00e9gust\u00e9s dans le monde entier. Venez d\u00e9couvrir les vignerons qui produisent les vins du Var aux saveurs ensoleill\u00e9es ainsi que les domaines viticoles et merveilleux vignobles du Var.<\/p>\n\n\n\n<div id=\"winalist-partner-widget-in8wejeb6t\" class=\"winalist-partner-widget\"><\/div>\n        <script type=\"application\/javascript\">\n          var winalistWidget = document.getElementById('winalist-partner-widget-in8wejeb6t');\n          var i = document.createElement(\"iframe\");\n          i.style.border = \"none\";\n          i.style.width = \"100%\";\n          i.style.minHeight = \"550px\";i.setAttribute(\"src\", \"https:\/\/www.winalist.com\/w\/embed?partner=14&type=experiences-slider&region_id=19&locale=auto&activity_id=any&display_title=yes\");\n          if(winalistWidget) winalistWidget.appendChild(i);\n        <\/script>\n        <script type=\"application\/javascript\" src=\"https:\/\/www.winalist.com\/widget\/affiliate-widget-config.min.js\"><\/script>\n\n\n\n<h2 class=\"wp-block-heading\">FAQ &amp; Ressources utiles<\/h2>\n\n\n<div id=\"rank-math-faq\" class=\"rank-math-block\">\n<div class=\"rank-math-list \">\n<div id=\"faq-question-1648114683855\" class=\"rank-math-list-item\">\n<h3 class=\"rank-math-question \">O\u00f9 aller se promener dans le Var ?<\/h3>\n<div class=\"rank-math-answer \">\n\n<p>Draguignan.\u00a0<br \/>Les gorges du Verdon et le lac de Sainte-Croix.<br \/>Route de la Corniche.<br \/>Parc National de Port-Cros.<br \/>Massif de l&rsquo;Est\u00e9rel.\u00a0<br \/>Massif de la Sainte-Baume.\u00a0<br \/>Cap Camarat et la plage de Pampelonne.<\/p>\n\n<\/div>\n<\/div>\n<\/div>\n<\/div>","protected":false},"excerpt":{"rendered":"<p>Vous pr\u00e9voyez un s\u00e9jour sur la C\u00f4te d\u2019Azur ? Entre eaux turquoises, canyons, montagnes, plages, for\u00eats ou encore monuments. Le Var regorge de merveilles naturelles et patrimoniales. D\u00e9couvrez les meilleures choses \u00e0 faire et lieux \u00e0 visiter dans le Var pour un s\u00e9jour inoubliable. On vous pr\u00e9vient, vous allez en prendre plein les yeux. Que &hellip; <\/p>\n","protected":false},"author":12,"featured_media":16149,"comment_status":"open","ping_status":"closed","sticky":false,"template":"","format":"standard","meta":{"_acf_changed":false,"_eb_attr":"","_tripp_layout":"","winalist_lat":"","winalist_lng":"","winalist_map_hide":"","_tripp_review":[],"_tripp_coupon":[],"footnotes":""},"categories":[663],"tags":[],"destination":[],"class_list":["post-16143","post","type-post","status-publish","format-standard","has-post-thumbnail","hentry","category-provence","entry"],"acf":{"winalist_tldr_title":"","winalist_tldr_time":"","winalist_tldr_top":"","winalist_tldr_budget":"","winalist_tldr_period":"","winalist_tldr_transport":"","winalist_tldr_custom":null,"winalist_tldr_cta_text":"","winalist_tldr_cta_url":"","winalist_tips_enabled":true,"winalist_tips_list":null},"_links":{"self":[{"href":"https:\/\/www.winalist.fr\/blog\/wp-json\/wp\/v2\/posts\/16143","targetHints":{"allow":["GET"]}}],"collection":[{"href":"https:\/\/www.winalist.fr\/blog\/wp-json\/wp\/v2\/posts"}],"about":[{"href":"https:\/\/www.winalist.fr\/blog\/wp-json\/wp\/v2\/types\/post"}],"author":[{"embeddable":true,"href":"https:\/\/www.winalist.fr\/blog\/wp-json\/wp\/v2\/users\/12"}],"replies":[{"embeddable":true,"href":"https:\/\/www.winalist.fr\/blog\/wp-json\/wp\/v2\/comments?post=16143"}],"version-history":[{"count":2,"href":"https:\/\/www.winalist.fr\/blog\/wp-json\/wp\/v2\/posts\/16143\/revisions"}],"predecessor-version":[{"id":60680,"href":"https:\/\/www.winalist.fr\/blog\/wp-json\/wp\/v2\/posts\/16143\/revisions\/60680"}],"wp:featuredmedia":[{"embeddable":true,"href":"https:\/\/www.winalist.fr\/blog\/wp-json\/wp\/v2\/media\/16149"}],"wp:attachment":[{"href":"https:\/\/www.winalist.fr\/blog\/wp-json\/wp\/v2\/media?parent=16143"}],"wp:term":[{"taxonomy":"category","embeddable":true,"href":"https:\/\/www.winalist.fr\/blog\/wp-json\/wp\/v2\/categories?post=16143"},{"taxonomy":"post_tag","embeddable":true,"href":"https:\/\/www.winalist.fr\/blog\/wp-json\/wp\/v2\/tags?post=16143"},{"taxonomy":"destination","embeddable":true,"href":"https:\/\/www.winalist.fr\/blog\/wp-json\/wp\/v2\/destination?post=16143"}],"curies":[{"name":"wp","href":"https:\/\/api.w.org\/{rel}","templated":true}]}}