{"id":16031,"date":"2022-03-30T15:18:00","date_gmt":"2022-03-30T13:18:00","guid":{"rendered":"https:\/\/www.winalist.fr\/blog?p=16031"},"modified":"2026-04-20T12:05:11","modified_gmt":"2026-04-20T10:05:11","slug":"top-15-des-plus-beaux-village-du-luberon","status":"publish","type":"post","link":"https:\/\/www.winalist.fr\/blog\/france\/provence\/top-15-des-plus-beaux-village-du-luberon","title":{"rendered":"Top 15 des plus beaux villages du Luberon"},"content":{"rendered":"\n<p class=\"wp-block-paragraph\">Prenez la route des <strong>plus beaux villages du Luberon<\/strong> ! Situ\u00e9s \u00e0 30 minutes d\u2019Aix-en-Provence, visitez ces communes fleuries. Leurs tr\u00e9sors insolites et authentiques vous attendent \u00e0 chaque village. Entre vignes, for\u00eat et lavande, la r\u00e9gion du Luberon vous offre le meilleur de la Provence. Accroch\u00e9s aux pitons rocheux ou bord\u00e9s de vignobles sur de douces collines, les villages du Luberon se sont d\u00e9velopp\u00e9s autour des ch\u00e2teaux du Moyen-Age. Le <strong>Luberon dispose \u00e9galement de 5 villages labellis\u00e9s \u201c plus beau village de France\u201d <\/strong>: <em>Ansouis, Gordes, Lourmarin, M\u00e9nerbes et Roussillon<\/em>.<\/p>\n\n\n\n<h2 class=\"wp-block-heading\">Ansouis<\/h2>\n\n\n\n<figure class=\"wp-block-image size-large\"><img fetchpriority=\"high\" decoding=\"async\" width=\"1024\" height=\"683\" src=\"https:\/\/www.winalist.com\/blog\/wp-content\/uploads\/2022\/03\/Ansouis-compressed-1024x683.jpeg\" alt=\"Village d&#039;Ansouis - Villages du Lub\u00e9ron \" class=\"wp-image-16038\" title=\"- - -\" srcset=\"https:\/\/images.winalist.com\/blog\/wp-content\/uploads\/2022\/03\/22153832\/Ansouis-compressed-1024x683.jpeg 1024w, https:\/\/images.winalist.com\/blog\/wp-content\/uploads\/2022\/03\/22153832\/Ansouis-compressed-300x200.jpeg 300w, https:\/\/images.winalist.com\/blog\/wp-content\/uploads\/2022\/03\/22153832\/Ansouis-compressed-768x512.jpeg 768w, https:\/\/images.winalist.com\/blog\/wp-content\/uploads\/2022\/03\/22153832\/Ansouis-compressed-1536x1024.jpeg 1536w, https:\/\/images.winalist.com\/blog\/wp-content\/uploads\/2022\/03\/22153832\/Ansouis-compressed-370x247.jpeg 370w, https:\/\/images.winalist.com\/blog\/wp-content\/uploads\/2022\/03\/22153832\/Ansouis-compressed-800x533.jpeg 800w, https:\/\/images.winalist.com\/blog\/wp-content\/uploads\/2022\/03\/22153832\/Ansouis-compressed-20x13.jpeg 20w, https:\/\/images.winalist.com\/blog\/wp-content\/uploads\/2022\/03\/22153832\/Ansouis-compressed-185x123.jpeg 185w, https:\/\/images.winalist.com\/blog\/wp-content\/uploads\/2022\/03\/22153832\/Ansouis-compressed-740x493.jpeg 740w, https:\/\/images.winalist.com\/blog\/wp-content\/uploads\/2022\/03\/22153832\/Ansouis-compressed-400x267.jpeg 400w, https:\/\/images.winalist.com\/blog\/wp-content\/uploads\/2022\/03\/22153832\/Ansouis-compressed-1600x1067.jpeg 1600w, https:\/\/images.winalist.com\/blog\/wp-content\/uploads\/2022\/03\/22153832\/Ansouis-compressed-72x48.jpeg 72w, https:\/\/images.winalist.com\/blog\/wp-content\/uploads\/2022\/03\/22153832\/Ansouis-compressed.jpeg 1620w\" sizes=\"(max-width: 1024px) 100vw, 1024px\" \/><\/figure>\n\n\n\n<p class=\"wp-block-paragraph\">Face au Luberon, perch\u00e9 sur son rocher, Ansouis s\u00e9duit par son charme intemporel et empreint d\u2019histoire.&nbsp;Son histoire mill\u00e9naire tient toujours une place importante dans la vie du village. Le ch\u00e2teau d&rsquo;Ansouis domine la vall\u00e9e d&rsquo;Aigues, ses bois, sa vigne, ses cerisiers, ses oliviers. Situ\u00e9 au sein du Ch\u00e2teau Turcan, le Mus\u00e9e des arts et des m\u00e9tiers du vin propose une immersion de la vigne au verre.<\/p>\n\n\n\n<p class=\"wp-block-paragraph\"><\/p>\n\n\n\n<h2 class=\"wp-block-heading\">Gordes<\/h2>\n\n\n\n<figure class=\"wp-block-image size-large\"><img decoding=\"async\" width=\"1024\" height=\"683\" src=\"https:\/\/www.winalist.com\/blog\/wp-content\/uploads\/2022\/03\/gordes-compressed-1024x683.jpeg\" alt=\"Village de Gordes\" class=\"wp-image-16032\" title=\"- - -\" srcset=\"https:\/\/images.winalist.com\/blog\/wp-content\/uploads\/2022\/03\/22153056\/gordes-compressed-1024x683.jpeg 1024w, https:\/\/images.winalist.com\/blog\/wp-content\/uploads\/2022\/03\/22153056\/gordes-compressed-300x200.jpeg 300w, https:\/\/images.winalist.com\/blog\/wp-content\/uploads\/2022\/03\/22153056\/gordes-compressed-768x512.jpeg 768w, https:\/\/images.winalist.com\/blog\/wp-content\/uploads\/2022\/03\/22153056\/gordes-compressed-1536x1024.jpeg 1536w, https:\/\/images.winalist.com\/blog\/wp-content\/uploads\/2022\/03\/22153056\/gordes-compressed-370x247.jpeg 370w, https:\/\/images.winalist.com\/blog\/wp-content\/uploads\/2022\/03\/22153056\/gordes-compressed-800x533.jpeg 800w, https:\/\/images.winalist.com\/blog\/wp-content\/uploads\/2022\/03\/22153056\/gordes-compressed-20x13.jpeg 20w, https:\/\/images.winalist.com\/blog\/wp-content\/uploads\/2022\/03\/22153056\/gordes-compressed-185x123.jpeg 185w, https:\/\/images.winalist.com\/blog\/wp-content\/uploads\/2022\/03\/22153056\/gordes-compressed-740x493.jpeg 740w, https:\/\/images.winalist.com\/blog\/wp-content\/uploads\/2022\/03\/22153056\/gordes-compressed-400x267.jpeg 400w, https:\/\/images.winalist.com\/blog\/wp-content\/uploads\/2022\/03\/22153056\/gordes-compressed-1600x1067.jpeg 1600w, https:\/\/images.winalist.com\/blog\/wp-content\/uploads\/2022\/03\/22153056\/gordes-compressed-72x48.jpeg 72w, https:\/\/images.winalist.com\/blog\/wp-content\/uploads\/2022\/03\/22153056\/gordes-compressed.jpeg 1620w\" sizes=\"(max-width: 1024px) 100vw, 1024px\" \/><\/figure>\n\n\n\n<p class=\"wp-block-paragraph\">Pass\u00e9 les derniers virages d&rsquo;une jolie route bord\u00e9e de murs de pierres s\u00e8ches, mondialement connu et class\u00e9 comme l\u2019un des plus beaux villages de France, Gordes se dresse au bord des premi\u00e8res pentes des monts de Vaucluse, au c\u0153ur du parc r\u00e9gional du Luberon. Il couvre les pentes de sa colline ensoleill\u00e9e d\u2019une multitude de maisons cubistes en pierre s\u00e8che.<\/p>\n\n\n\n<p class=\"wp-block-paragraph\"><\/p>\n\n\n\n<h2 class=\"wp-block-heading\">Lourmarin<\/h2>\n\n\n\n<figure class=\"wp-block-image size-large\"><img decoding=\"async\" width=\"1024\" height=\"664\" src=\"https:\/\/www.winalist.com\/blog\/wp-content\/uploads\/2022\/03\/Lourmarin-compressed-1024x664.jpeg\" alt=\"Village de Loumarin\" class=\"wp-image-16033\" title=\"- - -\" srcset=\"https:\/\/images.winalist.com\/blog\/wp-content\/uploads\/2022\/03\/22153207\/Lourmarin-compressed-1024x664.jpeg 1024w, https:\/\/images.winalist.com\/blog\/wp-content\/uploads\/2022\/03\/22153207\/Lourmarin-compressed-300x194.jpeg 300w, https:\/\/images.winalist.com\/blog\/wp-content\/uploads\/2022\/03\/22153207\/Lourmarin-compressed-768x498.jpeg 768w, https:\/\/images.winalist.com\/blog\/wp-content\/uploads\/2022\/03\/22153207\/Lourmarin-compressed-1536x996.jpeg 1536w, https:\/\/images.winalist.com\/blog\/wp-content\/uploads\/2022\/03\/22153207\/Lourmarin-compressed-370x240.jpeg 370w, https:\/\/images.winalist.com\/blog\/wp-content\/uploads\/2022\/03\/22153207\/Lourmarin-compressed-800x519.jpeg 800w, https:\/\/images.winalist.com\/blog\/wp-content\/uploads\/2022\/03\/22153207\/Lourmarin-compressed-20x13.jpeg 20w, https:\/\/images.winalist.com\/blog\/wp-content\/uploads\/2022\/03\/22153207\/Lourmarin-compressed-185x120.jpeg 185w, https:\/\/images.winalist.com\/blog\/wp-content\/uploads\/2022\/03\/22153207\/Lourmarin-compressed-740x480.jpeg 740w, https:\/\/images.winalist.com\/blog\/wp-content\/uploads\/2022\/03\/22153207\/Lourmarin-compressed-400x259.jpeg 400w, https:\/\/images.winalist.com\/blog\/wp-content\/uploads\/2022\/03\/22153207\/Lourmarin-compressed-1600x1037.jpeg 1600w, https:\/\/images.winalist.com\/blog\/wp-content\/uploads\/2022\/03\/22153207\/Lourmarin-compressed-74x48.jpeg 74w, https:\/\/images.winalist.com\/blog\/wp-content\/uploads\/2022\/03\/22153207\/Lourmarin-compressed.jpeg 1666w\" sizes=\"(max-width: 1024px) 100vw, 1024px\" \/><\/figure>\n\n\n\n<p class=\"wp-block-paragraph\">Lourmarin est un village de pierres grises qui \u00e9merge des arbres fruitiers entre Cadenet et Bonnieux, laissant pointer sa tour de l&rsquo;horloge et le clocher de son \u00e9glise. La cit\u00e9 est c\u00e9l\u00e8bre pour son march\u00e9 qui s\u2019\u00e9tale \u00e0 l\u2019ombre d\u2019une belle all\u00e9e de platanes. Village d&rsquo;artistes, Lourmarin fait partie des \u00ab\u00a0Plus Beaux Villages de France\u00a0\u00bb. On y vient pour ses ruelles, son ambiance, sa lumi\u00e8re, mais aussi son ch\u00e2teau Renaissance, son \u00e9glise Saint-Andr\u00e9 et son temple protestant. D\u00e9couvrez sans plus attendre notre guide pour vous permettre de <a href=\"https:\/\/www.winalist.fr\/blog\/france\/provence\/visiter-lourmarin\" data-type=\"post\" data-id=\"33528\">visiter Lourmarin<\/a> et ne rien manquer !<\/p>\n\n\n\n<p class=\"wp-block-paragraph\"><\/p>\n\n\n\n<h2 class=\"wp-block-heading\">M\u00e9nerbes<\/h2>\n\n\n\n<figure class=\"wp-block-image size-large\"><img loading=\"lazy\" decoding=\"async\" width=\"1024\" height=\"686\" src=\"https:\/\/www.winalist.com\/blog\/wp-content\/uploads\/2022\/03\/Me\u0301nerbes-compressed-1024x686.jpeg\" alt=\"Visiter M\u00e9nerbes\" class=\"wp-image-16040\" title=\"- - -\"><\/figure>\n\n\n\n<p class=\"wp-block-paragraph\">Splendide petit village du Luberon, M\u00e9nerbes domine un magnifique paysage de garrigue et de vignes du sommet de son \u00e9peron rocheux en forme de vaisseau. Les amateurs de vins et de gastronomie appr\u00e9cieront un passage \u00e0 la Maison de la Truffe et du Vin ! Pr\u00e8s de la Tour de l&rsquo;Horloge, on y voit une bonne partie du Luberon et des Monts du Vaucluse. Nicolas de Sta\u00ebl et Picasso ont v\u00e9cu ici, conquis par la lumi\u00e8re, le panorama.<\/p>\n\n\n\n<p class=\"wp-block-paragraph\"><\/p>\n\n\n\n<h2 class=\"wp-block-heading\">Roussillon<\/h2>\n\n\n\n<figure class=\"wp-block-image size-large\"><img loading=\"lazy\" decoding=\"async\" width=\"1024\" height=\"548\" src=\"https:\/\/www.winalist.com\/blog\/wp-content\/uploads\/2022\/03\/roussillon-compressed-1024x548.jpeg\" alt=\"Village de Roussillon\" class=\"wp-image-16034\" title=\"- - -\" srcset=\"https:\/\/images.winalist.com\/blog\/wp-content\/uploads\/2022\/03\/22153255\/roussillon-compressed-1024x548.jpeg 1024w, https:\/\/images.winalist.com\/blog\/wp-content\/uploads\/2022\/03\/22153255\/roussillon-compressed-300x161.jpeg 300w, https:\/\/images.winalist.com\/blog\/wp-content\/uploads\/2022\/03\/22153255\/roussillon-compressed-768x411.jpeg 768w, https:\/\/images.winalist.com\/blog\/wp-content\/uploads\/2022\/03\/22153255\/roussillon-compressed-1536x822.jpeg 1536w, https:\/\/images.winalist.com\/blog\/wp-content\/uploads\/2022\/03\/22153255\/roussillon-compressed-370x198.jpeg 370w, https:\/\/images.winalist.com\/blog\/wp-content\/uploads\/2022\/03\/22153255\/roussillon-compressed-800x428.jpeg 800w, https:\/\/images.winalist.com\/blog\/wp-content\/uploads\/2022\/03\/22153255\/roussillon-compressed-20x11.jpeg 20w, https:\/\/images.winalist.com\/blog\/wp-content\/uploads\/2022\/03\/22153255\/roussillon-compressed-185x99.jpeg 185w, https:\/\/images.winalist.com\/blog\/wp-content\/uploads\/2022\/03\/22153255\/roussillon-compressed-740x396.jpeg 740w, https:\/\/images.winalist.com\/blog\/wp-content\/uploads\/2022\/03\/22153255\/roussillon-compressed-400x214.jpeg 400w, https:\/\/images.winalist.com\/blog\/wp-content\/uploads\/2022\/03\/22153255\/roussillon-compressed-1600x857.jpeg 1600w, https:\/\/images.winalist.com\/blog\/wp-content\/uploads\/2022\/03\/22153255\/roussillon-compressed-90x48.jpeg 90w, https:\/\/images.winalist.com\/blog\/wp-content\/uploads\/2022\/03\/22153255\/roussillon-compressed.jpeg 1920w\" sizes=\"(max-width: 1024px) 100vw, 1024px\" \/><\/figure>\n\n\n\n<p class=\"wp-block-paragraph\">Nich\u00e9 dans les pin\u00e8des, sous le ciel pur de Provence, Roussillon, accueille les visiteurs au pays de la lumi\u00e8re et de la couleur. La ville doit sa c\u00e9l\u00e9brit\u00e9 \u00e0 ses magnifiques falaises et \u00e0 ses impressionnantes carri\u00e8res d\u2019ocre maintenant en sommeil et de ce fait tout en couleurs, du jaune le plus p\u00e2le au rouge le plus vif.<\/p>\n\n\n\n<p class=\"wp-block-paragraph\"><\/p>\n\n\n\n<h2 class=\"wp-block-heading\">Goult<\/h2>\n\n\n\n<figure class=\"wp-block-image size-large\"><img loading=\"lazy\" decoding=\"async\" width=\"1024\" height=\"683\" src=\"https:\/\/www.winalist.com\/blog\/wp-content\/uploads\/2022\/03\/Goult-compressed-1024x683.jpeg\" alt=\"Village de Goult\" class=\"wp-image-16035\" title=\"- - -\" srcset=\"https:\/\/images.winalist.com\/blog\/wp-content\/uploads\/2022\/03\/22153353\/Goult-compressed-1024x683.jpeg 1024w, https:\/\/images.winalist.com\/blog\/wp-content\/uploads\/2022\/03\/22153353\/Goult-compressed-300x200.jpeg 300w, https:\/\/images.winalist.com\/blog\/wp-content\/uploads\/2022\/03\/22153353\/Goult-compressed-768x512.jpeg 768w, https:\/\/images.winalist.com\/blog\/wp-content\/uploads\/2022\/03\/22153353\/Goult-compressed-1536x1024.jpeg 1536w, https:\/\/images.winalist.com\/blog\/wp-content\/uploads\/2022\/03\/22153353\/Goult-compressed-370x247.jpeg 370w, https:\/\/images.winalist.com\/blog\/wp-content\/uploads\/2022\/03\/22153353\/Goult-compressed-800x533.jpeg 800w, https:\/\/images.winalist.com\/blog\/wp-content\/uploads\/2022\/03\/22153353\/Goult-compressed-20x13.jpeg 20w, https:\/\/images.winalist.com\/blog\/wp-content\/uploads\/2022\/03\/22153353\/Goult-compressed-185x123.jpeg 185w, https:\/\/images.winalist.com\/blog\/wp-content\/uploads\/2022\/03\/22153353\/Goult-compressed-740x493.jpeg 740w, https:\/\/images.winalist.com\/blog\/wp-content\/uploads\/2022\/03\/22153353\/Goult-compressed-400x267.jpeg 400w, https:\/\/images.winalist.com\/blog\/wp-content\/uploads\/2022\/03\/22153353\/Goult-compressed-1600x1067.jpeg 1600w, https:\/\/images.winalist.com\/blog\/wp-content\/uploads\/2022\/03\/22153353\/Goult-compressed-72x48.jpeg 72w, https:\/\/images.winalist.com\/blog\/wp-content\/uploads\/2022\/03\/22153353\/Goult-compressed.jpeg 1620w\" sizes=\"(max-width: 1024px) 100vw, 1024px\" \/><\/figure>\n\n\n\n<p class=\"wp-block-paragraph\">Le nom de Goult vient de celui de la famille d\u2019Agoult, qui est la plus ancienne de la r\u00e9gion et la plus puissante au Moyen-Age. Goult est surtout fr\u00e9quent\u00e9 par les r\u00e9sidents qui viennent prendre un verre au Caf\u00e9 de la Poste situ\u00e9 sur la grande place de l\u2019\u00e9glise pr\u00e8s du parking. Une ruelle grimpe dans le vieux village, plein de charme et de vieilles pierres. Il m\u00e8ne \u00e0 un moulin \u00e0 vent qui a conserv\u00e9 ses ailes, qui porte le curieux nom de Moulin de J\u00e9rusalem.<\/p>\n\n\n\n<p class=\"wp-block-paragraph\"><\/p>\n\n\n\n<h2 class=\"wp-block-heading\">Villars<\/h2>\n\n\n\n<figure class=\"wp-block-image size-large\"><img loading=\"lazy\" decoding=\"async\" width=\"1024\" height=\"683\" src=\"https:\/\/www.winalist.com\/blog\/wp-content\/uploads\/2022\/03\/Villars-compressed-1024x683.jpeg\" alt=\"Village Villars\" class=\"wp-image-16039\" title=\"- - -\" srcset=\"https:\/\/images.winalist.com\/blog\/wp-content\/uploads\/2022\/03\/22154027\/Villars-compressed-1024x683.jpeg 1024w, https:\/\/images.winalist.com\/blog\/wp-content\/uploads\/2022\/03\/22154027\/Villars-compressed-300x200.jpeg 300w, https:\/\/images.winalist.com\/blog\/wp-content\/uploads\/2022\/03\/22154027\/Villars-compressed-768x512.jpeg 768w, https:\/\/images.winalist.com\/blog\/wp-content\/uploads\/2022\/03\/22154027\/Villars-compressed-1536x1024.jpeg 1536w, https:\/\/images.winalist.com\/blog\/wp-content\/uploads\/2022\/03\/22154027\/Villars-compressed-370x247.jpeg 370w, https:\/\/images.winalist.com\/blog\/wp-content\/uploads\/2022\/03\/22154027\/Villars-compressed-800x533.jpeg 800w, https:\/\/images.winalist.com\/blog\/wp-content\/uploads\/2022\/03\/22154027\/Villars-compressed-20x13.jpeg 20w, https:\/\/images.winalist.com\/blog\/wp-content\/uploads\/2022\/03\/22154027\/Villars-compressed-185x123.jpeg 185w, https:\/\/images.winalist.com\/blog\/wp-content\/uploads\/2022\/03\/22154027\/Villars-compressed-740x493.jpeg 740w, https:\/\/images.winalist.com\/blog\/wp-content\/uploads\/2022\/03\/22154027\/Villars-compressed-400x267.jpeg 400w, https:\/\/images.winalist.com\/blog\/wp-content\/uploads\/2022\/03\/22154027\/Villars-compressed-1600x1067.jpeg 1600w, https:\/\/images.winalist.com\/blog\/wp-content\/uploads\/2022\/03\/22154027\/Villars-compressed-72x48.jpeg 72w, https:\/\/images.winalist.com\/blog\/wp-content\/uploads\/2022\/03\/22154027\/Villars-compressed.jpeg 1620w\" sizes=\"(max-width: 1024px) 100vw, 1024px\" \/><\/figure>\n\n\n\n<p class=\"wp-block-paragraph\">Situ\u00e9 sur une colline, Villars est un village rond qui conserve le souvenir d\u2019un bourg entour\u00e9 de murailles. Villars n\u2019a conserv\u00e9 que peu de vestiges historiques. Mais c\u2019est un village charmant et facile d\u2019acc\u00e8s que l\u2019on aborde par une longue all\u00e9e ombrag\u00e9e. Il fait bon s\u2019y reposer pr\u00e8s de la fontaine et s\u2019y installer pour une soir\u00e9e entre amis au restaurant.<\/p>\n\n\n\n<p class=\"wp-block-paragraph\"><\/p>\n\n\n\n<h2 class=\"wp-block-heading\">Fontaine-de-Vaucluse<\/h2>\n\n\n\n<figure class=\"wp-block-image size-large\"><img loading=\"lazy\" decoding=\"async\" width=\"1024\" height=\"681\" src=\"https:\/\/www.winalist.com\/blog\/wp-content\/uploads\/2022\/03\/fontaine-de-Vaucluse-compressed-1024x681.jpeg\" alt=\"Fontaine-de-Vaucluse\" class=\"wp-image-16041\" title=\"- - -\" srcset=\"https:\/\/images.winalist.com\/blog\/wp-content\/uploads\/2022\/03\/22154342\/fontaine-de-Vaucluse-compressed-1024x681.jpeg 1024w, https:\/\/images.winalist.com\/blog\/wp-content\/uploads\/2022\/03\/22154342\/fontaine-de-Vaucluse-compressed-300x199.jpeg 300w, https:\/\/images.winalist.com\/blog\/wp-content\/uploads\/2022\/03\/22154342\/fontaine-de-Vaucluse-compressed-768x510.jpeg 768w, https:\/\/images.winalist.com\/blog\/wp-content\/uploads\/2022\/03\/22154342\/fontaine-de-Vaucluse-compressed-1536x1021.jpeg 1536w, https:\/\/images.winalist.com\/blog\/wp-content\/uploads\/2022\/03\/22154342\/fontaine-de-Vaucluse-compressed-370x246.jpeg 370w, https:\/\/images.winalist.com\/blog\/wp-content\/uploads\/2022\/03\/22154342\/fontaine-de-Vaucluse-compressed-800x532.jpeg 800w, https:\/\/images.winalist.com\/blog\/wp-content\/uploads\/2022\/03\/22154342\/fontaine-de-Vaucluse-compressed-20x13.jpeg 20w, https:\/\/images.winalist.com\/blog\/wp-content\/uploads\/2022\/03\/22154342\/fontaine-de-Vaucluse-compressed-185x123.jpeg 185w, https:\/\/images.winalist.com\/blog\/wp-content\/uploads\/2022\/03\/22154342\/fontaine-de-Vaucluse-compressed-740x492.jpeg 740w, https:\/\/images.winalist.com\/blog\/wp-content\/uploads\/2022\/03\/22154342\/fontaine-de-Vaucluse-compressed-400x266.jpeg 400w, https:\/\/images.winalist.com\/blog\/wp-content\/uploads\/2022\/03\/22154342\/fontaine-de-Vaucluse-compressed-1600x1063.jpeg 1600w, https:\/\/images.winalist.com\/blog\/wp-content\/uploads\/2022\/03\/22154342\/fontaine-de-Vaucluse-compressed-72x48.jpeg 72w, https:\/\/images.winalist.com\/blog\/wp-content\/uploads\/2022\/03\/22154342\/fontaine-de-Vaucluse-compressed.jpeg 1625w\" sizes=\"(max-width: 1024px) 100vw, 1024px\" \/><\/figure>\n\n\n\n<p class=\"wp-block-paragraph\">Les Monts de Vaucluse sont sillonn\u00e9s de rivi\u00e8res souterraines qui alimentent les sources et les fontaines de nombreux villages. Un tremblement de terre en 1889 d\u00e9via le cours souterrain des eaux vers la Fontaine-de-Vaucluse. Install\u00e9 au pied d\u2019une immense falaise, ce village situ\u00e9 en bordure du Luberon est un v\u00e9ritable havre de fra\u00eecheur avec un plan d\u2019eau vert \u00e9meraude ombrag\u00e9 par d\u2019immenses platanes.<\/p>\n\n\n\n<p class=\"wp-block-paragraph\"><\/p>\n\n\n\n<h2 class=\"wp-block-heading\">Murs<\/h2>\n\n\n\n<figure class=\"wp-block-image size-large\"><img loading=\"lazy\" decoding=\"async\" width=\"1024\" height=\"700\" src=\"https:\/\/www.winalist.com\/blog\/wp-content\/uploads\/2022\/03\/Murs-1024x700.jpeg\" alt=\"Murs\" class=\"wp-image-16042\" title=\"- - -\" srcset=\"https:\/\/images.winalist.com\/blog\/wp-content\/uploads\/2022\/03\/22154649\/Murs-1024x700.jpeg 1024w, https:\/\/images.winalist.com\/blog\/wp-content\/uploads\/2022\/03\/22154649\/Murs-300x205.jpeg 300w, https:\/\/images.winalist.com\/blog\/wp-content\/uploads\/2022\/03\/22154649\/Murs-768x525.jpeg 768w, https:\/\/images.winalist.com\/blog\/wp-content\/uploads\/2022\/03\/22154649\/Murs-1536x1051.jpeg 1536w, https:\/\/images.winalist.com\/blog\/wp-content\/uploads\/2022\/03\/22154649\/Murs-370x253.jpeg 370w, https:\/\/images.winalist.com\/blog\/wp-content\/uploads\/2022\/03\/22154649\/Murs-800x547.jpeg 800w, https:\/\/images.winalist.com\/blog\/wp-content\/uploads\/2022\/03\/22154649\/Murs-185x127.jpeg 185w, https:\/\/images.winalist.com\/blog\/wp-content\/uploads\/2022\/03\/22154649\/Murs-740x506.jpeg 740w, https:\/\/images.winalist.com\/blog\/wp-content\/uploads\/2022\/03\/22154649\/Murs-20x14.jpeg 20w, https:\/\/images.winalist.com\/blog\/wp-content\/uploads\/2022\/03\/22154649\/Murs-400x274.jpeg 400w, https:\/\/images.winalist.com\/blog\/wp-content\/uploads\/2022\/03\/22154649\/Murs-70x48.jpeg 70w, https:\/\/images.winalist.com\/blog\/wp-content\/uploads\/2022\/03\/22154649\/Murs.jpeg 1579w\" sizes=\"(max-width: 1024px) 100vw, 1024px\" \/><\/figure>\n\n\n\n<p class=\"wp-block-paragraph\">Ce bourg que l\u2019on d\u00e9couvre sur un haut plateau. Murs est domin\u00e9 par un ch\u00e2teau qui conserve des vestiges du 14e et 16e si\u00e8cle, mais qui a \u00e9t\u00e9 fortement restaur\u00e9 au 20e si\u00e8cle.&nbsp;<\/p>\n\n\n\n<p class=\"wp-block-paragraph\"><\/p>\n\n\n\n<h2 class=\"wp-block-heading\">St-Saturnin-l\u00e8s-Apt<\/h2>\n\n\n\n<figure class=\"wp-block-image size-large\"><img loading=\"lazy\" decoding=\"async\" width=\"1024\" height=\"576\" src=\"https:\/\/www.winalist.com\/blog\/wp-content\/uploads\/2022\/03\/St-Saturnin-le\u0300s-Apt-1024x576.jpeg\" alt=\"St-Saturnin-l\u00e8s-Apt\" class=\"wp-image-16043\" title=\"- - -\"><\/figure>\n\n\n\n<p class=\"wp-block-paragraph\">Le centre de ce village&nbsp;paisible est particuli\u00e8rement riche en porches, fontaines et portails sculpt\u00e9s. C\u2019est un v\u00e9ritable mus\u00e9e en plein air. Ses remparts et les vestiges de son ch\u00e2teau sont surprenants !<\/p>\n\n\n\n<p class=\"wp-block-paragraph\"><\/p>\n\n\n\n<h2 class=\"wp-block-heading\">Viens<\/h2>\n\n\n\n<figure class=\"wp-block-image size-large\"><img loading=\"lazy\" decoding=\"async\" width=\"1024\" height=\"674\" src=\"https:\/\/www.winalist.com\/blog\/wp-content\/uploads\/2022\/03\/Viens-1024x674.jpeg\" alt=\"Viens\" class=\"wp-image-16044\" title=\"- - -\" srcset=\"https:\/\/images.winalist.com\/blog\/wp-content\/uploads\/2022\/03\/22154919\/Viens-1024x674.jpeg 1024w, https:\/\/images.winalist.com\/blog\/wp-content\/uploads\/2022\/03\/22154919\/Viens-300x197.jpeg 300w, https:\/\/images.winalist.com\/blog\/wp-content\/uploads\/2022\/03\/22154919\/Viens-768x505.jpeg 768w, https:\/\/images.winalist.com\/blog\/wp-content\/uploads\/2022\/03\/22154919\/Viens-1536x1010.jpeg 1536w, https:\/\/images.winalist.com\/blog\/wp-content\/uploads\/2022\/03\/22154919\/Viens-370x243.jpeg 370w, https:\/\/images.winalist.com\/blog\/wp-content\/uploads\/2022\/03\/22154919\/Viens-800x526.jpeg 800w, https:\/\/images.winalist.com\/blog\/wp-content\/uploads\/2022\/03\/22154919\/Viens-20x13.jpeg 20w, https:\/\/images.winalist.com\/blog\/wp-content\/uploads\/2022\/03\/22154919\/Viens-185x122.jpeg 185w, https:\/\/images.winalist.com\/blog\/wp-content\/uploads\/2022\/03\/22154919\/Viens-740x487.jpeg 740w, https:\/\/images.winalist.com\/blog\/wp-content\/uploads\/2022\/03\/22154919\/Viens-400x263.jpeg 400w, https:\/\/images.winalist.com\/blog\/wp-content\/uploads\/2022\/03\/22154919\/Viens-1600x1052.jpeg 1600w, https:\/\/images.winalist.com\/blog\/wp-content\/uploads\/2022\/03\/22154919\/Viens-73x48.jpeg 73w, https:\/\/images.winalist.com\/blog\/wp-content\/uploads\/2022\/03\/22154919\/Viens.jpeg 1642w\" sizes=\"(max-width: 1024px) 100vw, 1024px\" \/><\/figure>\n\n\n\n<p class=\"wp-block-paragraph\">Situ\u00e9 \u00e0 la fronti\u00e8re des Alpes de Haute Provence, Viens a gard\u00e9 son allure de place forte m\u00e9di\u00e9vale. Ceintur\u00e9 de remparts des 11e et 13e si\u00e8cles, c\u2019est une cit\u00e9 charg\u00e9e de si\u00e8cles et d\u2019histoires. On y p\u00e9n\u00e8tre par le Portail de l\u2019Horloge, avec sa haute tour carr\u00e9e.<\/p>\n\n\n\n<p class=\"wp-block-paragraph\"><\/p>\n\n\n\n<h2 class=\"wp-block-heading\">Caseneuve<\/h2>\n\n\n\n<figure class=\"wp-block-image size-large\"><img loading=\"lazy\" decoding=\"async\" width=\"1024\" height=\"683\" src=\"https:\/\/www.winalist.com\/blog\/wp-content\/uploads\/2022\/03\/Caseneuve-compressed-1024x683.jpeg\" alt=\"Caseneuve\" class=\"wp-image-16045\" title=\"- - -\" srcset=\"https:\/\/images.winalist.com\/blog\/wp-content\/uploads\/2022\/03\/22155138\/Caseneuve-compressed-1024x683.jpeg 1024w, https:\/\/images.winalist.com\/blog\/wp-content\/uploads\/2022\/03\/22155138\/Caseneuve-compressed-300x200.jpeg 300w, https:\/\/images.winalist.com\/blog\/wp-content\/uploads\/2022\/03\/22155138\/Caseneuve-compressed-768x512.jpeg 768w, https:\/\/images.winalist.com\/blog\/wp-content\/uploads\/2022\/03\/22155138\/Caseneuve-compressed-1536x1024.jpeg 1536w, https:\/\/images.winalist.com\/blog\/wp-content\/uploads\/2022\/03\/22155138\/Caseneuve-compressed-370x247.jpeg 370w, https:\/\/images.winalist.com\/blog\/wp-content\/uploads\/2022\/03\/22155138\/Caseneuve-compressed-800x533.jpeg 800w, https:\/\/images.winalist.com\/blog\/wp-content\/uploads\/2022\/03\/22155138\/Caseneuve-compressed-20x13.jpeg 20w, https:\/\/images.winalist.com\/blog\/wp-content\/uploads\/2022\/03\/22155138\/Caseneuve-compressed-185x123.jpeg 185w, https:\/\/images.winalist.com\/blog\/wp-content\/uploads\/2022\/03\/22155138\/Caseneuve-compressed-740x493.jpeg 740w, https:\/\/images.winalist.com\/blog\/wp-content\/uploads\/2022\/03\/22155138\/Caseneuve-compressed-400x267.jpeg 400w, https:\/\/images.winalist.com\/blog\/wp-content\/uploads\/2022\/03\/22155138\/Caseneuve-compressed-1600x1067.jpeg 1600w, https:\/\/images.winalist.com\/blog\/wp-content\/uploads\/2022\/03\/22155138\/Caseneuve-compressed-72x48.jpeg 72w, https:\/\/images.winalist.com\/blog\/wp-content\/uploads\/2022\/03\/22155138\/Caseneuve-compressed.jpeg 1620w\" sizes=\"(max-width: 1024px) 100vw, 1024px\" \/><\/figure>\n\n\n\n<p class=\"wp-block-paragraph\">\u00c0 l\u2019\u00e9cart des routes touristiques, Caseneuve est un petit village facilement accessible. Isol\u00e9 sur un plateau aride, ce bourg est prot\u00e9g\u00e9 par un gros ch\u00e2teau forteresse du 11e au 13e si\u00e8cle avec une partie Renaissance.&nbsp;<\/p>\n\n\n\n<p class=\"wp-block-paragraph\"><\/p>\n\n\n\n<h2 class=\"wp-block-heading\">Lacoste<\/h2>\n\n\n\n<figure class=\"wp-block-image size-large\"><img loading=\"lazy\" decoding=\"async\" width=\"1024\" height=\"683\" src=\"https:\/\/www.winalist.com\/blog\/wp-content\/uploads\/2022\/03\/Lacoste-compressed-1024x683.jpeg\" alt=\"Lacoste\" class=\"wp-image-16046\" title=\"- - -\" srcset=\"https:\/\/images.winalist.com\/blog\/wp-content\/uploads\/2022\/03\/22155345\/Lacoste-compressed-1024x683.jpeg 1024w, https:\/\/images.winalist.com\/blog\/wp-content\/uploads\/2022\/03\/22155345\/Lacoste-compressed-300x200.jpeg 300w, https:\/\/images.winalist.com\/blog\/wp-content\/uploads\/2022\/03\/22155345\/Lacoste-compressed-768x512.jpeg 768w, https:\/\/images.winalist.com\/blog\/wp-content\/uploads\/2022\/03\/22155345\/Lacoste-compressed-1536x1024.jpeg 1536w, https:\/\/images.winalist.com\/blog\/wp-content\/uploads\/2022\/03\/22155345\/Lacoste-compressed-370x247.jpeg 370w, https:\/\/images.winalist.com\/blog\/wp-content\/uploads\/2022\/03\/22155345\/Lacoste-compressed-800x533.jpeg 800w, https:\/\/images.winalist.com\/blog\/wp-content\/uploads\/2022\/03\/22155345\/Lacoste-compressed-20x13.jpeg 20w, https:\/\/images.winalist.com\/blog\/wp-content\/uploads\/2022\/03\/22155345\/Lacoste-compressed-185x123.jpeg 185w, https:\/\/images.winalist.com\/blog\/wp-content\/uploads\/2022\/03\/22155345\/Lacoste-compressed-740x493.jpeg 740w, https:\/\/images.winalist.com\/blog\/wp-content\/uploads\/2022\/03\/22155345\/Lacoste-compressed-400x267.jpeg 400w, https:\/\/images.winalist.com\/blog\/wp-content\/uploads\/2022\/03\/22155345\/Lacoste-compressed-1600x1067.jpeg 1600w, https:\/\/images.winalist.com\/blog\/wp-content\/uploads\/2022\/03\/22155345\/Lacoste-compressed-72x48.jpeg 72w, https:\/\/images.winalist.com\/blog\/wp-content\/uploads\/2022\/03\/22155345\/Lacoste-compressed.jpeg 1620w\" sizes=\"(max-width: 1024px) 100vw, 1024px\" \/><\/figure>\n\n\n\n<p class=\"wp-block-paragraph\">Le village de Lacoste est surplomb\u00e9 par le ch\u00e2teau du Marquis de Sade qui fut restaur\u00e9 par le couturier Pierre Cardin. Au 16e si\u00e8cle, le baron d\u2019Opp\u00e8de y emprisonna plus de 300 membres de la secte des Vaudois qu\u2019il fit torturer puis ex\u00e9cuter. L&rsquo;art sous toutes ses formes est bien repr\u00e9sent\u00e9 et en vous promenant, vous d\u00e9couvrirez de nombreuses galeries d&rsquo;art qui font du village un v\u00e9ritable mus\u00e9e.<\/p>\n\n\n\n<p class=\"wp-block-paragraph\"><\/p>\n\n\n\n<h2 class=\"wp-block-heading\">Saignon<\/h2>\n\n\n\n<figure class=\"wp-block-image size-large\"><img loading=\"lazy\" decoding=\"async\" width=\"1024\" height=\"683\" src=\"https:\/\/www.winalist.com\/blog\/wp-content\/uploads\/2022\/03\/Saignon-compressed-1024x683.jpeg\" alt=\"Village Saignon\" class=\"wp-image-16037\" title=\"- - -\" srcset=\"https:\/\/images.winalist.com\/blog\/wp-content\/uploads\/2022\/03\/22153614\/Saignon-compressed-1024x683.jpeg 1024w, https:\/\/images.winalist.com\/blog\/wp-content\/uploads\/2022\/03\/22153614\/Saignon-compressed-300x200.jpeg 300w, https:\/\/images.winalist.com\/blog\/wp-content\/uploads\/2022\/03\/22153614\/Saignon-compressed-768x512.jpeg 768w, https:\/\/images.winalist.com\/blog\/wp-content\/uploads\/2022\/03\/22153614\/Saignon-compressed-1536x1024.jpeg 1536w, https:\/\/images.winalist.com\/blog\/wp-content\/uploads\/2022\/03\/22153614\/Saignon-compressed-370x247.jpeg 370w, https:\/\/images.winalist.com\/blog\/wp-content\/uploads\/2022\/03\/22153614\/Saignon-compressed-800x533.jpeg 800w, https:\/\/images.winalist.com\/blog\/wp-content\/uploads\/2022\/03\/22153614\/Saignon-compressed-20x13.jpeg 20w, https:\/\/images.winalist.com\/blog\/wp-content\/uploads\/2022\/03\/22153614\/Saignon-compressed-185x123.jpeg 185w, https:\/\/images.winalist.com\/blog\/wp-content\/uploads\/2022\/03\/22153614\/Saignon-compressed-740x493.jpeg 740w, https:\/\/images.winalist.com\/blog\/wp-content\/uploads\/2022\/03\/22153614\/Saignon-compressed-400x267.jpeg 400w, https:\/\/images.winalist.com\/blog\/wp-content\/uploads\/2022\/03\/22153614\/Saignon-compressed-1600x1067.jpeg 1600w, https:\/\/images.winalist.com\/blog\/wp-content\/uploads\/2022\/03\/22153614\/Saignon-compressed-72x48.jpeg 72w, https:\/\/images.winalist.com\/blog\/wp-content\/uploads\/2022\/03\/22153614\/Saignon-compressed.jpeg 1620w\" sizes=\"(max-width: 1024px) 100vw, 1024px\" \/><\/figure>\n\n\n\n<p class=\"wp-block-paragraph\">V\u00e9ritable nid d\u2019aigle au-dessus de Apt, Saignon est un des plus charmants villages du Luberon. On fl\u00e2ne dans les ruelles calad\u00e9es pour d\u00e9couvrir les fontaines, les portes, les remparts et la tour de l\u2019horloge. Saignon est un entrelacement de ruelles pentues, de petites places, de fontaines et de remparts. Du sommet du rocher la vue est imprenable.<\/p>\n\n\n\n<p class=\"wp-block-paragraph\"><\/p>\n\n\n\n<h2 class=\"wp-block-heading\">Opp\u00e8de-le-Vieux<\/h2>\n\n\n\n<p class=\"wp-block-paragraph\">C\u2019est le plus inaccessible des villages perch\u00e9s du Luberon. Le village a accueilli Consuelo de Saint-Exup\u00e9ry, femme de l\u2019auteur du Petit Prince qui vint s\u2019y installer avec des amis. Pour acc\u00e9der \u00e0 l\u2019\u00e9glise romane et au ch\u00e2teau en ruine situ\u00e9s en haut du village m\u00e9di\u00e9val, il faut escalader les calades. On a l\u2019impression d\u2019avoir remont\u00e9 le temps en arpentant les petites rues du village.<\/p>\n\n\n\n<figure class=\"wp-block-image size-large\"><img loading=\"lazy\" decoding=\"async\" width=\"1024\" height=\"683\" src=\"https:\/\/www.winalist.com\/blog\/wp-content\/uploads\/2022\/03\/Oppede-le-Vieux-village-compressed-1024x683.jpeg\" alt=\"Village Opp\u00e8de-le-Vieux\" class=\"wp-image-16036\" title=\"- - -\" srcset=\"https:\/\/images.winalist.com\/blog\/wp-content\/uploads\/2022\/03\/22153507\/Oppede-le-Vieux-village-compressed-1024x683.jpeg 1024w, https:\/\/images.winalist.com\/blog\/wp-content\/uploads\/2022\/03\/22153507\/Oppede-le-Vieux-village-compressed-300x200.jpeg 300w, https:\/\/images.winalist.com\/blog\/wp-content\/uploads\/2022\/03\/22153507\/Oppede-le-Vieux-village-compressed-768x512.jpeg 768w, https:\/\/images.winalist.com\/blog\/wp-content\/uploads\/2022\/03\/22153507\/Oppede-le-Vieux-village-compressed-1536x1024.jpeg 1536w, https:\/\/images.winalist.com\/blog\/wp-content\/uploads\/2022\/03\/22153507\/Oppede-le-Vieux-village-compressed-370x247.jpeg 370w, https:\/\/images.winalist.com\/blog\/wp-content\/uploads\/2022\/03\/22153507\/Oppede-le-Vieux-village-compressed-800x533.jpeg 800w, https:\/\/images.winalist.com\/blog\/wp-content\/uploads\/2022\/03\/22153507\/Oppede-le-Vieux-village-compressed-20x13.jpeg 20w, https:\/\/images.winalist.com\/blog\/wp-content\/uploads\/2022\/03\/22153507\/Oppede-le-Vieux-village-compressed-185x123.jpeg 185w, https:\/\/images.winalist.com\/blog\/wp-content\/uploads\/2022\/03\/22153507\/Oppede-le-Vieux-village-compressed-740x493.jpeg 740w, https:\/\/images.winalist.com\/blog\/wp-content\/uploads\/2022\/03\/22153507\/Oppede-le-Vieux-village-compressed-400x267.jpeg 400w, https:\/\/images.winalist.com\/blog\/wp-content\/uploads\/2022\/03\/22153507\/Oppede-le-Vieux-village-compressed-1600x1067.jpeg 1600w, https:\/\/images.winalist.com\/blog\/wp-content\/uploads\/2022\/03\/22153507\/Oppede-le-Vieux-village-compressed-72x48.jpeg 72w, https:\/\/images.winalist.com\/blog\/wp-content\/uploads\/2022\/03\/22153507\/Oppede-le-Vieux-village-compressed.jpeg 1620w\" sizes=\"(max-width: 1024px) 100vw, 1024px\" \/><\/figure>\n\n\n\n<p class=\"wp-block-paragraph\"><\/p>\n\n\n\n<h2 class=\"wp-block-heading\">D\u00e9couvrir les vignobles du Lub\u00e9ron<\/h2>\n\n\n\n<p class=\"wp-block-paragraph\">Situ\u00e9es au confluent de la Provence et de la Vall\u00e9e du Rh\u00f4ne, les vignes produisent de grands vins dans les 3 couleurs. Succombez \u00e0 la fra\u00eecheur des vins ros\u00e9s, d\u00e9couvrez les vins blancs g\u00e9n\u00e9reux et les rouges gourmands du Luberon. Les vignerons vous ouvrent leurs portes pour partager leur passion, venez \u00e0 leurs rencontres ! Sur votre route en venant du Nord de la France, faites une courte pause et r\u00e9servez une <a href=\"https:\/\/www.winalist.fr\/regions\/vallee-du-rhone\" target=\"_blank\" rel=\"noreferrer noopener\">visite de caves &amp; D\u00e9gustation de vin en Vall\u00e9e du Rh\u00f4ne<\/a>.<\/p>\n\n\n\n<div id=\"winalist-partner-widget-gu8wnvm2eqa\" class=\"winalist-partner-widget\"><\/div>\n        <script type=\"application\/javascript\">\n          var winalistWidget = document.getElementById('winalist-partner-widget-gu8wnvm2eqa');\n          var i = document.createElement(\"iframe\");\n          i.style.border = \"none\";\n          i.style.width = \"100%\";\n          i.style.minHeight = \"550px\";\n            i.style.height = \"550px\";\n          i.setAttribute(\"src\", \"https:\/\/www.winalist.com\/w\/embed?partner=14&type=map&lat=43.796111&lng=5.223889&location=Luberon, M\u00e9nerbes, France\");\n          if(winalistWidget) winalistWidget.appendChild(i);\n        <\/script>\n        <script type=\"application\/javascript\" src=\"https:\/\/www.winalist.com\/widget\/affiliate-widget-config.min.js\"><\/script>\n\n\n\n<p class=\"wp-block-paragraph\">D\u00e9couvrez aussi les <a href=\"https:\/\/www.winalist.fr\/regions\/provence\" target=\"_blank\" rel=\"noreferrer noopener\">meilleures visites de vignobles et d\u00e9gustations vins Provence<\/a>.<\/p>\n\n\n<div id=\"rank-math-faq\" class=\"rank-math-block\">\n<div class=\"rank-math-list \">\n<div id=\"faq-question-1647960957031\" class=\"rank-math-list-item\">\n<h3 class=\"rank-math-question \">Quel est le plus beau village du Luberon ?<\/h3>\n<div class=\"rank-math-answer \">\n\n<p>Labellis\u00e9 comme l&rsquo;un des plus beaux villages de France, Gordes est le plus c\u00e9l\u00e8bre village du Luberon. <\/p>\n\n<\/div>\n<\/div>\n<\/div>\n<\/div>","protected":false},"excerpt":{"rendered":"<p>Prenez la route des plus beaux villages du Luberon ! Situ\u00e9s \u00e0 30 minutes d\u2019Aix-en-Provence, visitez ces communes fleuries. Leurs tr\u00e9sors insolites et authentiques vous attendent \u00e0 chaque village. Entre vignes, for\u00eat et lavande, la r\u00e9gion du Luberon vous offre le meilleur de la Provence. Accroch\u00e9s aux pitons rocheux ou bord\u00e9s de vignobles sur de &hellip; <\/p>\n","protected":false},"author":12,"featured_media":16048,"comment_status":"open","ping_status":"open","sticky":false,"template":"","format":"standard","meta":{"_acf_changed":false,"_eb_attr":"","_tripp_layout":"4","winalist_lat":"","winalist_lng":"","winalist_map_hide":"","_tripp_review":[],"_tripp_coupon":[],"footnotes":""},"categories":[663],"tags":[],"destination":[],"class_list":["post-16031","post","type-post","status-publish","format-standard","has-post-thumbnail","hentry","category-provence","entry"],"acf":{"winalist_tldr_title":"","winalist_tldr_time":"","winalist_tldr_top":"","winalist_tldr_budget":"","winalist_tldr_period":"","winalist_tldr_transport":"","winalist_tldr_custom":null,"winalist_tldr_cta_text":"","winalist_tldr_cta_url":"","winalist_tips_enabled":true,"winalist_tips_list":null},"_links":{"self":[{"href":"https:\/\/www.winalist.fr\/blog\/wp-json\/wp\/v2\/posts\/16031","targetHints":{"allow":["GET"]}}],"collection":[{"href":"https:\/\/www.winalist.fr\/blog\/wp-json\/wp\/v2\/posts"}],"about":[{"href":"https:\/\/www.winalist.fr\/blog\/wp-json\/wp\/v2\/types\/post"}],"author":[{"embeddable":true,"href":"https:\/\/www.winalist.fr\/blog\/wp-json\/wp\/v2\/users\/12"}],"replies":[{"embeddable":true,"href":"https:\/\/www.winalist.fr\/blog\/wp-json\/wp\/v2\/comments?post=16031"}],"version-history":[{"count":1,"href":"https:\/\/www.winalist.fr\/blog\/wp-json\/wp\/v2\/posts\/16031\/revisions"}],"predecessor-version":[{"id":57981,"href":"https:\/\/www.winalist.fr\/blog\/wp-json\/wp\/v2\/posts\/16031\/revisions\/57981"}],"wp:featuredmedia":[{"embeddable":true,"href":"https:\/\/www.winalist.fr\/blog\/wp-json\/wp\/v2\/media\/16048"}],"wp:attachment":[{"href":"https:\/\/www.winalist.fr\/blog\/wp-json\/wp\/v2\/media?parent=16031"}],"wp:term":[{"taxonomy":"category","embeddable":true,"href":"https:\/\/www.winalist.fr\/blog\/wp-json\/wp\/v2\/categories?post=16031"},{"taxonomy":"post_tag","embeddable":true,"href":"https:\/\/www.winalist.fr\/blog\/wp-json\/wp\/v2\/tags?post=16031"},{"taxonomy":"destination","embeddable":true,"href":"https:\/\/www.winalist.fr\/blog\/wp-json\/wp\/v2\/destination?post=16031"}],"curies":[{"name":"wp","href":"https:\/\/api.w.org\/{rel}","templated":true}]}}