{"id":14723,"date":"2022-03-18T09:25:00","date_gmt":"2022-03-18T08:25:00","guid":{"rendered":"https:\/\/www.winalist.fr\/blog?p=14723"},"modified":"2026-05-06T14:39:45","modified_gmt":"2026-05-06T12:39:45","slug":"les-habits-de-lumiere-epernay","status":"publish","type":"post","link":"https:\/\/www.winalist.fr\/blog\/france\/champagne\/les-habits-de-lumiere-epernay","title":{"rendered":"Les Habits de Lumi\u00e8re \u00c9pernay : C\u00e9l\u00e8brer les f\u00eates de fin d&rsquo;ann\u00e9e"},"content":{"rendered":"\n<p class=\"wp-block-paragraph\">Connaissez-vous la f\u00eate des <strong>Habits de Lumi\u00e8re \u00c9pernay<\/strong> ? Chaque mois de d\u00e9cembre, la ville d\u2019<strong>\u00c9pernay<\/strong>, capitale incontest\u00e9e du Champagne, se transforme en un v\u00e9ritable th\u00e9\u00e2tre \u00e0 ciel ouvert \u00e0 l\u2019occasion des <strong>Habits de lumi\u00e8re<\/strong> : un \u00e9v\u00e9nement festif, culturel et gastronomique. <br><br>Pendant trois jours, l\u2019<strong>avenue de Champagne<\/strong> s\u2019illumine et s\u2019anime au rythme de projections monumentales, de spectacles en plein air, de d\u00e9gustations gourmandes et de moments de partage autour de l\u2019art de vivre champenois. L\u2019\u00e9quipe Winalist vous d\u00e9voile tout ce qu\u2019il faut savoir pour vivre pleinement cette exp\u00e9rience magique et d\u00e9couvrir la r\u00e9gion dans son int\u00e9gralit\u00e9 sans oublier la <a href=\"https:\/\/www.winalist.fr\/regions\/champagne\">visite des caves Champagne<\/a>.<\/p>\n\n\n\n<p class=\"wp-block-paragraph\"><\/p>\n\n\n\n<h2 class=\"wp-block-heading\">Les Habits de Lumi\u00e8re \u00c9pernay : Trois jours de festivit\u00e9s<\/h2>\n\n\n\n<figure class=\"wp-block-image alignwide size-large\"><img fetchpriority=\"high\" decoding=\"async\" width=\"1024\" height=\"404\" src=\"https:\/\/images.winalist.com\/blog\/wp-content\/uploads\/2022\/03\/03093043\/habitsdelumiere-epernay-1024x404.jpg\" alt=\"Habits de Lumi\u00e8re \u00c9pernay\" class=\"wp-image-14725\" title=\"- - -\" srcset=\"https:\/\/images.winalist.com\/blog\/wp-content\/uploads\/2022\/03\/03093043\/habitsdelumiere-epernay-1024x404.jpg 1024w, https:\/\/images.winalist.com\/blog\/wp-content\/uploads\/2022\/03\/03093043\/habitsdelumiere-epernay-300x118.jpg 300w, https:\/\/images.winalist.com\/blog\/wp-content\/uploads\/2022\/03\/03093043\/habitsdelumiere-epernay-768x303.jpg 768w, https:\/\/images.winalist.com\/blog\/wp-content\/uploads\/2022\/03\/03093043\/habitsdelumiere-epernay-370x146.jpg 370w, https:\/\/images.winalist.com\/blog\/wp-content\/uploads\/2022\/03\/03093043\/habitsdelumiere-epernay-800x316.jpg 800w, https:\/\/images.winalist.com\/blog\/wp-content\/uploads\/2022\/03\/03093043\/habitsdelumiere-epernay-185x73.jpg 185w, https:\/\/images.winalist.com\/blog\/wp-content\/uploads\/2022\/03\/03093043\/habitsdelumiere-epernay-740x292.jpg 740w, https:\/\/images.winalist.com\/blog\/wp-content\/uploads\/2022\/03\/03093043\/habitsdelumiere-epernay-20x8.jpg 20w, https:\/\/images.winalist.com\/blog\/wp-content\/uploads\/2022\/03\/03093043\/habitsdelumiere-epernay-400x158.jpg 400w, https:\/\/images.winalist.com\/blog\/wp-content\/uploads\/2022\/03\/03093043\/habitsdelumiere-epernay-122x48.jpg 122w, https:\/\/images.winalist.com\/blog\/wp-content\/uploads\/2022\/03\/03093043\/habitsdelumiere-epernay.jpg 1520w\" sizes=\"(max-width: 1024px) 100vw, 1024px\" \/><\/figure>\n\n\n\n<p class=\"wp-block-paragraph\"><strong>Cr\u00e9\u00e9s en 2000 pour c\u00e9l\u00e9brer le nouveau mill\u00e9naire, les Habits de Lumi\u00e8re sont devenus un rendez-vous incontournable de l\u2019hiver champenois.<\/strong> Organis\u00e9 par le Comit\u00e9 de l\u2019Avenue de Champagne, cette \u00e9dition des Habits de Lumi\u00e8re gratuite attire plus de 50 000 visiteurs chaque ann\u00e9e. Pendant trois jours, \u00c9pernay se transforme en une sc\u00e8ne f\u00e9erique : <strong>installations lumineuses, vid\u00e9o-mappings sur les fa\u00e7ades des grandes Maisons, parades musicales, ateliers gourmands et concours pour enfants<\/strong> rythment les festivit\u00e9s. Chaque \u00e9dition explore un univers th\u00e9matique \u2013 cin\u00e9ma, r\u00e9tro, machines fantastiques \u2013 tout en mettant \u00e0 l\u2019honneur l\u2019art de vivre local : <strong>d\u00e9gustations dans les caves, d\u00eeners gastronomiques, accords mets et vins, et parades de voitures anciennes<\/strong>. Une c\u00e9l\u00e9bration <strong>chaleureuse et conviviale<\/strong>, o\u00f9 lumi\u00e8re, gourmandise et tradition se m\u00ealent pour un week-end magique.<\/p>\n\n\n\n<p class=\"wp-block-paragraph\"><\/p>\n\n\n\n<h3 class=\"wp-block-heading\">Quel est le programme des Habits de Lumi\u00e8re ?<\/h3>\n\n\n\n<p class=\"wp-block-paragraph\">D\u00e9gustations, concerts, march\u00e9s de No\u00ebl et parcours artistiques composent un programme riche et convivial, id\u00e9al pour vivre la magie de l\u2019hiver au c\u0153ur des maisons de champagne et d\u00e9couvrir \u00c9pernay dans une ambiance f\u00e9erique. Ce rendez-vous est un moment de plus \u00e0 rajouter dans votre s\u00e9jour et remplir votre liste des choses \u00e0 <a href=\"https:\/\/www.winalist.fr\/blog\/france\/champagne\/visiter-epernay\">faire \u00e0 \u00c9pernay.<\/a><\/p>\n\n\n\n<p class=\"wp-block-paragraph\"><\/p>\n\n\n\n<h4 class=\"wp-block-heading\">Vendredi : L\u2019avenue de Champagne en lumi\u00e8re<\/h4>\n\n\n\n<figure class=\"wp-block-image alignwide size-large\"><img decoding=\"async\" width=\"1500\" height=\"841\" src=\"https:\/\/images.winalist.com\/blog\/wp-content\/uploads\/2022\/03\/02173308\/adobestock-1033783678-1500x841.jpeg\" alt=\"- - -\" class=\"wp-image-54610\" title=\"- - -\" srcset=\"https:\/\/images.winalist.com\/blog\/wp-content\/uploads\/2022\/03\/02173308\/adobestock-1033783678-1500x841.jpeg 1500w, https:\/\/images.winalist.com\/blog\/wp-content\/uploads\/2022\/03\/02173308\/adobestock-1033783678-600x336.jpeg 600w, https:\/\/images.winalist.com\/blog\/wp-content\/uploads\/2022\/03\/02173308\/adobestock-1033783678-768x430.jpeg 768w, https:\/\/images.winalist.com\/blog\/wp-content\/uploads\/2022\/03\/02173308\/adobestock-1033783678-1536x861.jpeg 1536w, https:\/\/images.winalist.com\/blog\/wp-content\/uploads\/2022\/03\/02173308\/adobestock-1033783678-1290x723.jpeg 1290w, https:\/\/images.winalist.com\/blog\/wp-content\/uploads\/2022\/03\/02173308\/adobestock-1033783678.jpeg 1920w\" sizes=\"(max-width: 1500px) 100vw, 1500px\" \/><\/figure>\n\n\n\n<p class=\"wp-block-paragraph\">Le week-end des Habits de lumi\u00e8re d\u00e9bute en fanfare avec les projections lumineuses sur les fa\u00e7ades des maisons de Champagne, v\u00e9ritables \u0153uvres visuelles \u00e0 couper le souffle. Epernay illumin\u00e9e la ville devient f\u00e9erique, elle se pare de lumi\u00e8res d\u00e8s le premier soir.&nbsp;D\u00e8s la tomb\u00e9e de la nuit,&nbsp;<strong>les rues d\u2019Epernay<\/strong> s&rsquo;animent : concerts, <strong>animations musicales<\/strong>, spectacles de rue, bars \u00e0 Champagne et food trucks envahissent l\u2019avenue, cr\u00e9ant une <strong>ambiance unique et festive<\/strong>. Le point culminant ? Les feux d\u2019artifice cr\u00e9ent une ambiance unique, tir\u00e9s depuis le haut de l\u2019avenue, qui illuminent magistralement le ciel sparnacien.<\/p>\n\n\n\n<p class=\"wp-block-paragraph\"><\/p>\n\n\n\n<h4 class=\"wp-block-heading\">Samedi : Saveurs et accords d\u2019exception<\/h4>\n\n\n\n<figure class=\"wp-block-image alignwide size-large\"><img decoding=\"async\" width=\"1500\" height=\"984\" src=\"https:\/\/images.winalist.com\/blog\/wp-content\/uploads\/2022\/03\/02173557\/adobestock-700012447-1500x984.jpeg\" alt=\"- - -\" class=\"wp-image-54611\" title=\"- - -\" srcset=\"https:\/\/images.winalist.com\/blog\/wp-content\/uploads\/2022\/03\/02173557\/adobestock-700012447-1500x984.jpeg 1500w, https:\/\/images.winalist.com\/blog\/wp-content\/uploads\/2022\/03\/02173557\/adobestock-700012447-600x394.jpeg 600w, https:\/\/images.winalist.com\/blog\/wp-content\/uploads\/2022\/03\/02173557\/adobestock-700012447-768x504.jpeg 768w, https:\/\/images.winalist.com\/blog\/wp-content\/uploads\/2022\/03\/02173557\/adobestock-700012447-1536x1008.jpeg 1536w, https:\/\/images.winalist.com\/blog\/wp-content\/uploads\/2022\/03\/02173557\/adobestock-700012447-1290x846.jpeg 1290w, https:\/\/images.winalist.com\/blog\/wp-content\/uploads\/2022\/03\/02173557\/adobestock-700012447.jpeg 1646w\" sizes=\"(max-width: 1500px) 100vw, 1500px\" \/><\/figure>\n\n\n\n<p class=\"wp-block-paragraph\">Le samedi, tout aussi festif, met \u00e0 l\u2019honneur la gastronomie champenoise avec <strong>les Habits de Saveurs <\/strong>dans les rues de la ville. Des chefs \u00e9toil\u00e9s de la r\u00e9gion revisitent des produits du terroir dans des recettes cr\u00e9atives, <strong>propos\u00e9es gratuitement \u00e0 la d\u00e9gustation en accord avec les cuv\u00e9es des maisons partenaires<\/strong>. D\u00e9monstrations culinaires, conseils d\u2019accords mets et vins, \u00e9changes avec les chefs, ce rassemblement est un v\u00e9ritable festival des sens dans la ville d&rsquo;Epernay.<\/p>\n\n\n\n<p class=\"wp-block-paragraph\"><\/p>\n\n\n\n<h4 class=\"wp-block-heading\">Dimanche : Parade automobile vintage<\/h4>\n\n\n\n<figure class=\"wp-block-image alignwide size-large\"><img loading=\"lazy\" decoding=\"async\" width=\"1500\" height=\"1000\" src=\"https:\/\/images.winalist.com\/blog\/wp-content\/uploads\/2022\/03\/02174026\/adobestock-575142610-editorial-use-only-1500x1000.jpeg\" alt=\"- - -\" class=\"wp-image-54612\" title=\"- - -\" srcset=\"https:\/\/images.winalist.com\/blog\/wp-content\/uploads\/2022\/03\/02174026\/adobestock-575142610-editorial-use-only-1500x1000.jpeg 1500w, https:\/\/images.winalist.com\/blog\/wp-content\/uploads\/2022\/03\/02174026\/adobestock-575142610-editorial-use-only-600x400.jpeg 600w, https:\/\/images.winalist.com\/blog\/wp-content\/uploads\/2022\/03\/02174026\/adobestock-575142610-editorial-use-only-768x512.jpeg 768w, https:\/\/images.winalist.com\/blog\/wp-content\/uploads\/2022\/03\/02174026\/adobestock-575142610-editorial-use-only-1536x1024.jpeg 1536w, https:\/\/images.winalist.com\/blog\/wp-content\/uploads\/2022\/03\/02174026\/adobestock-575142610-editorial-use-only-1290x860.jpeg 1290w, https:\/\/images.winalist.com\/blog\/wp-content\/uploads\/2022\/03\/02174026\/adobestock-575142610-editorial-use-only.jpeg 1620w\" sizes=\"(max-width: 1500px) 100vw, 1500px\" \/><\/figure>\n\n\n\n<p class=\"wp-block-paragraph\">Les plus passionn\u00e9s se l\u00e8veront t\u00f4t pour <strong>le d\u00e9fil\u00e9 de voitures anciennes<\/strong>, un moment incontournable pour les amateurs de belles m\u00e9caniques qui anime les rues apr\u00e8s les deux soir\u00e9es festives. Les voitures sont expos\u00e9es dans la ville avant de partir en cort\u00e8ge \u00e0 travers \u00c9pernay, dans une ambiance r\u00e9tro et bon enfant. Un clin d\u2019\u0153il au patrimoine automobile et \u00e0 l\u2019\u00e9l\u00e9gance d\u2019antan.<\/p>\n\n\n\n<p class=\"wp-block-paragraph\"><\/p>\n\n\n\n<h3 class=\"wp-block-heading\">Quelles sont les grandes maisons de Champagne pr\u00e9sentes ?<\/h3>\n\n\n\n<p class=\"wp-block-paragraph\">Voici les grandes signatures que vous retrouverez g\u00e9n\u00e9ralement au c\u0153ur des festivit\u00e9s :<\/p>\n\n\n\n<ul class=\"wp-block-list\">\n<li><strong>Les incontournables<\/strong> : Les g\u00e9ants de l&rsquo;avenue comme <a href=\"https:\/\/www.winalist.fr\/hosts\/62\/champagne-moet-chandon\"><strong>Mo\u00ebt &amp; Chandon<\/strong><\/a>, <strong>Perrier-Jou\u00ebt<\/strong>, <strong>Pol Roger<\/strong> et <a href=\"https:\/\/www.winalist.fr\/hosts\/59\/champagne-mercier\"><strong>Mercier<\/strong><\/a> illuminent leurs fa\u00e7ades et proposent souvent des bars \u00e0 bulles \u00e9ph\u00e9m\u00e8res.<\/li>\n\n\n\n<li><strong>Les maisons de prestige<\/strong> : Vous pourrez \u00e9galement pousser la porte des maisons <a href=\"https:\/\/www.winalist.fr\/hosts\/1357\/champagne-boizel\"><strong>Boizel<\/strong><\/a>, <a href=\"https:\/\/www.winalist.fr\/hosts\/129\/champagne-de-venoge\"><strong>Champagne De Venoge<\/strong><\/a> ou encore <strong>De Castellane<\/strong>, reconnaissable \u00e0 sa c\u00e9l\u00e8bre tour.<\/li>\n\n\n\n<li><strong>Les p\u00e9pites et collectifs <\/strong>: Ne manquez pas les espaces de maisons telles que Michel Gonet, <strong>A. Berg\u00e8re<\/strong>, <strong>Collard-Picard<\/strong>, ou le collectif Les 3 Domaines (Janisson-Baradon, Patrick Boivin, Vincent Testulat).<\/li>\n<\/ul>\n\n\n\n<p class=\"wp-block-paragraph\">Ne manquez pas non plus les projections sur la fa\u00e7ade de la <strong>Mairie d&rsquo;Epernay<\/strong> et du <strong>Ch\u00e2teau Perrier<\/strong>, qui abrite le <strong>Mus\u00e9e du vin de Champagne et d\u2019Arch\u00e9ologie r\u00e9gionale<\/strong>, tous deux sublim\u00e9s par des jeux de lumi\u00e8res in\u00e9dits.<\/p>\n\n\n\n<p class=\"wp-block-paragraph\"><\/p>\n\n\n\n<h2 class=\"wp-block-heading\">S&rsquo;organiser pour assister aux Habits de Lumi\u00e8re <\/h2>\n\n\n\n<figure class=\"wp-block-image alignwide size-large\"><img loading=\"lazy\" decoding=\"async\" width=\"1500\" height=\"892\" src=\"https:\/\/images.winalist.com\/blog\/wp-content\/uploads\/2022\/03\/02174046\/adobestock-1862213253-1500x892.jpeg\" alt=\"- - -\" class=\"wp-image-54614\" title=\"- - -\" srcset=\"https:\/\/images.winalist.com\/blog\/wp-content\/uploads\/2022\/03\/02174046\/adobestock-1862213253-1500x892.jpeg 1500w, https:\/\/images.winalist.com\/blog\/wp-content\/uploads\/2022\/03\/02174046\/adobestock-1862213253-600x357.jpeg 600w, https:\/\/images.winalist.com\/blog\/wp-content\/uploads\/2022\/03\/02174046\/adobestock-1862213253-768x456.jpeg 768w, https:\/\/images.winalist.com\/blog\/wp-content\/uploads\/2022\/03\/02174046\/adobestock-1862213253-1536x913.jpeg 1536w, https:\/\/images.winalist.com\/blog\/wp-content\/uploads\/2022\/03\/02174046\/adobestock-1862213253-1290x767.jpeg 1290w, https:\/\/images.winalist.com\/blog\/wp-content\/uploads\/2022\/03\/02174046\/adobestock-1862213253.jpeg 1817w\" sizes=\"(max-width: 1500px) 100vw, 1500px\" \/><\/figure>\n\n\n\n<p class=\"wp-block-paragraph\"><strong>Anticiper est la cl\u00e9<\/strong> pour profiter pleinement de votre s\u00e9jour. \u00c9pernay reste une ville \u00e0 taille humaine, et les h\u00e9bergements se remplissent vite \u00e0 l\u2019approche de cet \u00e9v\u00e9nement. Nous vous recommandons de <strong>r\u00e9server votre h\u00f4tel plusieurs mois \u00e0 l\u2019avance<\/strong>, surtout si vous souhaitez loger \u00e0 proximit\u00e9 de l\u2019avenue de Champagne. Pensez \u00e9galement \u00e0 <strong>consulter le programme d\u00e9taill\u00e9 en amont<\/strong> : certaines animations, d\u00e9gustations ou ateliers peuvent n\u00e9cessiter une inscription pr\u00e9alable. Et si vous venez en voiture, renseignez-vous sur <strong>les solutions de stationnement et les \u00e9ventuelles rues ferm\u00e9es \u00e0 la circulation<\/strong> durant l\u2019\u00e9v\u00e9nement. En suivant ces quelques conseils, vous pourrez vous assurer de vivre pleinement l&rsquo;exp\u00e9rience magique des Habits de lumi\u00e8re \u00e0 Epernay.<\/p>\n\n\n\n<p class=\"wp-block-paragraph\"><\/p>\n\n\n\n<h2 class=\"wp-block-heading\">Que faire aux alentours d&rsquo;\u00c9pernay ?<\/h2>\n\n\n\n<h3 class=\"wp-block-heading\">D\u00e9couvrir la route du Champagne<\/h3>\n\n\n\n<figure class=\"wp-block-image alignwide size-large\"><img loading=\"lazy\" decoding=\"async\" width=\"1500\" height=\"1000\" src=\"https:\/\/images.winalist.com\/blog\/wp-content\/uploads\/2022\/03\/02174032\/adobestock-1786109774-1500x1000.jpeg\" alt=\"- - -\" class=\"wp-image-54613\" title=\"- - -\" srcset=\"https:\/\/images.winalist.com\/blog\/wp-content\/uploads\/2022\/03\/02174032\/adobestock-1786109774-1500x1000.jpeg 1500w, https:\/\/images.winalist.com\/blog\/wp-content\/uploads\/2022\/03\/02174032\/adobestock-1786109774-600x400.jpeg 600w, https:\/\/images.winalist.com\/blog\/wp-content\/uploads\/2022\/03\/02174032\/adobestock-1786109774-768x512.jpeg 768w, https:\/\/images.winalist.com\/blog\/wp-content\/uploads\/2022\/03\/02174032\/adobestock-1786109774-1536x1024.jpeg 1536w, https:\/\/images.winalist.com\/blog\/wp-content\/uploads\/2022\/03\/02174032\/adobestock-1786109774-1290x860.jpeg 1290w, https:\/\/images.winalist.com\/blog\/wp-content\/uploads\/2022\/03\/02174032\/adobestock-1786109774.jpeg 1620w\" sizes=\"(max-width: 1500px) 100vw, 1500px\" \/><\/figure>\n\n\n\n<p class=\"wp-block-paragraph\">Profitez de votre venue pour sillonner la <a href=\"https:\/\/www.winalist.fr\/blog\/france\/champagne\/route-du-champagne\"><strong>route du Champagne<\/strong><\/a> pour d\u00e9couvrir les paysages de vignes qui entourent \u00c9pernay et organisez une visite de cave \u00e0 \u00c9pernay ou dans ses villages voisins. Entre coteaux class\u00e9s, petites routes bord\u00e9es de domaines et panoramas sur la vall\u00e9e de la Marne, l\u2019exp\u00e9rience va bien au-del\u00e0 de la simple d\u00e9gustation. Sachez n\u00e9anmoins que pendant ce <a href=\"https:\/\/www.winalist.fr\/blog\/france\/champagne\/week-end-en-champagne-itineraire\">week-end en Champagne <\/a>tr\u00e8s pris\u00e9, certaines visites affichent complet plusieurs mois \u00e0 l\u2019avance.<\/p>\n\n\n\n<p class=\"wp-block-paragraph\"><\/p>\n\n\n\n<h3 class=\"wp-block-heading\">Plonger dans l\u2019histoire<\/h3>\n\n\n\n<figure class=\"wp-block-image alignwide size-large\"><img decoding=\"async\" src=\"https:\/\/media.winalist.com\/prod\/uploads\/fOmAFZx4SU9C.webp?twic=v1\/cover=1840x973\" alt=\"- - -\" title=\"- - -\"><\/figure>\n\n\n\n<p class=\"wp-block-paragraph\">D\u00e9couvrez l\u2019une des maisons les plus c\u00e9l\u00e8bres au monde \u00e0 travers une visite qui allie histoire, savoir-faire et d\u00e9gustations raffin\u00e9es \u00e0 La Maison <a href=\"https:\/\/www.winalist.fr\/hosts\/62\/champagne-moet-chandon\">Mo\u00ebt &amp; Chandon.<\/a> Cette adresse embl\u00e9matique vous invite \u00e0 explorer ses vastes cray\u00e8res class\u00e9es au patrimoine mondial, \u00e0 mieux comprendre les \u00e9tapes de l\u2019\u00e9laboration du champagne et \u00e0 savourer des cuv\u00e9es mythiques dans un cadre \u00e9l\u00e9gant. C\u2019est une exp\u00e9rience incontournable pour \u00c9pernay pour d\u00e9couvrir l\u2019art du champagne sous toutes ses facettes, entre tradition et prestige.<\/p>\n\n\n\n<div id=\"winalist-partner-widget-5zlgo37m4o8\" class=\"winalist-partner-widget\" data-host-id=\"62\" data-host-slug=\"champagne-moet-chandon\" data-host-name=\"Champagne Mo\u00ebt &amp; Chandon\" data-utms=\"utm_source=blog&#038;utm_medium=blog&#038;utm_campaign=affiliatewidget\"><\/div>\n        <script type=\"application\/javascript\">\n          var winalistWidget = document.getElementById('winalist-partner-widget-5zlgo37m4o8');\n          var i = document.createElement(\"iframe\");\n          i.style.border = \"none\";\n          i.style.width = \"100%\";\n          i.style.minHeight = \"550px\";i.setAttribute(\"src\", \"https:\/\/www.winalist.fr\/w\/embed?partner=14&type=slider&slider_show_type=experiences&slider_type=host&host_id=62&locale=fr_FR&activity_id=any&display_title=yes\");\n          if(winalistWidget) winalistWidget.prepend(i);\n        <\/script>\n        <script type=\"application\/javascript\" src=\"https:\/\/cdn.winalist.com\/widget\/affiliate-widget-config.min.js\"><\/script>\n\n\n\n<p class=\"wp-block-paragraph\"><\/p>\n\n\n\n<h3 class=\"wp-block-heading\">Rencontrer des passionn\u00e9s de champagne<\/h3>\n\n\n\n<figure class=\"wp-block-image alignwide size-large\"><img decoding=\"async\" src=\"https:\/\/media.winalist.com\/prod\/uploads\/RIKvStOefngp.jpeg?twic=v1\/cover=1840x973\" alt=\"- - -\" title=\"- - -\"><\/figure>\n\n\n\n<p class=\"wp-block-paragraph\">Chez <a href=\"https:\/\/www.winalist.fr\/hosts\/113\/champagne-le-gallais\">Champagne Le Gallais<\/a>, on d\u00e9couvre le champagne dans une ambiance simple et conviviale. Cette maison familiale vous ouvre ses portes pour partager son histoire, son savoir-faire et surtout sa passion pour le terroir champenois. La visite se fait \u00e0 taille humaine, entre vignes, chai et cave, avant de se retrouver autour d\u2019une d\u00e9gustation comment\u00e9e des cuv\u00e9es de la maison. Un moment chaleureux et authentique pour d\u00e9couvrir \u00c9pernay autrement, loin des parcours trop formels, et vivre une exp\u00e9rience aussi humaine que gourmande.<\/p>\n\n\n\n<div id=\"winalist-partner-widget-gaobihb1w4\" class=\"winalist-partner-widget\" data-host-id=\"113\" data-host-slug=\"champagne-le-gallais\" data-host-name=\"Champagne Le Gallais\" data-utms=\"utm_source=blog&#038;utm_medium=blog&#038;utm_campaign=affiliatewidget\"><\/div>\n        <script type=\"application\/javascript\">\n          var winalistWidget = document.getElementById('winalist-partner-widget-gaobihb1w4');\n          var i = document.createElement(\"iframe\");\n          i.style.border = \"none\";\n          i.style.width = \"100%\";\n          i.style.minHeight = \"550px\";i.setAttribute(\"src\", \"https:\/\/www.winalist.fr\/w\/embed?partner=14&type=slider&slider_show_type=experiences&slider_type=host&host_id=113&locale=fr_FR&activity_id=any&display_title=yes\");\n          if(winalistWidget) winalistWidget.prepend(i);\n        <\/script>\n        <script type=\"application\/javascript\" src=\"https:\/\/cdn.winalist.com\/widget\/affiliate-widget-config.min.js\"><\/script>\n\n\n\n<p class=\"wp-block-paragraph\"><\/p>\n\n\n\n<h3 class=\"wp-block-heading\">S\u2019initier au champagne intimiste<\/h3>\n\n\n\n<figure class=\"wp-block-image alignwide size-large\"><img decoding=\"async\" src=\"https:\/\/media.winalist.com\/prod\/uploads\/_I0NH3OZmphk.jpg?twic=v1\/cover=1840x973\" alt=\"- - -\" title=\"- - -\"><\/figure>\n\n\n\n<p class=\"wp-block-paragraph\">Envie d\u2019une exp\u00e9rience plus authentique et personnalis\u00e9e \u00e0 \u00c9pernay ? Chez <a href=\"https:\/\/www.winalist.fr\/hosts\/126\/champagne-comtesse-lafond\">Champagne Comtesse Lafond<\/a>, c\u2019est avant tout une rencontre humaine autour d\u2019un savoir-faire familial. Dans une atmosph\u00e8re chaleureuse, vous d\u00e9couvrirez comment les vignerons travaillent leurs vignes, \u00e9laborent leurs cuv\u00e9es et respectent le terroir champenois. La visite se termine naturellement par une d\u00e9gustation conviviale, o\u00f9 chaque fl\u00fbte raconte une partie de l\u2019histoire de la maison. Une halte parfaite pour ajouter une touche intime, simple et gourmande \u00e0 votre week-end champagne \u00e0 \u00c9pernay.<\/p>\n\n\n\n<div id=\"winalist-partner-widget-q6fpahye8bk\" class=\"winalist-partner-widget\" data-host-id=\"126\" data-host-slug=\"champagne-comtesse-lafond\" data-host-name=\"Champagne Comtesse Lafond\" data-utms=\"utm_source=blog&#038;utm_medium=blog&#038;utm_campaign=affiliatewidget\"><\/div>\n        <script type=\"application\/javascript\">\n          var winalistWidget = document.getElementById('winalist-partner-widget-q6fpahye8bk');\n          var i = document.createElement(\"iframe\");\n          i.style.border = \"none\";\n          i.style.width = \"100%\";\n          i.style.minHeight = \"550px\";i.setAttribute(\"src\", \"https:\/\/www.winalist.fr\/w\/embed?partner=14&type=slider&slider_show_type=experiences&slider_type=host&host_id=126&locale=fr_FR&activity_id=any&display_title=yes\");\n          if(winalistWidget) winalistWidget.prepend(i);\n        <\/script>\n        <script type=\"application\/javascript\" src=\"https:\/\/cdn.winalist.com\/widget\/affiliate-widget-config.min.js\"><\/script>\n\n\n\n<p class=\"wp-block-paragraph\"><\/p>\n\n\n\n<h3 class=\"wp-block-heading\">Savourer l\u2019\u00e9l\u00e9gance champenoise<\/h3>\n\n\n\n<figure class=\"wp-block-image alignwide size-large\"><img decoding=\"async\" src=\"https:\/\/media.winalist.com\/prod\/uploads\/TfUDh9Ip6ao3.jpeg?twic=v1\/cover=1840x973\" alt=\"- - -\" title=\"- - -\"><\/figure>\n\n\n\n<p class=\"wp-block-paragraph\">Pour une \u00e9tape chic mais accessible lors de votre weekend \u00e0 \u00c9pernay, <a href=\"https:\/\/www.winalist.fr\/hosts\/1357\/champagne-boizel\">Champagne Boizel<\/a> offre une exp\u00e9rience \u00e0 la fois raffin\u00e9e et conviviale. Cette maison historique, reconnue pour la finesse de ses cuv\u00e9es, vous invite \u00e0 d\u00e9couvrir son univers : du travail des vignes \u00e0 l\u2019\u00e9laboration des champagnes, en passant par une d\u00e9gustation guid\u00e9e. C\u2019est l\u2019occasion de plonger dans l\u2019\u00e9l\u00e9gance et la personnalit\u00e9 unique de la maison, tout en partageant un moment chaleureux et p\u00e9tillant, parfait pour enrichir votre escapade autour du champagne \u00e0 \u00c9pernay.<\/p>\n\n\n\n<div id=\"winalist-partner-widget-av52xf6qaqv\" class=\"winalist-partner-widget\" data-host-id=\"1357\" data-host-slug=\"champagne-boizel\" data-host-name=\"Champagne Boizel \" data-utms=\"utm_source=blog&#038;utm_medium=blog&#038;utm_campaign=affiliatewidget\"><\/div>\n        <script type=\"application\/javascript\">\n          var winalistWidget = document.getElementById('winalist-partner-widget-av52xf6qaqv');\n          var i = document.createElement(\"iframe\");\n          i.style.border = \"none\";\n          i.style.width = \"100%\";\n          i.style.minHeight = \"550px\";i.setAttribute(\"src\", \"https:\/\/www.winalist.fr\/w\/embed?partner=14&type=slider&slider_show_type=experiences&slider_type=host&host_id=1357&locale=fr_FR&activity_id=any&display_title=yes\");\n          if(winalistWidget) winalistWidget.prepend(i);\n        <\/script>\n        <script type=\"application\/javascript\" src=\"https:\/\/cdn.winalist.com\/widget\/affiliate-widget-config.min.js\"><\/script>\n\n\n\n<p class=\"wp-block-paragraph\"><\/p>\n\n\n\n<h3 class=\"wp-block-heading\">Visiter Reims et son march\u00e9 de No\u00ebl<\/h3>\n\n\n\n<figure class=\"wp-block-image alignwide size-large\"><img loading=\"lazy\" decoding=\"async\" width=\"1500\" height=\"1001\" src=\"https:\/\/images.winalist.com\/blog\/wp-content\/uploads\/2026\/02\/10163100\/adobestock-203850506-1500x1001.jpeg\" alt=\"- - -\" class=\"wp-image-55046\" title=\"- - -\" srcset=\"https:\/\/images.winalist.com\/blog\/wp-content\/uploads\/2026\/02\/10163100\/adobestock-203850506-1500x1001.jpeg 1500w, https:\/\/images.winalist.com\/blog\/wp-content\/uploads\/2026\/02\/10163100\/adobestock-203850506-600x400.jpeg 600w, https:\/\/images.winalist.com\/blog\/wp-content\/uploads\/2026\/02\/10163100\/adobestock-203850506-768x513.jpeg 768w, https:\/\/images.winalist.com\/blog\/wp-content\/uploads\/2026\/02\/10163100\/adobestock-203850506-1536x1025.jpeg 1536w, https:\/\/images.winalist.com\/blog\/wp-content\/uploads\/2026\/02\/10163100\/adobestock-203850506-1290x861.jpeg 1290w, https:\/\/images.winalist.com\/blog\/wp-content\/uploads\/2026\/02\/10163100\/adobestock-203850506.jpeg 1618w\" sizes=\"(max-width: 1500px) 100vw, 1500px\" \/><\/figure>\n\n\n\n<p class=\"wp-block-paragraph\">Prendre la direction de Reims, c\u2019est un peu comme ouvrir une bonne bouteille : on sait que quelque chose de sp\u00e9cial nous attend. Que vous veniez pour fl\u00e2ner, lever les yeux devant la cath\u00e9drale ou simplement profiter de l\u2019ambiance, <a href=\"https:\/\/www.winalist.fr\/blog\/france\/champagne\/visiter-reims\">visiter Reims<\/a> r\u00e9serve toujours une surprise entre ruelles anim\u00e9es et adresses gourmandes. Et si vous y \u00eates en fin d\u2019ann\u00e9e, impossible de passer \u00e0 c\u00f4t\u00e9 du <a href=\"https:\/\/www.winalist.fr\/blog\/france\/champagne\/marche-de-noel-de-reims\">march\u00e9 de No\u00ebl Reims<\/a> : odeurs d\u2019\u00e9pices, lumi\u00e8res qui scintillent, vin chaud \u00e0 la main\u2026 la ville prend des airs de carte postale vivante.<br><\/p>\n\n\n\n<h2 class=\"wp-block-heading\">Bon \u00e0 savoir avant les Habits de Lumi\u00e8res Epernay<\/h2>\n\n\n<div id=\"rank-math-faq\" class=\"rank-math-block\">\n<div class=\"rank-math-list \">\n<div id=\"faq-question-1770051466958\" class=\"rank-math-list-item\">\n<h3 class=\"rank-math-question \">Quand ont lieu les Habits de Lumi\u00e8res d\u2019\u00c9pernay ?<\/h3>\n<div class=\"rank-math-answer \">\n\n<p>Les Habits de Lumi\u00e8res se d\u00e9roulent chaque ann\u00e9e au mois de d\u00e9cembre, g\u00e9n\u00e9ralement sur un week-end. L\u2019\u00e9v\u00e9nement transforme l\u2019Avenue de Champagne en un parcours lumineux avec des animations, des spectacles et des d\u00e9gustations. Les dates exactes sont annonc\u00e9es quelques semaines \u00e0 l\u2019avance par <strong>\u00c9pernay Tourisme<\/strong>.<\/p>\n\n<\/div>\n<\/div>\n<div id=\"faq-question-1646295850403\" class=\"rank-math-list-item\">\n<h3 class=\"rank-math-question \">Comment se rendre aux Habits de Lumi\u00e8re \u00e0 \u00c9pernay ?<\/h3>\n<div class=\"rank-math-answer \">\n\n<p>Le train reste la solution la plus simple : \u00c9pernay est accessible en environ 1h30 depuis Paris et une trentaine de minutes depuis Reims, avec une gare situ\u00e9e \u00e0 quelques minutes \u00e0 pied de l\u2019Avenue de Champagne, c\u0153ur de l\u2019\u00e9v\u00e9nement.<\/p>\n<p>En voiture, des parkings sont mis \u00e0 disposition aux entr\u00e9es de la ville, mais le centre devient en grande partie pi\u00e9ton pendant les festivit\u00e9s. Il est donc conseill\u00e9 d\u2019arriver t\u00f4t ou d\u2019utiliser les parkings relais.<\/p>\n<p>Une fois sur place, tout se fait facilement \u00e0 pied : illuminations, spectacles et d\u00e9gustations sont concentr\u00e9s autour de l\u2019Avenue de Champagne, ce qui permet de profiter pleinement de l\u2019ambiance sans se soucier des d\u00e9placements.<\/p>\n\n<\/div>\n<\/div>\n<div id=\"faq-question-1770051476710\" class=\"rank-math-list-item\">\n<h3 class=\"rank-math-question \">Faut-il r\u00e9server ses activit\u00e9s \u00e0 l\u2019avance ?<\/h3>\n<div class=\"rank-math-answer \">\n\n<p>L\u2019acc\u00e8s aux illuminations et aux animations dans les rues est gratuit. En revanche, certaines activit\u00e9s comme les d\u00e9gustations, les concerts priv\u00e9s ou les visites de caves peuvent \u00eatre payantes et n\u00e9cessitent une r\u00e9servation.<\/p>\n\n<\/div>\n<\/div>\n<div id=\"faq-question-1770051498194\" class=\"rank-math-list-item\">\n<h3 class=\"rank-math-question \">Quelle est la meilleure heure pour profiter des illuminations ?<\/h3>\n<div class=\"rank-math-answer \">\n\n<p>Les animations commencent en fin d\u2019apr\u00e8s-midi, mais l\u2019ambiance est particuli\u00e8rement spectaculaire une fois la nuit tomb\u00e9e. L\u2019id\u00e9al est d\u2019arriver en d\u00e9but de soir\u00e9e pour profiter \u00e0 la fois des spectacles lumineux et des d\u00e9gustations.<\/p>\n\n<\/div>\n<\/div>\n<div id=\"faq-question-1770051572877\" class=\"rank-math-list-item\">\n<h3 class=\"rank-math-question \">O\u00f9 dormir \u00e0 \u00c9pernay ?<\/h3>\n<div class=\"rank-math-answer \">\n\n<p><strong><a href=\"https:\/\/www.booking.com\/Share-uBk7Nz\" target=\"_blank\" rel=\"noopener\">Villa Eug\u00e8ne<\/a><\/strong> \u2013 Un h\u00f4tel embl\u00e9matique sur l\u2019Avenue de Champagne dans une belle demeure du XIX\u1d49 si\u00e8cle, parfait pour une escapade romantique ou un week-end chic au c\u0153ur du vignoble champenois.<\/p>\n<p><strong><a href=\"https:\/\/www.booking.com\/Share-mSCcpT\" target=\"_blank\" rel=\"noopener\">Hotel Jean Mo\u00ebt<\/a> \u2013  <\/strong>Cet h\u00f4tel propose des chambres confortables et une proximit\u00e9 parfaite avec les maisons de champagne, les caves et les restaurants d\u2019\u00c9pernay.<\/p>\n<p><strong><a href=\"https:\/\/www.booking.com\/Share-1he2JV\" target=\"_blank\" rel=\"noopener\">Le 25bis by Leclerc Briant<\/a><\/strong> \u2013 Chambres d\u2019h\u00f4tes chic au c\u0153ur des bulles<br \/>Install\u00e9 directement sur l\u2019Avenue de Champagne, ce lieu combine charme, confort et petit-d\u00e9jeuner inclus, id\u00e9al pour \u00eatre au centre de l\u2019action, \u00e0 deux pas des d\u00e9gustations.<\/p>\n\n<\/div>\n<\/div>\n<div id=\"faq-question-1770051531032\" class=\"rank-math-list-item\">\n<h3 class=\"rank-math-question \">O\u00f9 loger pour les Habits de Lumi\u00e8res d\u2019\u00c9pernay ?<\/h3>\n<div class=\"rank-math-answer \">\n\n<p>Pour profiter pleinement de l\u2019\u00e9v\u00e9nement, l\u2019id\u00e9al est de loger directement \u00e0 \u00c9pernay, \u00e0 proximit\u00e9 de l\u2019Avenue de Champagne. Vous pourrez ainsi rejoindre les animations \u00e0 pied et prolonger la soir\u00e9e sans contrainte de transport. Les h\u00f4tels du centre-ville et les chambres d\u2019h\u00f4tes affichent vite complet pendant ce week-end festif, il est donc conseill\u00e9 de r\u00e9server votre h\u00e9bergement le plus t\u00f4t possible.<\/p>\n\n<\/div>\n<\/div>\n<div id=\"faq-question-1770051560394\" class=\"rank-math-list-item\">\n<h3 class=\"rank-math-question \">Peut-on loger autour d\u2019\u00c9pernay si les h\u00e9bergements sont complets ?<\/h3>\n<div class=\"rank-math-answer \">\n\n<p>Oui, il est tout \u00e0 fait possible de s\u00e9journer dans les villages viticoles alentour ou \u00e0 Reims, situ\u00e9e \u00e0 une trentaine de minutes en train ou en voiture. Cela permet de combiner la visite des Habits de Lumi\u00e8res avec la d\u00e9couverte du vignoble champenois et d\u2019autres maisons de champagne.<\/p>\n\n<\/div>\n<\/div>\n<div id=\"faq-question-1770821471677\" class=\"rank-math-list-item\">\n<h3 class=\"rank-math-question \">O\u00f9 manger \u00e0 \u00c9pernay ?<\/h3>\n<div class=\"rank-math-answer \">\n\n<p><strong>La Grillade Gourmande<\/strong> \u2013 Une adresse appr\u00e9ci\u00e9e pour ses grillades savoureuses et sa cuisine traditionnelle revisit\u00e9e, parfaite pour un d\u00e9jeuner ou un d\u00eener apr\u00e8s une journ\u00e9e dans les vignobles.<\/p>\n<p><strong>L&rsquo;OBEN restaurant<\/strong> \u2013 Restaurant tr\u00e8s bien not\u00e9 au c\u0153ur d\u2019\u00c9pernay, connu pour sa cuisine fran\u00e7aise raffin\u00e9e et son service attentionn\u00e9, id\u00e9ale pour un repas gastronomique.<\/p>\n<p><strong>Bulles &amp; Bonheur &#8211; Le Restaurant \u00c9pernay<\/strong> \u2013 Sur l\u2019Avenue de Champagne, cette adresse combine plats savoureux et ambiance champenoise, avec une belle s\u00e9lection de vins \u00e0 accompagner d\u2019un menu soign\u00e9.<\/p>\n\n<\/div>\n<\/div>\n<\/div>\n<\/div>","protected":false},"excerpt":{"rendered":"<p>Connaissez-vous la f\u00eate des Habits de Lumi\u00e8re \u00c9pernay ? Chaque mois de d\u00e9cembre, la ville d\u2019\u00c9pernay, capitale incontest\u00e9e du Champagne, se transforme en un v\u00e9ritable th\u00e9\u00e2tre \u00e0 ciel ouvert \u00e0 l\u2019occasion des Habits de lumi\u00e8re : un \u00e9v\u00e9nement festif, culturel et gastronomique. Pendant trois jours, l\u2019avenue de Champagne s\u2019illumine et s\u2019anime au rythme de projections &hellip; <\/p>\n","protected":false},"author":12,"featured_media":14734,"comment_status":"open","ping_status":"closed","sticky":false,"template":"","format":"standard","meta":{"_acf_changed":false,"_eb_attr":"","_tripp_layout":"","winalist_lat":"","winalist_lng":"","winalist_map_hide":"","_tripp_review":[],"_tripp_coupon":[],"footnotes":""},"categories":[657],"tags":[1091],"destination":[],"class_list":["post-14723","post","type-post","status-publish","format-standard","has-post-thumbnail","hentry","category-champagne","tag-epernay","entry"],"acf":{"winalist_tldr_title":"","winalist_tldr_time":"","winalist_tldr_top":"","winalist_tldr_budget":"","winalist_tldr_period":"","winalist_tldr_transport":"","winalist_tldr_custom":null,"winalist_tldr_cta_text":"","winalist_tldr_cta_url":"","winalist_tips_enabled":true,"winalist_tips_list":null},"_links":{"self":[{"href":"https:\/\/www.winalist.fr\/blog\/wp-json\/wp\/v2\/posts\/14723","targetHints":{"allow":["GET"]}}],"collection":[{"href":"https:\/\/www.winalist.fr\/blog\/wp-json\/wp\/v2\/posts"}],"about":[{"href":"https:\/\/www.winalist.fr\/blog\/wp-json\/wp\/v2\/types\/post"}],"author":[{"embeddable":true,"href":"https:\/\/www.winalist.fr\/blog\/wp-json\/wp\/v2\/users\/12"}],"replies":[{"embeddable":true,"href":"https:\/\/www.winalist.fr\/blog\/wp-json\/wp\/v2\/comments?post=14723"}],"version-history":[{"count":2,"href":"https:\/\/www.winalist.fr\/blog\/wp-json\/wp\/v2\/posts\/14723\/revisions"}],"predecessor-version":[{"id":59406,"href":"https:\/\/www.winalist.fr\/blog\/wp-json\/wp\/v2\/posts\/14723\/revisions\/59406"}],"wp:featuredmedia":[{"embeddable":true,"href":"https:\/\/www.winalist.fr\/blog\/wp-json\/wp\/v2\/media\/14734"}],"wp:attachment":[{"href":"https:\/\/www.winalist.fr\/blog\/wp-json\/wp\/v2\/media?parent=14723"}],"wp:term":[{"taxonomy":"category","embeddable":true,"href":"https:\/\/www.winalist.fr\/blog\/wp-json\/wp\/v2\/categories?post=14723"},{"taxonomy":"post_tag","embeddable":true,"href":"https:\/\/www.winalist.fr\/blog\/wp-json\/wp\/v2\/tags?post=14723"},{"taxonomy":"destination","embeddable":true,"href":"https:\/\/www.winalist.fr\/blog\/wp-json\/wp\/v2\/destination?post=14723"}],"curies":[{"name":"wp","href":"https:\/\/api.w.org\/{rel}","templated":true}]}}