{"id":12457,"date":"2021-08-05T14:23:41","date_gmt":"2021-08-05T12:23:41","guid":{"rendered":"https:\/\/demo.winalist.fr\/blog?p=12457"},"modified":"2026-06-11T14:18:58","modified_gmt":"2026-06-11T12:18:58","slug":"top-10-domaines-viticoles-provence","status":"publish","type":"post","link":"https:\/\/www.winalist.fr\/blog\/france\/provence\/top-10-domaines-viticoles-provence","title":{"rendered":"Top 10 ch\u00e2teaux viticoles en Provence a\u0300 visiter cet e\u0301te\u0301"},"content":{"rendered":"\n<p class=\"wp-block-paragraph\">\u00c0 la recherche de la destination id\u00e9ale pour profiter pleinement de vos vacances d\u2019\u00e9t\u00e9&nbsp;en France&nbsp;?\n  D\u00e9couvrez la magnifique <strong>r\u00e9gion de la Provence<\/strong> pour situ\u00e9e au sud-est de la France, non loin de la\n  fronti\u00e8re italienne.<\/p>\n\n\n\n<p class=\"wp-block-paragraph\"> Bord\u00e9e par la mer M\u00e9diterran\u00e9enne, ses habitants appr\u00e9cient s\u2019y rafra\u00eechir durant les chaleurs d\u2019\u00e9t\u00e9. La Provence\n  est r\u00e9put\u00e9e pour ses nombreux paysages vari\u00e9s, ses champs de lavande mais aussi ses plantes aromatiques \u00e0 l\u2019odeur si\n  prenante, ses vignobles vallonn\u00e9s, ses champs d\u2019oliviers qui offrent une huile d\u2019olive au go\u00fbt unique\u2026 Le <a href=\"https:\/\/www.winalist.fr\/regions\/provence\">vignoble de La Provence<\/a> est symbole de fra\u00eecheur et de nature,\n  beaucoup l\u2019appr\u00e9cient pour son calme.<\/p>\n\n\n\n<p class=\"wp-block-paragraph\">Cette r\u00e9gion est compos\u00e9e de diff\u00e9rents c\u00e9pages propres \u00e0 chaque appellation.<span class=\"Apple-converted-space\">&nbsp;<\/span><\/p>\n\n\n\n<p class=\"wp-block-paragraph\">Les principaux <strong>c\u00e9pages pour le vin rouge<\/strong> et le ros\u00e9 sont&nbsp;:<\/p>\n\n\n\n<ul class=\"wp-block-list\">\n<li>Grenache Noir<\/li>\n\n\n\n<li>Carignan<\/li>\n\n\n\n<li>Tibouren<\/li>\n\n\n\n<li>Cinsault<\/li>\n\n\n\n<li>Syrah<\/li>\n\n\n\n<li>Cabernet Sauvignon<\/li>\n\n\n\n<li>Mourv\u00e8dre<\/li>\n<\/ul>\n\n\n\n<p class=\"wp-block-paragraph\">Pour le <strong>vin blanc<\/strong>, nous parlerons des c\u00e9pages&nbsp;:<\/p>\n\n\n\n<ul class=\"wp-block-list\">\n<li>Grenache Blanc<\/li>\n\n\n\n<li>S\u00e9millon<\/li>\n\n\n\n<li>Bourboulenc<\/li>\n\n\n\n<li>Sauvignon<\/li>\n\n\n\n<li>L\u2019Ugni Blanc<\/li>\n\n\n\n<li>Viognier<\/li>\n<\/ul>\n\n\n\n<p class=\"wp-block-paragraph\">Il faut noter que la sp\u00e9cificit\u00e9 <strong>viticole de la r\u00e9gion Provence<\/strong> est le vin ros\u00e9. Nous retrouvons des\n  ros\u00e9s acidul\u00e9s, floraux ou encore fruit\u00e9s. Certains sont doux, d\u2019autres sucr\u00e9s. Nous pouvons d\u00e9guster des vins de\n  couleur orang\u00e9e, rose p\u00e2le ou d\u2019autres tirant vers le framboise. Leur teinte \u00e9volue en fonction du c\u00e9page utilis\u00e9 et\n  d\u2019une mac\u00e9ration plus ou moins longue. Pour vinifier un vin ros\u00e9, il existe trois proc\u00e9d\u00e9s diff\u00e9rents&nbsp;: le ros\u00e9\n  de pressurage, le ros\u00e9 de mac\u00e9ration et le ros\u00e9 de saign\u00e9e.<span class=\"Apple-converted-space\">&nbsp;<\/span><\/p>\n\n\n\n<p class=\"wp-block-paragraph\">Afin de <strong>d\u00e9guster les vins de Provence<\/strong>, qu\u2019ils soient rouges, blancs ou ros\u00e9, et de visiter leur\n  vignoble durant vos vacances, nous vous avons concoct\u00e9 une liste de 10 domaines viticoles de la r\u00e9gion proposant des\n  exp\u00e9riences oenotouristiques d\u2019exception.<span class=\"Apple-converted-space\">&nbsp;<\/span><\/p>\n\n\n\n<h2 class=\"wp-block-heading\">Top 10 des Ch\u00e2teaux Provence \u00e0 visiter <\/h2>\n\n\n\n<p class=\"wp-block-paragraph\"><\/p>\n\n\n\n<h3 class=\"wp-block-heading\">Le Ch\u00e2teau Vaudois<\/h3>\n\n\n\n<figure class=\"wp-block-image alignwide size-large\"><img decoding=\"async\" src=\"https:\/\/media.winalist.com\/prod\/uploads\/COI8F1HAy3iL.jpg\" alt=\"- - -\" title=\"- - -\"><\/figure>\n\n\n\n<p class=\"wp-block-paragraph\"><\/p>\n\n\n\n<p class=\"wp-block-paragraph\">Haut lieu du vignoble proven\u00e7al, le <a href=\"https:\/\/www.winalist.fr\/hosts\/261\/chateau-vaudois\">Chateau Vaudois<\/a>\n  est un domaine de 18 hectares de vignes d\u00e9di\u00e9s \u00e0 la production de vins \u00e9l\u00e9gants et raffin\u00e9s. Situ\u00e9 sur les collines\n  des Maures entre St Rapha\u00ebl et St Tropez, le Chateau Vaudois b\u00e9n\u00e9ficie d&rsquo;un terroir et d&rsquo;un site exceptionnel avec vue\n  sur la Mediterran\u00e9e et est labellis\u00e9 Vigneron Ind\u00e9pendant !<\/p>\n\n\n\n<p class=\"wp-block-paragraph\"><\/p>\n\n\n\n<div id=\"winalist-partner-widget-n5srnxumr6k\" class=\"winalist-partner-widget\" data-host-id=\"261\"\n  data-host-slug=\"chateau-vaudois\" data-host-name=\"Ch\u00e2teau Vaudois\"\n  data-utms=\"utm_source=blog&#038;utm_medium=blog&#038;utm_campaign=affiliatewidget\">\n<\/div>\n<script type=\"application\/javascript\">\n  var winalistWidget = document.getElementById('winalist-partner-widget-n5srnxumr6k');\n  var i = document.createElement(\"iframe\");\n  i.style.border = \"none\";\n  i.style.width = \"100%\";\n  i.style.minHeight = \"550px\"; i.setAttribute(\"src\", \"https:\/\/www.winalist.com\/w\/embed?partner=14&type=experiences-slider&slider_type=host&host_id=261&locale=fr_FR&activity_id=any&display_title=yes\");\n  if (winalistWidget) winalistWidget.prepend(i);\n<\/script>\n<script type=\"application\/javascript\" src=\"https:\/\/cdn.winalist.com\/widget\/affiliate-widget-config.min.js\"><\/script>\n\n\n\n<p class=\"wp-block-paragraph\"><\/p>\n\n\n\n<p class=\"wp-block-paragraph\"><\/p>\n\n\n\n<p class=\"flext-block-1727948735189 wp-block-paragraph\">Fondugues Pradugues<\/p>\n\n\n\n<figure class=\"wp-block-image alignwide size-large flext-block-1727948739447\"><img decoding=\"async\" src=\"https:\/\/media.winalist.com\/prod\/uploads\/WzNBElTYwebC.jpg\" alt=\"- - -\" title=\"- - -\"><\/figure>\n\n\n\n<p class=\"wp-block-paragraph\"><\/p>\n\n\n\n<p class=\"flext-block-1727948743940 wp-block-paragraph\">D\u00e9couvrez cette aventure viticole unique. En plus de d\u00e9guster des vins\n  exceptionnels, vous pourrez explorer les vignobles pittoresques, en apprendre davantage sur les pratiques\n  respectueuses de l&rsquo;environnement du domaine et vous impr\u00e9gner de l&rsquo;atmosph\u00e8re chaleureuse et familiale qui caract\u00e9rise\n  ce lieu. Fondugues Pradugues incarne un mariage harmonieux entre tradition, nature et excellence viticole.<\/p>\n\n\n\n<p class=\"wp-block-paragraph\"><\/p>\n\n\n\n<h3 class=\"wp-block-heading\">Le Ch\u00e2teau de Sannes<\/h3>\n\n\n\n<figure class=\"wp-block-image alignwide size-large\"><img decoding=\"async\" src=\"https:\/\/media.winalist.com\/prod\/uploads\/OyQgIYbSUMV2.jpg\" alt=\"- - -\" title=\"- - -\"><\/figure>\n\n\n\n<p class=\"wp-block-paragraph\"><\/p>\n\n\n\n<p class=\"wp-block-paragraph\">Le <a href=\"https:\/\/www.winalist.fr\/hosts\/626\/chateau-de-sannes\"><span class=\"s1\">Ch\u00e2teau de Sannes<\/span><\/a>, \u00e0\n  Sannes, a \u00e9t\u00e9 construit au XVII\u00e8me si\u00e8cle et poss\u00e8de une architecture sculpt\u00e9e dans la pierre ocre Aixoise. Le lieu\n  est compos\u00e9 d\u2019un somptueux jardin et de bassins faisant tout son charme. Il y a \u00e9galement un lac et un charmant\n  moulin.<\/p>\n\n\n\n<p class=\"wp-block-paragraph\">Les vignerons du Ch\u00e2teau de Sannes utilisent 5 c\u00e9pages diff\u00e9rents pour l\u2019\u00e9laboration de leur vin&nbsp;: syrah,\n  grenache noir, ugni blanc, grenache et vermentino. Plusieurs activit\u00e9s oenotouristiques vous sont propos\u00e9es au\n  ch\u00e2teau, telles qu\u2019une <span class=\"s1\">s\u00e9ance de yoga dans les vignes<\/span> ou encore une <span class=\"s1\">visite du\n    domaine suivie d\u2019une d\u00e9gustation<\/span>.<span class=\"Apple-converted-space\">&nbsp;<\/span><\/p>\n\n\n\n<div id=\"winalist-partner-widget-mp4yxfcsygn\" class=\"winalist-partner-widget\"><\/div>\n<script type=\"application\/javascript\">\n  var winalistWidget = document.getElementById('winalist-partner-widget-mp4yxfcsygn');\n  var i = document.createElement(\"iframe\");\n  i.style.border = \"none\";\n  i.style.width = \"100%\";\n  i.style.minHeight = \"550px\"; i.setAttribute(\"src\", \"https:\/\/www.winalist.com\/w\/embed?partner=14&type=experiences-slider&host_id=626&locale=auto&activity_id=any&display_title=yes\");\n  if (winalistWidget) winalistWidget.appendChild(i);\n<\/script>\n<script type=\"application\/javascript\" src=\"https:\/\/www.winalist.com\/widget\/affiliate-widget-config.min.js\"><\/script>\n\n\n\n<p class=\"wp-block-paragraph\"><\/p>\n\n\n\n<h3 class=\"wp-block-heading\">Le Ch\u00e2teau la Martinette<\/h3>\n\n\n\n<figure class=\"wp-block-image alignwide size-large\"><img decoding=\"async\" src=\"https:\/\/media.winalist.com\/prod\/uploads\/dvQJu7ywO4gr.jpg\" alt=\"- - -\" title=\"- - -\"><\/figure>\n\n\n\n<p class=\"wp-block-paragraph\"><\/p>\n\n\n\n<p class=\"wp-block-paragraph\">Vous retrouverez le <a href=\"https:\/\/www.winalist.fr\/hosts\/135\/chateau-la-martinette\"><span class=\"s1\">Ch\u00e2teau la\n      Martinette<\/span><\/a> \u00e0 Lorgues, au c\u0153ur du Var-en-Provence. Il est l\u2019un des plus anciens domaines viticoles de la\n  r\u00e9gion et poss\u00e8de 45 hectares de vignes en agriculture biologique. Entour\u00e9 par 350 hectares de for\u00eat, de lavandes,\n  d\u2019oliviers et de restanques, le domaine rempli toutes les caract\u00e9ristiques d\u2019un ch\u00e2teau proven\u00e7al.<span class=\"Apple-converted-space\">&nbsp; <\/span>Un sublime restaurant se trouve sur les lieux afin que vous puissiez\n  go\u00fbter aux sp\u00e9cialit\u00e9s de la r\u00e9gion.<span class=\"Apple-converted-space\">&nbsp;<\/span><\/p>\n\n\n\n<p class=\"wp-block-paragraph\">Le Ch\u00e2teau la Martinette propose des <span class=\"s1\">visites d\u00e9couverte<\/span>, des <span class=\"s1\">visites\n    \u00e9motion<\/span> ou encore des <span class=\"s1\">visites nature<\/span> toutes les trois compos\u00e9es d\u2019une d\u00e9gustation de\n  6 vins. Vous y retrouverez les diff\u00e9rents c\u00e9pages utilis\u00e9s par le domaine&nbsp;: cabernet sauvignon, grenache noir,\n  syrah, mourv\u00e8dre, viognier, carignan et vermontino.<span class=\"Apple-converted-space\">&nbsp;<\/span><\/p>\n\n\n\n<div id=\"winalist-partner-widget-u81djjcuvy\" class=\"winalist-partner-widget\"><\/div>\n<script type=\"application\/javascript\">\n  var winalistWidget = document.getElementById('winalist-partner-widget-u81djjcuvy');\n  var i = document.createElement(\"iframe\");\n  i.style.border = \"none\";\n  i.style.width = \"100%\";\n  i.style.minHeight = \"550px\"; i.setAttribute(\"src\", \"https:\/\/www.winalist.com\/w\/embed?partner=14&type=experiences-slider&host_id=135&locale=auto&activity_id=any&display_title=yes\");\n  if (winalistWidget) winalistWidget.appendChild(i);\n<\/script>\n<script type=\"application\/javascript\" src=\"https:\/\/www.winalist.com\/widget\/affiliate-widget-config.min.js\"><\/script>\n\n\n\n<p class=\"wp-block-paragraph\"><\/p>\n\n\n\n<h3 class=\"wp-block-heading\">Le Ch\u00e2teau de l\u2019Escarelle<\/h3>\n\n\n\n<figure class=\"wp-block-image alignwide size-large\"><img decoding=\"async\" src=\"https:\/\/media.winalist.com\/prod\/uploads\/rSIRDOx3Lo8k.jpg\" alt=\"- - -\" title=\"- - -\"><\/figure>\n\n\n\n<p class=\"wp-block-paragraph\"><\/p>\n\n\n\n<p class=\"wp-block-paragraph\">Le <span class=\"s1\"><a href=\"https:\/\/www.winalist.fr\/hosts\/679\/chateau-l-escarelle\">Ch\u00e2teau de\n      l\u2019Escarelle<\/a><\/span> est id\u00e9alement situ\u00e9 \u00e0 La Celle, au c\u0153ur de la Provence. On y retrouve 100 hectares de\n  vignes plant\u00e9s dans une nature pr\u00e9serv\u00e9e. Ce domaine est une exploitation labellis\u00e9e HVE (Haute Valeur\n  Environnementale) et est en pleine conversion biologique.<span class=\"Apple-converted-space\">&nbsp;<\/span><\/p>\n\n\n\n<p class=\"wp-block-paragraph\">Le Ch\u00e2teau de l\u2019Escarelle propose une <span class=\"s1\">visite \u00e9tonnante de ses caves suivie d\u2019une d\u00e9gustation<\/span>\n  o\u00f9 5 c\u00e9pages seront au rendez-vous&nbsp;: cabernet-sauvignon, syrah, grenache, cinsaut et mourv\u00e8dre.<span class=\"Apple-converted-space\">&nbsp;<\/span><\/p>\n\n\n\n<div id=\"winalist-partner-widget-8yfqkio6wk\" class=\"winalist-partner-widget\"><\/div>\n<script type=\"application\/javascript\">\n  var winalistWidget = document.getElementById('winalist-partner-widget-8yfqkio6wk');\n  var i = document.createElement(\"iframe\");\n  i.style.border = \"none\";\n  i.style.width = \"100%\";\n  i.style.minHeight = \"550px\"; i.setAttribute(\"src\", \"https:\/\/www.winalist.com\/w\/embed?partner=14&type=experiences-slider&host_id=679&locale=auto&activity_id=any&display_title=yes\");\n  if (winalistWidget) winalistWidget.appendChild(i);\n<\/script>\n<script type=\"application\/javascript\" src=\"https:\/\/www.winalist.com\/widget\/affiliate-widget-config.min.js\"><\/script>\n\n\n\n<p class=\"wp-block-paragraph\"><\/p>\n\n\n\n<h3 class=\"wp-block-heading\">La Commanderie de Peyrassol<\/h3>\n\n\n\n<figure class=\"wp-block-image alignwide size-large\"><img decoding=\"async\" src=\"https:\/\/media.winalist.com\/prod\/uploads\/zvolMxDE2PuS.jpg\" alt=\"- - -\" title=\"- - -\"><\/figure>\n\n\n\n<p class=\"wp-block-paragraph\"><\/p>\n\n\n\n<p class=\"wp-block-paragraph\">La <a href=\"https:\/\/www.winalist.fr\/hosts\/694\/commanderie-de-peyrassol\"><span class=\"s1\">Commanderie de\n      Peyrassol<\/span><\/a> est situ\u00e9e \u00e0 Flassans-sur-Issole. Fond\u00e9e au XIII\u00e8me si\u00e8cle par l\u2019Ordre des Templiers, elle\n  s\u2019\u00e9tend sur plus de 800 hectares de terres o\u00f9 se trouvent des ch\u00eanes et des oliviers. Le vignoble est dirig\u00e9 par Alban\n  Cacaret et son oncle qui ont fait de la Commanderie de Peyrassol un des vignobles les plus appr\u00e9ci\u00e9s de Provence.<span class=\"Apple-converted-space\">&nbsp;<\/span><\/p>\n\n\n\n<p class=\"wp-block-paragraph\"><span class=\"s2\">Lors de votre venue, plusieurs activit\u00e9s vous seront propos\u00e9es, notamment une <span class=\"s1\">visite du Domaine et du Parc des sculptures en cal\u00e8che<\/span> ou encore une <span class=\"s1\">d\u00e9couverte\n      vinicole compl\u00e9t\u00e9e par une d\u00e9gustation<\/span>.<span class=\"Apple-converted-space\">&nbsp;<\/span><\/span><\/p>\n\n\n\n<div id=\"winalist-partner-widget-6f2mmnbkan9\" class=\"winalist-partner-widget\"><\/div>\n<script type=\"application\/javascript\">\n  var winalistWidget = document.getElementById('winalist-partner-widget-6f2mmnbkan9');\n  var i = document.createElement(\"iframe\");\n  i.style.border = \"none\";\n  i.style.width = \"100%\";\n  i.style.minHeight = \"550px\"; i.setAttribute(\"src\", \"https:\/\/www.winalist.com\/w\/embed?partner=14&type=experiences-slider&host_id=694&locale=auto&activity_id=any&display_title=yes\");\n  if (winalistWidget) winalistWidget.appendChild(i);\n<\/script>\n<script type=\"application\/javascript\" src=\"https:\/\/www.winalist.com\/widget\/affiliate-widget-config.min.js\"><\/script>\n\n\n\n<p class=\"wp-block-paragraph\"><\/p>\n\n\n\n<h3 class=\"wp-block-heading\">Domaine Viticole Du Bourrian<\/h3>\n\n\n\n<figure class=\"wp-block-image alignwide size-large\"><img decoding=\"async\" src=\"https:\/\/media.winalist.com\/prod\/uploads\/C8B_TrWoJl1F.jpg\" alt=\"- - -\" title=\"- - -\"><\/figure>\n\n\n\n<p class=\"wp-block-paragraph\"><\/p>\n\n\n\n<p class=\"wp-block-paragraph\">Le <a href=\"https:\/\/www.winalist.fr\/hosts\/1499\/domaine-du-bourrian\">Domaine du Bourrian<\/a> est bien plus\n  qu\u2019un vignoble, c\u2019est une immersion dans l\u2019histoire et la beaut\u00e9 de la presqu\u2019\u00eele de Saint-Tropez. Enti\u00e8rement r\u00e9nov\u00e9\n  en 2018 et certifi\u00e9 BIO, ce domaine allie tradition et modernit\u00e9 pour offrir une exp\u00e9rience unique. Les visiteurs\n  peuvent d\u00e9couvrir la majestueuse salle des grands foudres en ch\u00eane, un lieu embl\u00e9matique pr\u00e9serv\u00e9 pour accueillir des\n  \u00e9v\u00e9nements m\u00e9morables tels que des mariages ou des concerts. En outre, le domaine propose une collection fascinante de\n  tracteurs et de r\u00e9pliques d\u2019avions, expos\u00e9e pendant la saison touristique, qui ravira petits et grands. Que ce soit\n  pour une visite, une d\u00e9gustation ou un \u00e9v\u00e9nement priv\u00e9, le Domaine du Bourrian promet un moment inoubliable au c\u0153ur\n  d\u2019un patrimoine viticole exceptionnel.<\/p>\n\n\n\n<div id=\"winalist-partner-widget-8xj5kq2sp1u\" class=\"winalist-partner-widget\" data-host-id=\"1499\"\n  data-host-slug=\"domaine-viticole-du-bourrian\" data-host-name=\"Domaine Viticole Du Bourrian\"\n  data-utms=\"utm_source=blog&#038;utm_medium=blog&#038;utm_campaign=affiliatewidget\">\n<\/div>\n<script type=\"application\/javascript\">\n  var winalistWidget = document.getElementById('winalist-partner-widget-8xj5kq2sp1u');\n  var i = document.createElement(\"iframe\");\n  i.style.border = \"none\";\n  i.style.width = \"100%\";\n  i.style.minHeight = \"550px\"; i.setAttribute(\"src\", \"https:\/\/www.winalist.com\/w\/embed?partner=14&type=experiences-slider&slider_type=host&host_id=1499&locale=fr_FR&activity_id=any&display_title=yes\");\n  if (winalistWidget) winalistWidget.prepend(i);\n<\/script>\n<script type=\"application\/javascript\" src=\"https:\/\/cdn.winalist.com\/widget\/affiliate-widget-config.min.js\"><\/script>\n\n\n\n<div class=\"wp-block-group flext-block-1699477933214 is-layout-constrained wp-block-group-is-layout-constrained\">\n<p class=\"wp-block-paragraph\"><\/p>\n\n\n\n<h3 class=\"wp-block-heading\">Le Domaine de la Font des P\u00e8res<\/h3>\n\n\n\n<p class=\"wp-block-paragraph\">Le <span class=\"s1\">Domaine de la Font des P\u00e8res<\/span> se trouve au Beausset, pr\u00e8s de Bandol, et cache une\n    fabuleuse histoire. Selon des dires, des moines observantins se seraient install\u00e9s sur ce site au milieu du XIII\u00e8me\n    si\u00e8cle.<\/p>\n\n\n\n<p class=\"wp-block-paragraph\">Ce domaine exceptionnel de 14 hectares propose 4 villas o\u00f9 peuvent se loger leurs convives afin de profiter\n    pleinement de leur s\u00e9jour oenotouristique.<span class=\"Apple-converted-space\">&nbsp; &nbsp;<\/span><\/p>\n\n\n\n<p class=\"wp-block-paragraph\">Pour les passagers temporaires, une <span class=\"s1\">visite gourmande<\/span> est propos\u00e9e afin de d\u00e9couvrir les\n    proc\u00e9d\u00e9s de fabrication des vins du Domaine de la Font des P\u00e8res et de d\u00e9guster 6 vins distincts.<span class=\"Apple-converted-space\">&nbsp;<\/span><\/p>\n\n\n\n<div id=\"winalist-partner-widget-g3adkh2tbz\" class=\"winalist-partner-widget\"><\/div>\n  <script type=\"application\/javascript\">\n    var winalistWidget = document.getElementById('winalist-partner-widget-g3adkh2tbz');\n    var i = document.createElement(\"iframe\");\n    i.style.border = \"none\";\n    i.style.width = \"100%\";\n    i.style.minHeight = \"550px\"; i.setAttribute(\"src\", \"https:\/\/www.winalist.com\/w\/embed?partner=14&type=experiences-slider&host_id=759&locale=auto&activity_id=any&display_title=yes\");\n    if (winalistWidget) winalistWidget.appendChild(i);\n  <\/script>\n  <script type=\"application\/javascript\" src=\"https:\/\/www.winalist.com\/widget\/affiliate-widget-config.min.js\"><\/script>\n<\/div>\n\n\n\n<p class=\"wp-block-paragraph\"><\/p>\n\n\n\n<h3 class=\"wp-block-heading\">Le Domaine de la Navicelle<\/h3>\n\n\n\n<figure class=\"wp-block-image alignwide size-large\"><img decoding=\"async\" src=\"https:\/\/media.winalist.com\/prod\/uploads\/iHkeB_tjUloA.jpg\" alt=\"- - -\" title=\"- - -\"><\/figure>\n\n\n\n<p class=\"wp-block-paragraph\"><\/p>\n\n\n\n<p class=\"wp-block-paragraph\">En plein c\u0153ur de la Provence, retrouvez le <span class=\"s1\"><a href=\"https:\/\/www.winalist.fr\/hosts\/695\/domaine-de-la-navicelle\">Domaine de la Navicelle<\/a><\/span> d\u2019une surface\n  de 20 hectares de vignes. Les vignerons travaillent en agriculture biologique et respectent les principes de la\n  biodynamie afin d\u2019exploiter au mieux le terroir et ainsi vous proposer des vins d\u2019exception. Plusieurs c\u00e9pages y sont\n  trait\u00e9s tels que le grenache, la syrah, le tibouren, le mourv\u00e8dre, le cinsault, le rolle, la clairette ou encore le\n  muscat.<span class=\"Apple-converted-space\">&nbsp;<\/span><\/p>\n\n\n\n<p class=\"wp-block-paragraph\">D\u00e9couvrez le domaine gr\u00e2ce \u00e0 une <span class=\"s1\">visite oenoludique <\/span>ou participez \u00e0 une <span class=\"s1\">exp\u00e9rience viticole<\/span> o\u00f9 tous les secrets du domaine vous seront d\u00e9voil\u00e9s&nbsp;: cuverie, chai \u00e0\n  barriques, mise en bouteille\u2026 vous observerez tous les proc\u00e9d\u00e9s d\u2019une bonne vinification.<span class=\"Apple-converted-space\">&nbsp;<\/span><\/p>\n\n\n\n<div id=\"winalist-partner-widget-tiwis5yb37\" class=\"winalist-partner-widget\"><\/div>\n<script type=\"application\/javascript\">\n  var winalistWidget = document.getElementById('winalist-partner-widget-tiwis5yb37');\n  var i = document.createElement(\"iframe\");\n  i.style.border = \"none\";\n  i.style.width = \"100%\";\n  i.style.minHeight = \"550px\"; i.setAttribute(\"src\", \"https:\/\/www.winalist.com\/w\/embed?partner=14&type=experiences-slider&host_id=695&locale=auto&activity_id=any&display_title=yes\");\n  if (winalistWidget) winalistWidget.appendChild(i);\n<\/script>\n<script type=\"application\/javascript\" src=\"https:\/\/www.winalist.com\/widget\/affiliate-widget-config.min.js\"><\/script>\n\n\n\n<p class=\"wp-block-paragraph\"><\/p>\n\n\n\n<h3 class=\"wp-block-heading\">Domaine de la B\u00e9gude<\/h3>\n\n\n\n<figure class=\"wp-block-image size-large\"><img decoding=\"async\" src=\"https:\/\/media.winalist.com\/prod\/uploads\/4HYLd6tWsTXl.jpg\" alt=\"- - -\" title=\"- - -\"><\/figure>\n\n\n\n<p class=\"wp-block-paragraph\">Domaine viticole historique situ\u00e9 \u00e0 Bandol, au c\u0153ur de la Provence et perch\u00e9 \u00e0 410 m\u00e8tres d\u2019altitude, le <a href=\"https:\/\/www.winalist.fr\/hosts\/2028\/domaine-de-la-begude\">Domaine de la b\u00e9gude<\/a> s\u2019\u00e9tend sur 300 hectares, dont 30 hectares de vignes cultiv\u00e9es en agriculture biologique. Ce terroir unique, compos\u00e9 de sols argilo-calcaires et b\u00e9n\u00e9ficiant d\u2019un microclimat m\u00e9diterran\u00e9en, donne naissance \u00e0 des vins d\u2019exception, notamment des rouges, blancs et ros\u00e9s, reconnus pour leur complexit\u00e9 et leur \u00e9l\u00e9gance. <\/p>\n\n\n\n<p class=\"wp-block-paragraph\"><\/p>\n\n\n\n<div id=\"winalist-partner-widget-zr5gmlbz19g\" class=\"winalist-partner-widget\"><\/div>\n<script type=\"application\/javascript\">\n  var winalistWidget = document.getElementById('winalist-partner-widget-zr5gmlbz19g');\n  var i = document.createElement(\"iframe\");\n  i.style.border = \"none\";\n  i.style.width = \"100%\";\n  i.style.minHeight = \"550px\"; i.setAttribute(\"src\", \"https:\/\/www.winalist.fr\/w\/embed?partner=14&type=experiences-slider&host_id=2028&locale=fr_FR&activity_id=any&display_title=yes\");\n  if (winalistWidget) winalistWidget.appendChild(i);\n<\/script>\n<script type=\"application\/javascript\" src=\"https:\/\/www.winalist.com\/widget\/affiliate-widget-config.min.js\"><\/script>\n\n\n\n<p class=\"wp-block-paragraph\"><\/p>\n\n\n\n<h3 class=\"wp-block-heading\">La Cavale<\/h3>\n\n\n\n<figure class=\"wp-block-image alignwide size-large\"><img decoding=\"async\" src=\"https:\/\/media.winalist.com\/prod\/uploads\/Ok2lXVxvUird.jpg\" alt=\"- - -\" title=\"- - -\"><\/figure>\n\n\n\n<p class=\"wp-block-paragraph\"><\/p>\n\n\n\n<p class=\"wp-block-paragraph\">Pour finir en beaut\u00e9, nous vous pr\u00e9sentons <span class=\"s1\"><a href=\"https:\/\/www.winalist.fr\/regions\/vallee-du-rhone\">La\n      Cavale<\/a><\/span> qui se trouve au c\u0153ur du Parc r\u00e9gional du Luberon, \u00e0 Cucuron. Son mur en pierre de taille de 65\n  m\u00e8tres de long ainsi que sa magnifique cave vous envo\u00fbteront lors de votre passage.<\/p>\n\n\n\n<p class=\"wp-block-paragraph\">Les vignerons du domaine vous proposeront une <span class=\"s1\">initiation \u00e0 la d\u00e9gustation<\/span> ou bien une <span class=\"s1\">visite des chais suivie d\u2019une d\u00e9gustation<\/span> pour les plus curieux.<span class=\"Apple-converted-space\">&nbsp;<\/span><\/p>\n\n\n\n<div id=\"winalist-partner-widget-ovimwqv2ure\" class=\"winalist-partner-widget\"><\/div>\n<script type=\"application\/javascript\">\n  var winalistWidget = document.getElementById('winalist-partner-widget-ovimwqv2ure');\n  var i = document.createElement(\"iframe\");\n  i.style.border = \"none\";\n  i.style.width = \"100%\";\n  i.style.minHeight = \"550px\"; i.setAttribute(\"src\", \"https:\/\/www.winalist.com\/w\/embed?partner=14&type=experiences-slider&host_id=161&locale=auto&activity_id=any&display_title=yes\");\n  if (winalistWidget) winalistWidget.appendChild(i);\n<\/script>\n<script type=\"application\/javascript\" src=\"https:\/\/www.winalist.com\/widget\/affiliate-widget-config.min.js\"><\/script>\n\n\n\n<p class=\"wp-block-paragraph\"><\/p>\n\n\n\n<h2 class=\"wp-block-heading\">Carte des plus beaux domaines viticoles de Provence<\/h2>\n\n\n\n<p class=\"wp-block-paragraph\"><\/p>\n\n\n\n<p class=\"wp-block-paragraph\">Retrouvez notre carte interactive des plus beaux domaines viticoles \u00e0 visiter en Provence ainsi que notre guide d\u00e9di\u00e9\n  aux <a href=\"https:\/\/www.winalist.fr\/blog\/france\/provence\/la-route-des-vins-de-provence\">routes\n    des vins de Provence<\/a> qui vous permettront de d\u00e9couvrir la r\u00e9gion simplement !<\/p>\n\n\n\n<p class=\"wp-block-paragraph\"><\/p>\n\n\n\n<iframe src=\"https:\/\/www.google.com\/maps\/d\/embed?mid=1CuxP7w09oqVJF7rdrmpwWy0n70vhRFs&#038;ehbc=2E312F&#038;noprof=1\" width=\"840\"\n  height=\"680\"><\/iframe>\n\n\n\n<p class=\"wp-block-paragraph\"><\/p>\n\n\n\n<p class=\"wp-block-paragraph\"><\/p>\n\n\n<div id=\"rank-math-faq\" class=\"rank-math-block\">\n<div class=\"rank-math-list \">\n<div id=\"faq-question-1646742391030\" class=\"rank-math-list-item\">\n<h3 class=\"rank-math-question \">O\u00f9 se promener en Provence ?<\/h3>\n<div class=\"rank-math-answer \">\n\n<p>&#8211; L&rsquo;\u00e9tang du Pourra<br \/>&#8211; Le sentier des Mines \u00e0 Gr\u00e9asque<br \/>&#8211; La randonn\u00e9e sur la C\u00f4te Bleue<br \/>&#8211; Le sentier des vignerons de Puyloubier<br \/>&#8211; Sentier de la Palunette au Marais de Vigueirat.<\/p>\n\n<\/div>\n<\/div>\n<\/div>\n<\/div>","protected":false},"excerpt":{"rendered":"<p>\u00c0 la recherche de la destination id\u00e9ale pour profiter pleinement de vos vacances d\u2019\u00e9t\u00e9&nbsp;en France&nbsp;? D\u00e9couvrez la magnifique r\u00e9gion de la Provence pour situ\u00e9e au sud-est de la France, non loin de la fronti\u00e8re italienne. Bord\u00e9e par la mer M\u00e9diterran\u00e9enne, ses habitants appr\u00e9cient s\u2019y rafra\u00eechir durant les chaleurs d\u2019\u00e9t\u00e9. La Provence est r\u00e9put\u00e9e pour ses &hellip; <\/p>\n","protected":false},"author":12,"featured_media":12493,"comment_status":"open","ping_status":"closed","sticky":false,"template":"","format":"standard","meta":{"_acf_changed":false,"_eb_attr":"","_tripp_layout":"4","winalist_lat":"","winalist_lng":"","winalist_map_hide":"","_tripp_review":[],"_tripp_coupon":[],"footnotes":""},"categories":[663],"tags":[581,580],"destination":[],"class_list":["post-12457","post","type-post","status-publish","format-standard","has-post-thumbnail","hentry","category-provence","tag-taittinger","tag-veuve-clicquot","entry"],"acf":{"winalist_tldr_title":"","winalist_tldr_time":"","winalist_tldr_top":"","winalist_tldr_budget":"","winalist_tldr_period":"","winalist_tldr_transport":"","winalist_tldr_custom":null,"winalist_tldr_cta_text":"","winalist_tldr_cta_url":"","winalist_tips_enabled":true,"winalist_tips_list":null},"_links":{"self":[{"href":"https:\/\/www.winalist.fr\/blog\/wp-json\/wp\/v2\/posts\/12457","targetHints":{"allow":["GET"]}}],"collection":[{"href":"https:\/\/www.winalist.fr\/blog\/wp-json\/wp\/v2\/posts"}],"about":[{"href":"https:\/\/www.winalist.fr\/blog\/wp-json\/wp\/v2\/types\/post"}],"author":[{"embeddable":true,"href":"https:\/\/www.winalist.fr\/blog\/wp-json\/wp\/v2\/users\/12"}],"replies":[{"embeddable":true,"href":"https:\/\/www.winalist.fr\/blog\/wp-json\/wp\/v2\/comments?post=12457"}],"version-history":[{"count":3,"href":"https:\/\/www.winalist.fr\/blog\/wp-json\/wp\/v2\/posts\/12457\/revisions"}],"predecessor-version":[{"id":59756,"href":"https:\/\/www.winalist.fr\/blog\/wp-json\/wp\/v2\/posts\/12457\/revisions\/59756"}],"wp:featuredmedia":[{"embeddable":true,"href":"https:\/\/www.winalist.fr\/blog\/wp-json\/wp\/v2\/media\/12493"}],"wp:attachment":[{"href":"https:\/\/www.winalist.fr\/blog\/wp-json\/wp\/v2\/media?parent=12457"}],"wp:term":[{"taxonomy":"category","embeddable":true,"href":"https:\/\/www.winalist.fr\/blog\/wp-json\/wp\/v2\/categories?post=12457"},{"taxonomy":"post_tag","embeddable":true,"href":"https:\/\/www.winalist.fr\/blog\/wp-json\/wp\/v2\/tags?post=12457"},{"taxonomy":"destination","embeddable":true,"href":"https:\/\/www.winalist.fr\/blog\/wp-json\/wp\/v2\/destination?post=12457"}],"curies":[{"name":"wp","href":"https:\/\/api.w.org\/{rel}","templated":true}]}}