{"id":12302,"date":"2021-10-14T16:44:05","date_gmt":"2021-10-14T14:44:05","guid":{"rendered":"https:\/\/www.winalist.fr\/blog?p=12302"},"modified":"2026-06-08T18:58:28","modified_gmt":"2026-06-08T16:58:28","slug":"visiter-le-luberon","status":"publish","type":"post","link":"https:\/\/www.winalist.fr\/blog\/france\/provence\/visiter-le-luberon","title":{"rendered":"Visiter le Luberon : Les incontournables \u00e0 faire"},"content":{"rendered":"\n<p class=\"wp-block-paragraph\">Nich\u00e9 au c\u0153ur de la <strong>Provence<\/strong>, le <strong>Luberon<\/strong> vous promet une v\u00e9ritable immersion dans l\u2019un des plus pittoresques massifs de France. Avec ses <strong>villages perch\u00e9s<\/strong> class\u00e9s parmi <strong>les plus beaux villages de France<\/strong>, ses <strong>champs de lavande<\/strong> envo\u00fbtants, ses paysages d\u2019<strong>ocre<\/strong> \u00e9poustouflants et ses monuments historiques remarquables, cette r\u00e9gion est un v\u00e9ritable \u00e9crin de biodiversit\u00e9 et de culture. Que vous soyez amateur de nature, passionn\u00e9 d&rsquo;histoire ou adepte de gastronomie proven\u00e7ale, le Luberon a tout pour combler vos envies. Pr\u00eat \u00e0 d\u00e9couvrir les secrets de ce joyau proven\u00e7al ? Suivez notre guide complet pour ne rien manquer des <strong>sites touristiques incontournables du Luberon<\/strong> et ne manquez pas notre s\u00e9lection des  <a href=\"https:\/\/www.winalist.fr\/appellations\/luberon\">caves \u00e0 vin du Luberon<\/a> \u00e0 visiter ainsi que notre guide d\u00e9di\u00e9 pour savoir <a href=\"https:\/\/www.winalist.fr\/blog\/france\/provence\/les-visites-incontournables-vaucluse\">que faire dans le Vaucluse<\/a>.<\/p>\n\n\n\n<p class=\"wp-block-paragraph\"><\/p>\n\n\n\n<p class=\"wp-block-paragraph\"><\/p>\n\n\n\n<h2 class=\"wp-block-heading\">Les incontournables \u00e0 faire et \u00e0 voir dans le Luberon<\/h2>\n\n\n\n<h3 class=\"wp-block-heading\">Explorez le village perch\u00e9 de Gordes<\/h3>\n\n\n\n<figure class=\"wp-block-image alignwide size-large\"><img fetchpriority=\"high\" decoding=\"async\" width=\"1500\" height=\"1000\" src=\"https:\/\/images.winalist.com\/blog\/wp-content\/uploads\/2024\/02\/07155008\/AdobeStock_122846526-1500x1000.jpeg\" alt=\"- - -\" class=\"wp-image-27359\" title=\"- - -\" srcset=\"https:\/\/images.winalist.com\/blog\/wp-content\/uploads\/2024\/02\/07155008\/AdobeStock_122846526-1500x1000.jpeg 1500w, https:\/\/images.winalist.com\/blog\/wp-content\/uploads\/2024\/02\/07155008\/AdobeStock_122846526-600x400.jpeg 600w, https:\/\/images.winalist.com\/blog\/wp-content\/uploads\/2024\/02\/07155008\/AdobeStock_122846526-768x512.jpeg 768w, https:\/\/images.winalist.com\/blog\/wp-content\/uploads\/2024\/02\/07155008\/AdobeStock_122846526-1536x1024.jpeg 1536w, https:\/\/images.winalist.com\/blog\/wp-content\/uploads\/2024\/02\/07155008\/AdobeStock_122846526-1290x860.jpeg 1290w, https:\/\/images.winalist.com\/blog\/wp-content\/uploads\/2024\/02\/07155008\/AdobeStock_122846526.jpeg 1620w\" sizes=\"(max-width: 1500px) 100vw, 1500px\" \/><\/figure>\n\n\n\n<p class=\"wp-block-paragraph\"><strong>Gordes<\/strong>, class\u00e9 comme <strong>l\u2019un des plus beaux villages de France<\/strong>, est un <strong>village perch\u00e9<\/strong> qui impressionne par ses ruelles pav\u00e9es, ses maisons en <strong>pierre s\u00e8che<\/strong> et son <strong>ch\u00e2teau m\u00e9di\u00e9val<\/strong>. Prenez le temps d\u2019admirer la vue panoramique sur le <strong>Massif du Luberon<\/strong> depuis les hauteurs du village et visitez le <strong>village des bories<\/strong>, un site unique de b\u00e2tisses en pierres s\u00e8ches. Une \u00e9tape incontournable pour les amateurs de patrimoine et de paysages sublimes.<\/p>\n\n\n\n<p class=\"wp-block-paragraph\">D\u00e9couvrez notre guide sur le <a href=\"https:\/\/www.winalist.fr\/blog\/france\/provence\/top-15-des-plus-beaux-village-du-luberon\">TOP 15 des plus beaux villages du Lub\u00e9ron<\/a> pour cr\u00e9er un itin\u00e9raire parfait. <\/p>\n\n\n\n<h3 class=\"wp-block-heading\">D\u00e9couverte des ocres de Roussillon<\/h3>\n\n\n\n<figure class=\"wp-block-image alignwide size-large\"><img decoding=\"async\" width=\"1500\" height=\"910\" src=\"https:\/\/images.winalist.com\/blog\/wp-content\/uploads\/2021\/10\/29130059\/adobestock-501901673-1500x910.jpeg\" alt=\"- - -\" class=\"wp-image-33560\" title=\"- - -\" srcset=\"https:\/\/images.winalist.com\/blog\/wp-content\/uploads\/2021\/10\/29130059\/adobestock-501901673-1500x910.jpeg 1500w, https:\/\/images.winalist.com\/blog\/wp-content\/uploads\/2021\/10\/29130059\/adobestock-501901673-600x364.jpeg 600w, https:\/\/images.winalist.com\/blog\/wp-content\/uploads\/2021\/10\/29130059\/adobestock-501901673-768x466.jpeg 768w, https:\/\/images.winalist.com\/blog\/wp-content\/uploads\/2021\/10\/29130059\/adobestock-501901673-1536x931.jpeg 1536w, https:\/\/images.winalist.com\/blog\/wp-content\/uploads\/2021\/10\/29130059\/adobestock-501901673-1290x782.jpeg 1290w, https:\/\/images.winalist.com\/blog\/wp-content\/uploads\/2021\/10\/29130059\/adobestock-501901673.jpeg 1781w\" sizes=\"(max-width: 1500px) 100vw, 1500px\" \/><\/figure>\n\n\n\n<p class=\"wp-block-paragraph\">Le village de <strong>Roussillon<\/strong>, situ\u00e9 dans le <strong>Vaucluse<\/strong>, est r\u00e9put\u00e9 pour son incroyable palette de couleurs due \u00e0 ses formations d\u2019<strong>ocre<\/strong>. Le <strong>sentier des ocres<\/strong>, surnomm\u00e9 le \u201cColorado proven\u00e7al du Luberon\u201d, offre une promenade inoubliable au c\u0153ur de paysages dignes d\u2019un tableau impressionniste. Ne manquez pas de fl\u00e2ner dans les ruelles du village, o\u00f9 l\u2019ocre teinte chaque fa\u00e7ade de teintes chaudes et \u00e9clatantes.<\/p>\n\n\n\n<p class=\"wp-block-paragraph\"><\/p>\n\n\n\n<h3 class=\"wp-block-heading\">Visitez le Ch\u00e2teau de Lourmarin<\/h3>\n\n\n\n<figure class=\"wp-block-image alignwide size-large\"><img decoding=\"async\" width=\"1500\" height=\"1000\" src=\"https:\/\/www.winalist.com\/blog\/wp-content\/uploads\/2021\/10\/AdobeStock_208264252-1500x1000.jpeg\" alt=\"- - -\" class=\"wp-image-27557\" title=\"- - -\" srcset=\"https:\/\/images.winalist.com\/blog\/wp-content\/uploads\/2021\/10\/08155543\/AdobeStock_208264252-1500x1000.jpeg 1500w, https:\/\/images.winalist.com\/blog\/wp-content\/uploads\/2021\/10\/08155543\/AdobeStock_208264252-600x400.jpeg 600w, https:\/\/images.winalist.com\/blog\/wp-content\/uploads\/2021\/10\/08155543\/AdobeStock_208264252-768x512.jpeg 768w, https:\/\/images.winalist.com\/blog\/wp-content\/uploads\/2021\/10\/08155543\/AdobeStock_208264252-1536x1024.jpeg 1536w, https:\/\/images.winalist.com\/blog\/wp-content\/uploads\/2021\/10\/08155543\/AdobeStock_208264252-1290x860.jpeg 1290w, https:\/\/images.winalist.com\/blog\/wp-content\/uploads\/2021\/10\/08155543\/AdobeStock_208264252.jpeg 1620w\" sizes=\"(max-width: 1500px) 100vw, 1500px\" \/><\/figure>\n\n\n\n<p class=\"wp-block-paragraph\">Situ\u00e9 juste \u00e0 l&rsquo;ext\u00e9rieur d&rsquo;un des plus beaux village de France, Le <strong>Ch\u00e2teau de Lourmarin<\/strong>, premier <strong>ch\u00e2teau Renaissance<\/strong> construit en Provence, est <strong>class\u00e9 monument historique<\/strong>. Construit au XVe si\u00e8cle par Foulques d\u2019Agoult, il se situe sur les restes d\u2019une forteresse construite au XIIe si\u00e8cle. Tomb\u00e9 en ruines \u00e0 la fin du XIXe si\u00e8cle, ce ch\u00e2teau fut ensuite vendu aux ench\u00e8res, puis restaur\u00e9 par son ancien propri\u00e9taire, Robert Laurent-Vibert. Le village abritant le chateau vaut le d\u00e9tour, ne manquez pas notre guide pour <a href=\"https:\/\/www.winalist.fr\/blog\/france\/provence\/visiter-lourmarin\" data-type=\"post\" data-id=\"33528\">visiter Lourmarin<\/a> et ne rien manquer. <\/p>\n\n\n\n<p class=\"wp-block-paragraph\"><\/p>\n\n\n\n<h3 class=\"wp-block-heading\">Promenade \u00e0 l\u2019Abbaye Notre-Dame de S\u00e9nanque<\/h3>\n\n\n\n<figure class=\"wp-block-image alignwide size-full wp-image-12315\"><img loading=\"lazy\" decoding=\"async\" width=\"1280\" height=\"720\" src=\"https:\/\/www.winalist.com\/blog\/wp-content\/uploads\/2021\/05\/abbaye-luberon.jpg\" alt=\"- - -\" class=\"wp-image-12315\" title=\"- - -\" srcset=\"https:\/\/images.winalist.com\/blog\/wp-content\/uploads\/2021\/05\/26144329\/abbaye-luberon.jpg 1280w, https:\/\/images.winalist.com\/blog\/wp-content\/uploads\/2021\/05\/26144329\/abbaye-luberon-300x169.jpg 300w, https:\/\/images.winalist.com\/blog\/wp-content\/uploads\/2021\/05\/26144329\/abbaye-luberon-1024x576.jpg 1024w, https:\/\/images.winalist.com\/blog\/wp-content\/uploads\/2021\/05\/26144329\/abbaye-luberon-768x432.jpg 768w, https:\/\/images.winalist.com\/blog\/wp-content\/uploads\/2021\/05\/26144329\/abbaye-luberon-370x208.jpg 370w, https:\/\/images.winalist.com\/blog\/wp-content\/uploads\/2021\/05\/26144329\/abbaye-luberon-800x450.jpg 800w, https:\/\/images.winalist.com\/blog\/wp-content\/uploads\/2021\/05\/26144329\/abbaye-luberon-20x11.jpg 20w, https:\/\/images.winalist.com\/blog\/wp-content\/uploads\/2021\/05\/26144329\/abbaye-luberon-185x104.jpg 185w, https:\/\/images.winalist.com\/blog\/wp-content\/uploads\/2021\/05\/26144329\/abbaye-luberon-740x416.jpg 740w, https:\/\/images.winalist.com\/blog\/wp-content\/uploads\/2021\/05\/26144329\/abbaye-luberon-400x225.jpg 400w, https:\/\/images.winalist.com\/blog\/wp-content\/uploads\/2021\/05\/26144329\/abbaye-luberon-85x48.jpg 85w\" sizes=\"(max-width: 1280px) 100vw, 1280px\" \/><\/figure>\n\n\n\n<p class=\"wp-block-paragraph\">Impossible de <strong>visiter le Luberon<\/strong> sans faire \u00e9tape \u00e0 l\u2019<strong>Abbaye Notre-Dame de S\u00e9nanque<\/strong>, une v\u00e9ritable ic\u00f4ne proven\u00e7ale entour\u00e9e de <strong>champs de lavande<\/strong>. Ce chef-d\u2019\u0153uvre de l\u2019architecture cistercienne offre un moment de qui\u00e9tude inoubliable. Profitez-en pour prendre des photos embl\u00e9matiques, surtout lorsque les <strong>lavandes<\/strong> sont en fleurs, entre juin et juillet.<\/p>\n\n\n\n<p class=\"wp-block-paragraph\">Les moines de S\u00e9nanque vous accueillent pour visiter l&rsquo;abbaye m\u00e9di\u00e9vale tout en vous expliquant leur quotidien. La visite guid\u00e9e est extr\u00eamement appr\u00e9ci\u00e9e de ses visiteurs. L&rsquo;abbaye vit de ses visites et de sa boutique, dans laquelle sont vendus des \u0153uvres religieuses, du miel, de l&rsquo;essence de lavandin ou d&rsquo;autres produits venant d&rsquo;autres abbayes.<\/p>\n\n\n\n<p class=\"wp-block-paragraph\">Une partie de l&rsquo;abbaye se visite, comme le dortoir des moines de ch\u0153ur, l&rsquo;abbatiale, le clo\u00eetre ou encore la salle capitulaire. Assis sur des gradins, les moines s&rsquo;y r\u00e9unissaient pour lire et commenter les \u00c9critures, recevoir les v\u0153ux des novices, veiller les d\u00e9funts et prendre d&rsquo;importantes d\u00e9cisions.<\/p>\n\n\n\n<h3 class=\"wp-block-heading\">Fl\u00e2nez dans le village m\u00e9di\u00e9val de Bonnieux<\/h3>\n\n\n\n<figure class=\"wp-block-image alignwide size-large\"><img loading=\"lazy\" decoding=\"async\" width=\"1500\" height=\"1000\" src=\"https:\/\/images.winalist.com\/blog\/wp-content\/uploads\/2025\/01\/29121835\/adobestock-520358757-1500x1000.jpeg\" alt=\"- - -\" class=\"wp-image-33543\" title=\"- - -\" srcset=\"https:\/\/images.winalist.com\/blog\/wp-content\/uploads\/2025\/01\/29121835\/adobestock-520358757-1500x1000.jpeg 1500w, https:\/\/images.winalist.com\/blog\/wp-content\/uploads\/2025\/01\/29121835\/adobestock-520358757-600x400.jpeg 600w, https:\/\/images.winalist.com\/blog\/wp-content\/uploads\/2025\/01\/29121835\/adobestock-520358757-768x512.jpeg 768w, https:\/\/images.winalist.com\/blog\/wp-content\/uploads\/2025\/01\/29121835\/adobestock-520358757-1536x1024.jpeg 1536w, https:\/\/images.winalist.com\/blog\/wp-content\/uploads\/2025\/01\/29121835\/adobestock-520358757-1290x860.jpeg 1290w, https:\/\/images.winalist.com\/blog\/wp-content\/uploads\/2025\/01\/29121835\/adobestock-520358757.jpeg 1620w\" sizes=\"(max-width: 1500px) 100vw, 1500px\" \/><\/figure>\n\n\n\n<p class=\"wp-block-paragraph\"><strong>Bonnieux<\/strong>, autre <strong>village perch\u00e9<\/strong> embl\u00e9matique du <strong>Luberon<\/strong>, offre une ambiance <strong>m\u00e9di\u00e9vale<\/strong> charmante. En vous promenant dans ses ruelles en pente, vous d\u00e9couvrirez des monuments tels que l\u2019\u00e9glise Vieille, un \u00e9difice remarquable datant du XIIe si\u00e8cle. La vue sur la vall\u00e9e, avec ses vignes et ses vergers, est tout simplement magique.<\/p>\n\n\n\n<h3 class=\"wp-block-heading\">Admirez le Colorado Proven\u00e7al de Rustrel<\/h3>\n\n\n\n<figure class=\"wp-block-image alignwide size-large\"><img loading=\"lazy\" decoding=\"async\" width=\"1500\" height=\"1000\" src=\"https:\/\/images.winalist.com\/blog\/wp-content\/uploads\/2021\/10\/29125916\/adobestock-8568402-1500x1000.jpeg\" alt=\"- - -\" class=\"wp-image-33559\" title=\"- - -\" srcset=\"https:\/\/images.winalist.com\/blog\/wp-content\/uploads\/2021\/10\/29125916\/adobestock-8568402-1500x1000.jpeg 1500w, https:\/\/images.winalist.com\/blog\/wp-content\/uploads\/2021\/10\/29125916\/adobestock-8568402-600x400.jpeg 600w, https:\/\/images.winalist.com\/blog\/wp-content\/uploads\/2021\/10\/29125916\/adobestock-8568402-768x512.jpeg 768w, https:\/\/images.winalist.com\/blog\/wp-content\/uploads\/2021\/10\/29125916\/adobestock-8568402-1536x1024.jpeg 1536w, https:\/\/images.winalist.com\/blog\/wp-content\/uploads\/2021\/10\/29125916\/adobestock-8568402-1290x860.jpeg 1290w, https:\/\/images.winalist.com\/blog\/wp-content\/uploads\/2021\/10\/29125916\/adobestock-8568402.jpeg 1620w\" sizes=\"(max-width: 1500px) 100vw, 1500px\" \/><\/figure>\n\n\n\n<p class=\"wp-block-paragraph\">Surnomm\u00e9 le <strong>Colorado Proven\u00e7al<\/strong>, le site de <strong>Rustrel<\/strong> est un v\u00e9ritable tr\u00e9sor naturel. Ce paysage grandiose, constitu\u00e9 de falaises, de chemin\u00e9es et de formations d\u2019<strong>ocre<\/strong>, enchante petits et grands. Parcourez les diff\u00e9rents sentiers et immergez-vous dans cette palette de couleurs saisissante o\u00f9 la nature c\u00f4toie les vestiges industriels de l\u2019ancienne exploitation d\u2019<strong>ocre<\/strong>.<\/p>\n\n\n\n<p class=\"wp-block-paragraph\">Nous vous recommandons de faire appel \u00e0 un guide pour visiter le Colorado Proven\u00e7al afin de d\u00e9couvrir ses myst\u00e8res en toute tranquillit\u00e9, tout en respectant les sentiers balis\u00e9s. Rendez-vous \u00e0 <strong>Rustrel<\/strong> pour d\u00e9buter votre visite.<\/p>\n\n\n\n<h3 class=\"wp-block-heading\">Randonn\u00e9e dans les Gorges du R\u00e9galon<\/h3>\n\n\n\n<figure class=\"wp-block-image alignwide size-large\"><img decoding=\"async\" src=\"https:\/\/upload.wikimedia.org\/wikipedia\/commons\/8\/8d\/RK_1809_P1650267_Gorges_de_R%C3%A9galon.jpg\" alt=\"- - -\" title=\"- - -\"><\/figure>\n\n\n\n<p class=\"wp-block-paragraph\">Envie d\u2019aventure au c\u0153ur du <strong>Massif du Luberon<\/strong>? Les <strong>Gorges du R\u00e9galon<\/strong> offrent un parcours de <strong>randonn\u00e9e p\u00e9destre<\/strong> spectaculaire. Entre passages \u00e9troits et paysages impressionnants, cette randonn\u00e9e convient aux amateurs de nature et de sensations.<\/p>\n\n\n\n<h3 class=\"wp-block-heading\">D\u00e9couvrez le Mus\u00e9e de la Lavande \u00e0 Cabri\u00e8res-d\u2019Avignon<\/h3>\n\n\n\n<p class=\"wp-block-paragraph\">Pour approfondir votre connaissance de cette fleure embl\u00e9matique de la r\u00e9gion, rendez-vous au <strong>Mus\u00e9e de la Lavande<\/strong>. Ce mus\u00e9e, situ\u00e9 \u00e0 quelques pas de <strong>Gordes<\/strong>, raconte l\u2019histoire culturelle et \u00e9conomique de la <strong>lavande<\/strong> en <strong>Provence<\/strong>. Un passage id\u00e9al pour comprendre l\u2019importance de cette plante dans la r\u00e9gion.<\/p>\n\n\n\n<h3 class=\"wp-block-heading\">Visitez le Bonisson Art Center<\/h3>\n\n\n\n<figure class=\"wp-block-image alignwide size-large\"><img decoding=\"async\" src=\"https:\/\/media.winalist.com\/prod\/uploads\/MvdXxk_VRIuc.jpg\" alt=\"- - -\" title=\"- - -\"><\/figure>\n\n\n\n<p class=\"wp-block-paragraph\">D\u00e9couvrer le Ch\u00e2teau Bonisson, Domaine Viticole bio dans le vignoble d\u2019Aix-en-Provence. Un lieu extraordinaire au c\u0153ur du vignoble o\u00f9 vous pourrez non seulement visiter le Bonisson Art Center, centre d\u2019art contemporain mais \u00e9galement d\u00e9guster les vins du domaine. De quoi allier l&rsquo;utile \u00e0 l&rsquo;agr\u00e9able. <\/p>\n\n\n\n<div id=\"winalist-partner-widget-t8fsp8s22o\" class=\"winalist-partner-widget\" data-host-id=\"1276\" data-host-slug=\"chateau-bonisson\" data-host-name=\"Ch\u00e2teau Bonisson\" data-utms=\"utm_source=blog&#038;utm_medium=blog&#038;utm_campaign=affiliatewidget\"><\/div>\n        <script type=\"application\/javascript\">\n          var winalistWidget = document.getElementById('winalist-partner-widget-t8fsp8s22o');\n          var i = document.createElement(\"iframe\");\n          i.style.border = \"none\";\n          i.style.width = \"100%\";\n          i.style.minHeight = \"550px\";i.setAttribute(\"src\", \"https:\/\/www.winalist.fr\/w\/embed?partner=14&type=experiences-slider&slider_type=host&host_id=1276&locale=fr_FR&activity_id=any&display_title=yes\");\n          if(winalistWidget) winalistWidget.prepend(i);\n        <\/script>\n        <script type=\"application\/javascript\" src=\"https:\/\/cdn.winalist.com\/widget\/affiliate-widget-config.min.js\"><\/script>\n\n\n\n<h3 class=\"wp-block-heading\">Marchez dans la For\u00eat des C\u00e8dres du Luberon<\/h3>\n\n\n\n<figure class=\"wp-block-image alignwide size-large\"><img loading=\"lazy\" decoding=\"async\" width=\"1500\" height=\"1000\" src=\"https:\/\/images.winalist.com\/blog\/wp-content\/uploads\/2021\/10\/29130908\/adobestock-547621639-1500x1000.jpeg\" alt=\"- - -\" class=\"wp-image-33562\" title=\"- - -\" srcset=\"https:\/\/images.winalist.com\/blog\/wp-content\/uploads\/2021\/10\/29130908\/adobestock-547621639-1500x1000.jpeg 1500w, https:\/\/images.winalist.com\/blog\/wp-content\/uploads\/2021\/10\/29130908\/adobestock-547621639-600x400.jpeg 600w, https:\/\/images.winalist.com\/blog\/wp-content\/uploads\/2021\/10\/29130908\/adobestock-547621639-768x512.jpeg 768w, https:\/\/images.winalist.com\/blog\/wp-content\/uploads\/2021\/10\/29130908\/adobestock-547621639-1536x1024.jpeg 1536w, https:\/\/images.winalist.com\/blog\/wp-content\/uploads\/2021\/10\/29130908\/adobestock-547621639-1290x860.jpeg 1290w, https:\/\/images.winalist.com\/blog\/wp-content\/uploads\/2021\/10\/29130908\/adobestock-547621639.jpeg 1620w\" sizes=\"(max-width: 1500px) 100vw, 1500px\" \/><\/figure>\n\n\n\n<p class=\"wp-block-paragraph\">Pour les amoureux de la nature, la <strong>For\u00eat des c\u00e8dres<\/strong>, situ\u00e9e sur les hauteurs de Bonnieux, est un endroit id\u00e9al pour une balade d\u00e9paysante. Offrant des vues panoramiques sur le <strong>Luberon<\/strong> et les <strong>monts de Vaucluse<\/strong>, ce lieu invite \u00e0 la d\u00e9tente et \u00e0 l\u2019\u00e9vasion au c\u0153ur des pins et des c\u00e8dres centenaires.<\/p>\n\n\n\n<h3 class=\"wp-block-heading\">Explorer les Mines de Bruoux<\/h3>\n\n\n\n<figure class=\"wp-block-image alignwide size-large\"><img loading=\"lazy\" decoding=\"async\" width=\"1500\" height=\"1034\" src=\"https:\/\/images.winalist.com\/blog\/wp-content\/uploads\/2021\/10\/29125730\/adobestock-219876647-1500x1034.jpeg\" alt=\"- - -\" class=\"wp-image-33558\" title=\"- - -\" srcset=\"https:\/\/images.winalist.com\/blog\/wp-content\/uploads\/2021\/10\/29125730\/adobestock-219876647-1500x1034.jpeg 1500w, https:\/\/images.winalist.com\/blog\/wp-content\/uploads\/2021\/10\/29125730\/adobestock-219876647-600x414.jpeg 600w, https:\/\/images.winalist.com\/blog\/wp-content\/uploads\/2021\/10\/29125730\/adobestock-219876647-768x529.jpeg 768w, https:\/\/images.winalist.com\/blog\/wp-content\/uploads\/2021\/10\/29125730\/adobestock-219876647-1536x1059.jpeg 1536w, https:\/\/images.winalist.com\/blog\/wp-content\/uploads\/2021\/10\/29125730\/adobestock-219876647-1290x889.jpeg 1290w, https:\/\/images.winalist.com\/blog\/wp-content\/uploads\/2021\/10\/29125730\/adobestock-219876647.jpeg 1567w\" sizes=\"(max-width: 1500px) 100vw, 1500px\" \/><\/figure>\n\n\n\n<p class=\"wp-block-paragraph\">Ce site unique en Europe va vous d\u00e9payser et vous plonger dans un immense labyrinthe de galeries creus\u00e9es dans l&rsquo;ocre. Vestige de l&rsquo;industrie ocri\u00e8re du Luberon, ce site comprend un parcours int\u00e9ressant qui montre et explique pourquoi ces mines furent une richesse industrielle, mais \u00e9galement g\u00e9ologique dans la r\u00e9gion.<\/p>\n\n\n\n<p class=\"wp-block-paragraph\">C&rsquo;est un t\u00e9moignage grandeur nature de l&rsquo;\u00e9poque industrielle, qui durant plus d&rsquo;un si\u00e8cle, anima ce coin de Provence fa\u00e7onn\u00e9 par ceux qui exploit\u00e8rent l&rsquo;ocre durant des dizaines d&rsquo;ann\u00e9es. Aujourd\u2019hui, la Soci\u00e9t\u00e9 des Ocres de France, bas\u00e9e \u00e0 Apt, exploite la derni\u00e8re carri\u00e8re d\u2019ocre \u00e0 ciel ouvert d\u2019Europe. Elle se situe \u00e0 Gargas.<\/p>\n\n\n\n<h3 class=\"wp-block-heading\">Le Ch\u00e2teau de Lacoste (Ch\u00e2teau du Marquis de Sade)<\/h3>\n\n\n\n<figure class=\"wp-block-image is-resized alignnone wp-image-12313 size-full\"><img loading=\"lazy\" decoding=\"async\" width=\"960\" height=\"1280\" src=\"https:\/\/www.winalist.com\/blog\/wp-content\/uploads\/2021\/05\/chateau-luberon.jpg\" alt=\"- - -\" class=\"wp-image-12313\" style=\"width:780px;height:auto\" title=\"- - -\" srcset=\"https:\/\/images.winalist.com\/blog\/wp-content\/uploads\/2021\/05\/26144331\/chateau-luberon.jpg 960w, https:\/\/images.winalist.com\/blog\/wp-content\/uploads\/2021\/05\/26144331\/chateau-luberon-225x300.jpg 225w, https:\/\/images.winalist.com\/blog\/wp-content\/uploads\/2021\/05\/26144331\/chateau-luberon-768x1024.jpg 768w, https:\/\/images.winalist.com\/blog\/wp-content\/uploads\/2021\/05\/26144331\/chateau-luberon-810x1080.jpg 810w, https:\/\/images.winalist.com\/blog\/wp-content\/uploads\/2021\/05\/26144331\/chateau-luberon-370x493.jpg 370w, https:\/\/images.winalist.com\/blog\/wp-content\/uploads\/2021\/05\/26144331\/chateau-luberon-800x1067.jpg 800w, https:\/\/images.winalist.com\/blog\/wp-content\/uploads\/2021\/05\/26144331\/chateau-luberon-185x247.jpg 185w, https:\/\/images.winalist.com\/blog\/wp-content\/uploads\/2021\/05\/26144331\/chateau-luberon-740x987.jpg 740w, https:\/\/images.winalist.com\/blog\/wp-content\/uploads\/2021\/05\/26144331\/chateau-luberon-20x27.jpg 20w, https:\/\/images.winalist.com\/blog\/wp-content\/uploads\/2021\/05\/26144331\/chateau-luberon-400x533.jpg 400w, https:\/\/images.winalist.com\/blog\/wp-content\/uploads\/2021\/05\/26144331\/chateau-luberon-36x48.jpg 36w\" sizes=\"(max-width: 960px) 100vw, 960px\" \/><\/figure>\n\n\n\n<p class=\"wp-block-paragraph\"><\/p>\n\n\n\n<p class=\"wp-block-paragraph\">Ce ch\u00e2teau m\u00e9di\u00e9val du Luberon, class\u00e9 Monument Historique, fut construit au d\u00e9but du XI\u00e8me si\u00e8cle par la riche famille proven\u00e7ale des Simiane. C&rsquo;est aujourd&rsquo;hui la propri\u00e9t\u00e9 du couturier Pierre Cardin. On peut le visiter de Juin \u00e0 Septembre.<\/p>\n\n\n\n<p class=\"wp-block-paragraph\">Il fut \u00e9galement la propri\u00e9t\u00e9 du Marquis de Sade qui y trouva refuge \u00e0 plusieurs reprises. Ses appartements sont encore visibles. Depuis la terrasse, un panorama grandiose sur la vall\u00e9e du Calavon avec les Alpes en fond vous \u00e9merveillera sans aucun doute.<\/p>\n\n\n\n<p class=\"wp-block-paragraph\">Le ch\u00e2teau se compose d\u2019une grande cour d\u2019accueil, d&rsquo;un th\u00e9\u00e2tre en plein air de 1000 places et d&rsquo;une salle pouvant accueillir&nbsp; jusqu\u2019\u00e0 1600 personnes debout. L&rsquo;\u00e9t\u00e9, le Festival de Lacoste propose de nombreux spectacles de musique, d&rsquo;op\u00e9ra, de th\u00e9\u00e2tre et de danse.<\/p>\n\n\n\n<h3 class=\"wp-block-heading\">Balade en vigne et pique-nique<\/h3>\n\n\n\n<figure class=\"wp-block-image alignwide size-large\"><img decoding=\"async\" src=\"https:\/\/media.winalist.com\/prod\/uploads\/bXUiAlv_wOYd.jpeg\" alt=\"- - -\" title=\"- - -\"><\/figure>\n\n\n\n<p class=\"wp-block-paragraph\">D\u00e9couvrez le&nbsp;<strong>Domaine De Fontenille<\/strong>, une oasis en plein c\u0153ur de la nature proven\u00e7ale o\u00f9 le temps ralentit pour permettre une savoureuse immersion. Partez \u00e0 la d\u00e9couverte du vignoble, des c\u00e9pages et du terroir du domaine en empruntant un sentier \u00e0 travers les vignes. Visitez le chai de vinification pour comprendre comment les c\u00e9pages sont transform\u00e9s en vin et d\u00e9gustez les cuv\u00e9es \u00e0 l\u2019ombre d\u2019un olivier avec un pique-nique du vigneron !<br><\/p>\n\n\n\n<div id=\"winalist-partner-widget-7ywi97rnbq7\" class=\"winalist-partner-widget\" data-host-id=\"547\" data-host-slug=\"domaine-de-fontenille\" data-host-name=\"Domaine De Fontenille\" data-utms=\"utm_source=blog&#038;utm_medium=blog&#038;utm_campaign=affiliatewidget\"><\/div>\n        <script type=\"application\/javascript\">\n          var winalistWidget = document.getElementById('winalist-partner-widget-7ywi97rnbq7');\n          var i = document.createElement(\"iframe\");\n          i.style.border = \"none\";\n          i.style.width = \"100%\";\n          i.style.minHeight = \"550px\";i.setAttribute(\"src\", \"https:\/\/www.winalist.fr\/w\/embed?partner=14&type=experiences-slider&slider_type=host&host_id=547&locale=fr_FR&activity_id=any&display_title=yes\");\n          if(winalistWidget) winalistWidget.prepend(i);\n        <\/script>\n        <script type=\"application\/javascript\" src=\"https:\/\/cdn.winalist.com\/widget\/affiliate-widget-config.min.js\"><\/script>\n\n\n\n<p class=\"wp-block-paragraph\"><\/p>\n\n\n\n<h3 class=\"wp-block-heading\">Partir \u00e0 la d\u00e9couverte du vignoble du Luberon<\/h3>\n\n\n\n<figure class=\"wp-block-image alignwide size-large\"><img loading=\"lazy\" decoding=\"async\" width=\"1500\" height=\"998\" src=\"https:\/\/www.winalist.com\/blog\/wp-content\/uploads\/2024\/02\/AdobeStock_526182239-1500x998.jpeg\" alt=\"- - -\" class=\"wp-image-27558\" title=\"- - -\" srcset=\"https:\/\/images.winalist.com\/blog\/wp-content\/uploads\/2024\/02\/08155922\/AdobeStock_526182239-1500x998.jpeg 1500w, https:\/\/images.winalist.com\/blog\/wp-content\/uploads\/2024\/02\/08155922\/AdobeStock_526182239-600x399.jpeg 600w, https:\/\/images.winalist.com\/blog\/wp-content\/uploads\/2024\/02\/08155922\/AdobeStock_526182239-768x511.jpeg 768w, https:\/\/images.winalist.com\/blog\/wp-content\/uploads\/2024\/02\/08155922\/AdobeStock_526182239-1536x1022.jpeg 1536w, https:\/\/images.winalist.com\/blog\/wp-content\/uploads\/2024\/02\/08155922\/AdobeStock_526182239-1290x858.jpeg 1290w, https:\/\/images.winalist.com\/blog\/wp-content\/uploads\/2024\/02\/08155922\/AdobeStock_526182239.jpeg 1623w\" sizes=\"(max-width: 1500px) 100vw, 1500px\" \/><\/figure>\n\n\n\n<p class=\"wp-block-paragraph\"><\/p>\n\n\n\n<p class=\"wp-block-paragraph\">L\u2019Appellation d\u2019Origine Contr\u00f4l\u00e9e Luberon est n\u00e9e en 1988.&nbsp;Mais l\u2019histoire de la viticulture dans le Luberon remonte \u00e0 l\u2019Antiquit\u00e9. Les vignes qui poussent ici sont les h\u00e9riti\u00e8res de deux mille ans de culture. Ici, la gastronomie et le vin sont une vraie institution. Soucieux de partager leur histoire, leurs traditions et leur culture, les viticulteurs du Luberon et partenaires de Winalist vous accueillent pour un moment privil\u00e9gi\u00e9. N&rsquo;h\u00e9sitez pas \u00e0 profiter d&rsquo;un circuit \u0153nologique qui m\u00eale plaisir, apprentissage et tourisme.<\/p>\n\n\n\n<p class=\"wp-block-paragraph\">D\u00e9couvrez nos guides pour vous lancer dans la <a href=\"https:\/\/www.winalist.fr\/blog\/france\/provence\/la-route-des-vins-de-provence\">route des vins de Provence<\/a> et notre s\u00e9lection des <a href=\"https:\/\/www.winalist.fr\/regions\/provence\">plus beaux vignobles en Provence<\/a> \u00e0 visiter ci-dessous : <\/p>\n\n\n\n<p class=\"wp-block-paragraph\"><\/p>\n\n\n\n<div id=\"winalist-partner-widget-xylamlnfrmb\" class=\"winalist-partner-widget\" data-utms=\"utm_source=blog&#038;utm_medium=blog&#038;utm_campaign=affiliatewidget\"><\/div>\n        <script type=\"application\/javascript\">\n          var winalistWidget = document.getElementById('winalist-partner-widget-xylamlnfrmb');\n          var i = document.createElement(\"iframe\");\n          i.style.border = \"none\";\n          i.style.width = \"100%\";\n          i.style.minHeight = \"550px\";i.setAttribute(\"src\", \"https:\/\/www.winalist.fr\/w\/embed?partner=14&type=experiences-slider&slider_type=location&appellation_id=375&locale=fr_FR&activity_id=any&display_title=yes\");\n          if(winalistWidget) winalistWidget.prepend(i);\n        <\/script>\n        <script type=\"application\/javascript\" src=\"https:\/\/cdn.winalist.com\/widget\/affiliate-widget-config.min.js\"><\/script>\n\n\n\n<p class=\"wp-block-paragraph\"><\/p>\n\n\n\n<h3 class=\"wp-block-heading\">Visiter l&rsquo;usine de L&rsquo;occitane en Provence<\/h3>\n\n\n\n<figure class=\"wp-block-image alignwide size-large\"><img decoding=\"async\" src=\"https:\/\/upload.wikimedia.org\/wikipedia\/commons\/0\/08\/L%27Occitane_en_Provence%2C_shop_in_Omotesando.JPG\" alt=\"- - -\" title=\"- - -\"><\/figure>\n\n\n\n<p class=\"wp-block-paragraph\"><\/p>\n\n\n\n<p class=\"wp-block-paragraph\">N\u00e9e \u00e0 Volxn, en Provence, la marque l&rsquo;Occitane en Provence est aujourd&rsquo;hui un groupe de 9000 salari\u00e9s r\u00e9partis dans plus de 1600 boutiques dans 90 pays autour du globe. C&rsquo;est donc un monument de la cosm\u00e9tique, connu partout dans le monde.<\/p>\n\n\n\n<p class=\"wp-block-paragraph\">Une visite tr\u00e8s int\u00e9ressante de l&rsquo;usine est ouverte au public \u00e0 Manosque. L&rsquo;accueil du personnel est tr\u00e8s agr\u00e9able. Les guides vous montrent comment sont produits les cosm\u00e9tiques haut de gamme de la marque L&rsquo;Occitane.<\/p>\n\n\n\n<p class=\"wp-block-paragraph\">Ludique et adapt\u00e9e \u00e0 tous les \u00e2ges, cette visite est l&rsquo;occasion de d\u00e9couvrir une v\u00e9ritable success story proven\u00e7ale.<\/p>\n\n\n\n<h2 class=\"wp-block-heading\">Bon \u00e0 savoir pour visiter le Luberon<\/h2>\n\n\n<div id=\"rank-math-faq\" class=\"rank-math-block\">\n<div class=\"rank-math-list \">\n<div id=\"faq-question-8924710021\" class=\"rank-math-list-item\">\n<h3 class=\"rank-math-question \">Quels sont les villages incontournables \u00e0 visiter dans le Luberon ?<\/h3>\n<div class=\"rank-math-answer \">\n\n<p>Le Luberon regorge de villages pittoresques \u00e0 ne pas manquer. Parmi les incontournables, on trouve :<\/p>\n<ul>\n<li><strong>Gordes<\/strong> : Class\u00e9 parmi les plus beaux villages de France, avec ses maisons en pierre et son ch\u00e2teau impressionnant.<\/li>\n<li><strong>Roussillon<\/strong> : R\u00e9put\u00e9 pour ses incroyables falaises d\u2019ocre et ses paysages color\u00e9s.<\/li>\n<li><strong>Lourmarin<\/strong> : Connu pour son ch\u00e2teau Renaissance et son ambiance culturelle.<\/li>\n<li><strong>Bonnieux<\/strong> : Offrant des vues panoramiques spectaculaires du massif du Luberon.<\/li>\n<li><strong>M\u00e9n\u00e9rbes<\/strong> : Un charmant village perch\u00e9 charg\u00e9 d\u2019histoire.<\/li>\n<\/ul>\n\n<\/div>\n<\/div>\n<div id=\"faq-question-2357640912\" class=\"rank-math-list-item\">\n<h3 class=\"rank-math-question \">Combien de jours faut-il pr\u00e9voir pour visiter le Luberon ?<\/h3>\n<div class=\"rank-math-answer \">\n\n<p>Un s\u00e9jour id\u00e9al dans le Luberon peut durer entre 3 \u00e0 5 jours. Cela vous permettra de visiter les villages incontournables, de profiter des paysages naturels splendides, et de savourer la culture locale. Cependant, pour explorer la r\u00e9gion de mani\u00e8re approfondie, une semaine enti\u00e8re serait parfaite.<\/p>\n\n<\/div>\n<\/div>\n<div id=\"faq-question-3871905423\" class=\"rank-math-list-item\">\n<h3 class=\"rank-math-question \">Quelle est la meilleure p\u00e9riode pour visiter le Luberon ?<\/h3>\n<div class=\"rank-math-answer \">\n\n<p>La meilleure p\u00e9riode pour visiter le Luberon se situe au printemps (avril \u00e0 juin) et \u00e0 l\u2019automne (septembre \u00e0 octobre). Le climat est doux, les paysages sont magnifiques, et les lieux touristiques sont moins fr\u00e9quent\u00e9s. En \u00e9t\u00e9, bien que les champs de lavande soient en pleine floraison, les temp\u00e9ratures \u00e9lev\u00e9es et l\u2019affluence peuvent rendre la visite plus \u00e9prouvante.<\/p>\n\n<\/div>\n<\/div>\n<div id=\"faq-question-5962078134\" class=\"rank-math-list-item\">\n<h3 class=\"rank-math-question \">O\u00f9 se loger pour visiter le Luberon ?<\/h3>\n<div class=\"rank-math-answer \">\n\n<p>Voici quelques suggestions d\u2019h\u00e9bergements selon votre budget :<\/p>\n<ul>\n<li><strong>La Bastide de Gordes<\/strong> (Gordes) : Un h\u00f4tel luxueux avec une vue \u00e0 couper le souffle.<\/li>\n<li><strong>Le Domaine de Capelongue<\/strong> (Bonnieux) : Une escapade raffin\u00e9e avec un restaurant \u00e9toil\u00e9.<\/li>\n<li><strong>H\u00f4tel Le Clos du Buis<\/strong> (Bonnieux) : Un bel endroit convivial et abordable.<\/li>\n<li><strong>Chambres d\u2019h\u00f4tes de charme<\/strong> : Disponibles dans presque tous les villages pour une immersion authentique.<\/li>\n<\/ul>\n\n<\/div>\n<\/div>\n<div id=\"faq-question-4017259683\" class=\"rank-math-list-item\">\n<h3 class=\"rank-math-question \">Quels sont les sites naturels \u00e0 d\u00e9couvrir dans le Luberon ?<\/h3>\n<div class=\"rank-math-answer \">\n\n<ul>\n<li><strong>Le Colorado Proven\u00e7al<\/strong> : Un site aux allures de d\u00e9sert am\u00e9ricain avec ses teintes orang\u00e9es et ses sentiers de randonn\u00e9e.<\/li>\n<li><strong>Le sentier des Ocres \u00e0 Roussillon<\/strong> : Une promenade magique au c\u0153ur des formations d\u2019ocre.<\/li>\n<li><strong>Le Plateau de Clapar\u00e8des<\/strong> : Parfait pour admirer les champs de lavande l\u2019\u00e9t\u00e9.<\/li>\n<li><strong>La For\u00eat des C\u00e8dres<\/strong> : Id\u00e9ale pour une randonn\u00e9e \u00e0 l\u2019ombre des c\u00e8dres centenaires.<\/li>\n<\/ul>\n\n<\/div>\n<\/div>\n<div id=\"faq-question-7569083214\" class=\"rank-math-list-item\">\n<h3 class=\"rank-math-question \">Comment visiter le Luberon en camping-car ?<\/h3>\n<div class=\"rank-math-answer \">\n\n<p>Le Luberon est un excellent choix pour voyager en camping-car. Plusieurs aires d\u2019accueil sont bien situ\u00e9es, comme \u00e0 Gordes, Bonnieux et Lourmarin. Il est conseill\u00e9 de planifier votre itin\u00e9raire en avance et d\u2019\u00e9viter les routes trop \u00e9troites dans certains villages perch\u00e9s. Pr\u00e9parez-vous \u00e9galement \u00e0 des parkings payants pr\u00e8s des sites touristiques les plus populaires.<\/p>\n\n<\/div>\n<\/div>\n<div id=\"faq-question-1835027645\" class=\"rank-math-list-item\">\n<h3 class=\"rank-math-question \">O\u00f9 peut-on d\u00e9guster la cuisine locale dans le Luberon ?<\/h3>\n<div class=\"rank-math-answer \">\n\n<p>Pour d\u00e9couvrir la gastronomie proven\u00e7ale, voici quelques excellentes adresses :<\/p>\n<ul>\n<li><strong>La Table de Xavier Mathieu<\/strong> (Joucas) : Un restaurant gastronomique avec une cuisine subtile et raffin\u00e9e.<\/li>\n<li><strong>Le Mas des Herbes Blanches<\/strong> (Joucas) : Une exp\u00e9rience culinaire \u00e9toil\u00e9e avec une vue magnifique.<\/li>\n<li><strong>Le Caf\u00e9 de la Fontaine<\/strong> (Cucuron) : Id\u00e9al pour savourer des plats locaux authentiques.<\/li>\n<li><strong>Auberge de la Loube<\/strong> (Buoux) : Connu pour ses saveurs proven\u00e7ales et sa charmante ambiance rustique.<\/li>\n<\/ul>\n\n<\/div>\n<\/div>\n<div id=\"faq-question-5627834910\" class=\"rank-math-list-item\">\n<h3 class=\"rank-math-question \">Que faut-il absolument voir dans le Luberon ?<\/h3>\n<div class=\"rank-math-answer \">\n\n<p>En plus des villages perch\u00e9s, il y a des lieux incontournables :<\/p>\n<ul>\n<li><strong>L\u2019Abbaye de S\u00e9nanque<\/strong> : Entour\u00e9e de champs de lavande, c\u2019est un site embl\u00e9matique de la r\u00e9gion.<\/li>\n<li><strong>Le Mus\u00e9e de l\u2019Aventure Industrielle<\/strong> (Apt) : Un mus\u00e9e historique fascinant.<\/li>\n<li><strong>Le Fort de Buoux<\/strong> : Une forteresse m\u00e9di\u00e9vale nich\u00e9e dans la nature.<\/li>\n<\/ul>\n\n<\/div>\n<\/div>\n<div id=\"faq-question-1946275803\" class=\"rank-math-list-item\">\n<h3 class=\"rank-math-question \">Quels sont les meilleurs march\u00e9s \u00e0 visiter dans le Luberon ?<\/h3>\n<div class=\"rank-math-answer \">\n\n<p>Les march\u00e9s proven\u00e7aux sont un r\u00e9gal pour les sens. Ne manquez pas :<\/p>\n<ul>\n<li><strong>Le march\u00e9 d\u2019Apt<\/strong> (samedi matin) : Id\u00e9al pour acheter des produits locaux et artisanaux.<\/li>\n<li><strong>Le march\u00e9 de Lourmarin<\/strong> (vendredi matin) : Authentique et charmant.<\/li>\n<li><strong>Le march\u00e9 de Coustellet<\/strong> (dimanche matin) : Parfait pour les produits bio et r\u00e9gionaux.<\/li>\n<\/ul>\n\n<\/div>\n<\/div>\n<div id=\"faq-question-8743269501\" class=\"rank-math-list-item\">\n<h3 class=\"rank-math-question \">Qu\u2019est-ce que le &lsquo;soleil&rsquo; repr\u00e9sente dans le Luberon ?<\/h3>\n<div class=\"rank-math-answer \">\n\n<p>Dans le Luberon, &lsquo;le soleil&rsquo; ne signifie pas seulement le climat ensoleill\u00e9 de la Provence, mais aussi un style de vie relaxant o\u00f9 la nature, la gastronomie, et les traditions locales s\u2019harmonisent avec le rythme doux de la r\u00e9gion. Vous ressentirez cette ambiance unique en d\u00e9ambulant dans les villages, en savourant un repas en terrasse, ou simplement en admirant les paysages baign\u00e9s de lumi\u00e8re.<\/p>\n\n<\/div>\n<\/div>\n<div id=\"faq-question-1738151528328\" class=\"rank-math-list-item\">\n<h3 class=\"rank-math-question \">O\u00f9 se baigner dans le Luberon ?<\/h3>\n<div class=\"rank-math-answer \">\n\n<p>Au nord de Cucuron, l\u2019\u00e9tang est un site id\u00e9al pour se d\u00e9tendre et se rafra\u00eechir au plus chaud de l\u2019\u00e9t\u00e9. Au pied du Mourre N\u00e8gre, l\u2019\u00e9tang de la Bonde est aussi un endroit agr\u00e9able pour les baignades.<\/p>\n\n<\/div>\n<\/div>\n<div id=\"faq-question-1738151538592\" class=\"rank-math-list-item\">\n<h3 class=\"rank-math-question \">Quelle est la capitale du Luberon ?<\/h3>\n<div class=\"rank-math-answer \">\n\n<p>Situ\u00e9e au c\u0153ur du Luberon au pied du versant nord du massif, Apt s&rsquo;impose comme une capitale. Connue pour ses sp\u00e9cialit\u00e9s gastronomiques, la ville d&rsquo;Apt est class\u00e9e Site remarquable du go\u00fbt.<\/p>\n\n<\/div>\n<\/div>\n<div id=\"faq-question-1738151558894\" class=\"rank-math-list-item\">\n<h3 class=\"rank-math-question \">Quand visiter le Luberon ?<\/h3>\n<div class=\"rank-math-answer \">\n\n<p>D\u2019un point de vue m\u00e9t\u00e9o, il est pr\u00e9f\u00e9rable de d\u00e9couvrir le Luberon entre mi-avril et mi-octobre. Ce sont les p\u00e9riodes les plus cl\u00e9mentes niveau m\u00e9t\u00e9o. Et les paysages sont aussi plus beaux avec le v\u00e9g\u00e9tation pr\u00e9sente du printemps \u00e0 l\u2019automne.<br \/>Concernant la fr\u00e9quentation, si vous avez la possibilit\u00e9 d\u2019\u00e9viter juillet et ao\u00fbt, c\u2019est \u00e0 mon avis pr\u00e9f\u00e9rable. La fr\u00e9quentation y est alors tr\u00e8s importante. Les villages les plus connus comme Gordes ou Lourmarin sont pris d\u2019assaut ! Et les tarifs des h\u00e9bergements grimpent \u00e9galement.<\/p>\n\n<\/div>\n<\/div>\n<div id=\"faq-question-1738152698902\" class=\"rank-math-list-item\">\n<h3 class=\"rank-math-question \">Comment se rendre dans le Luberon ?<\/h3>\n<div class=\"rank-math-answer \">\n\n<p>La voiture est le moyen de transport \u00e0 privil\u00e9gier pour se rendre dans le Luberon. Bien que ce Parc Naturel r\u00e9gional soit situ\u00e9 assez proche de grandes villes et \u00e0 proximit\u00e9 des domaines viticoles d&rsquo;Aix-en-Provence ou d&rsquo;Avignon, les transports en commun n&rsquo;y sont pas extr\u00eamement d\u00e9velopp\u00e9s. Vous trouverez tout de m\u00eame des TER qui vous m\u00e8neront jusqu&rsquo;\u00e0 Manosque ou \u00e0 Cavaillon.<br \/>Si vous souhaitez vous rapprocher le plus possible en train du massif du Luberon, commencez par vous rendre \u00e0 Aix ou Avignon, o\u00f9 vous pourrez ensuite louer un v\u00e9hicule pour vous d\u00e9placer facilement.<\/p>\n\n<\/div>\n<\/div>\n<\/div>\n<\/div>","protected":false},"excerpt":{"rendered":"<p>Nich\u00e9 au c\u0153ur de la Provence, le Luberon vous promet une v\u00e9ritable immersion dans l\u2019un des plus pittoresques massifs de France. Avec ses villages perch\u00e9s class\u00e9s parmi les plus beaux villages de France, ses champs de lavande envo\u00fbtants, ses paysages d\u2019ocre \u00e9poustouflants et ses monuments historiques remarquables, cette r\u00e9gion est un v\u00e9ritable \u00e9crin de biodiversit\u00e9 &hellip; <\/p>\n","protected":false},"author":12,"featured_media":17433,"comment_status":"open","ping_status":"open","sticky":false,"template":"","format":"standard","meta":{"_acf_changed":false,"_eb_attr":"","_tripp_layout":"","winalist_lat":"","winalist_lng":"","winalist_map_hide":"","_tripp_review":[],"_tripp_coupon":[],"footnotes":""},"categories":[663],"tags":[2371,909,147,191,2341],"destination":[],"class_list":["post-12302","post","type-post","status-publish","format-standard","has-post-thumbnail","hentry","category-provence","tag-gastronomie-provencale","tag-newsletter2","tag-oenologie","tag-provence","tag-randonnee","entry"],"acf":{"winalist_tldr_title":"","winalist_tldr_time":"","winalist_tldr_top":"","winalist_tldr_budget":"","winalist_tldr_period":"","winalist_tldr_transport":"","winalist_tldr_custom":null,"winalist_tldr_cta_text":"","winalist_tldr_cta_url":"","winalist_tips_enabled":true,"winalist_tips_list":null},"_links":{"self":[{"href":"https:\/\/www.winalist.fr\/blog\/wp-json\/wp\/v2\/posts\/12302","targetHints":{"allow":["GET"]}}],"collection":[{"href":"https:\/\/www.winalist.fr\/blog\/wp-json\/wp\/v2\/posts"}],"about":[{"href":"https:\/\/www.winalist.fr\/blog\/wp-json\/wp\/v2\/types\/post"}],"author":[{"embeddable":true,"href":"https:\/\/www.winalist.fr\/blog\/wp-json\/wp\/v2\/users\/12"}],"replies":[{"embeddable":true,"href":"https:\/\/www.winalist.fr\/blog\/wp-json\/wp\/v2\/comments?post=12302"}],"version-history":[{"count":2,"href":"https:\/\/www.winalist.fr\/blog\/wp-json\/wp\/v2\/posts\/12302\/revisions"}],"predecessor-version":[{"id":59682,"href":"https:\/\/www.winalist.fr\/blog\/wp-json\/wp\/v2\/posts\/12302\/revisions\/59682"}],"wp:featuredmedia":[{"embeddable":true,"href":"https:\/\/www.winalist.fr\/blog\/wp-json\/wp\/v2\/media\/17433"}],"wp:attachment":[{"href":"https:\/\/www.winalist.fr\/blog\/wp-json\/wp\/v2\/media?parent=12302"}],"wp:term":[{"taxonomy":"category","embeddable":true,"href":"https:\/\/www.winalist.fr\/blog\/wp-json\/wp\/v2\/categories?post=12302"},{"taxonomy":"post_tag","embeddable":true,"href":"https:\/\/www.winalist.fr\/blog\/wp-json\/wp\/v2\/tags?post=12302"},{"taxonomy":"destination","embeddable":true,"href":"https:\/\/www.winalist.fr\/blog\/wp-json\/wp\/v2\/destination?post=12302"}],"curies":[{"name":"wp","href":"https:\/\/api.w.org\/{rel}","templated":true}]}}