{"id":12165,"date":"2021-10-19T13:57:00","date_gmt":"2021-10-19T11:57:00","guid":{"rendered":"https:\/\/www.winalist.fr\/blog?p=12165"},"modified":"2026-08-20T12:10:47","modified_gmt":"2026-08-20T10:10:47","slug":"visiter-albi","status":"publish","type":"post","link":"https:\/\/www.winalist.fr\/blog\/france\/sud-ouest\/visiter-albi","title":{"rendered":"Visiter Albi : Les Incontournables \u00e0 D\u00e9couvrir"},"content":{"rendered":"\n<p class=\"wp-block-paragraph\">Albi, perle du Tarn, est une destination qui \u00e9veille les sens et enrichit l\u2019\u00e2me gr\u00e2ce \u00e0 son riche patrimoine naturel, culturel et architectural. Inscrite au patrimoine mondial de <strong>l\u2019UNESCO<\/strong>, la ville de brique rouge s\u00e9duit par sa jolie Cit\u00e9 \u00e9piscopale, sa majestueuse Cath\u00e9drale Sainte-C\u00e9cile d&rsquo;Albi, et ses berges du Tarn. Que vous soyez passionn\u00e9 par l\u2019histoire, l\u2019art ou la gastronomie, Albi promet une merveilleuse visite qui ne vous laissera pas indiff\u00e9rent. Suivez le guide pour explorer cette destination incontournable du patrimoine mondial.<\/p>\n\n\n\n<p class=\"wp-block-paragraph\"><\/p>\n\n\n\n<h2 id=\"visiter-albi-quelles-sont-les-meilleures-choses-a-faire-et-voir-durant-un-sejour-dans-la-cite-emblematique-du-catharisme\" class=\"wp-block-heading\">Visiter Albi : Les meilleures choses \u00e0 faire<\/h2>\n\n\n\n<p class=\"wp-block-paragraph\">\u00c9rig\u00e9e en v\u00e9ritable forteresse, la cath\u00e9drale en briques rouges d&rsquo;Albi sera probablement le point de d\u00e9part de votre visite. Apr\u00e8s avoir d\u00e9couvert les points d&rsquo;int\u00e9r\u00eats essentiels \u00e0 Albi, nous vous guiderons dans la d\u00e9couverte du terroir de la r\u00e9gion.<\/p>\n\n\n\n<h3 class=\"wp-block-heading\">Explorer le Palais de la Berbie et ses Jardins<\/h3>\n\n\n\n<figure class=\"wp-block-image alignwide size-large\"><img fetchpriority=\"high\" decoding=\"async\" width=\"1500\" height=\"923\" src=\"https:\/\/images.winalist.com\/blog\/wp-content\/uploads\/2021\/10\/17101201\/adobestock-36910111-1500x923.jpeg\" alt=\"- - -\" class=\"wp-image-33142\" title=\"- - -\" srcset=\"https:\/\/images.winalist.com\/blog\/wp-content\/uploads\/2021\/10\/17101201\/adobestock-36910111-1500x923.jpeg 1500w, https:\/\/images.winalist.com\/blog\/wp-content\/uploads\/2021\/10\/17101201\/adobestock-36910111-600x369.jpeg 600w, https:\/\/images.winalist.com\/blog\/wp-content\/uploads\/2021\/10\/17101201\/adobestock-36910111-768x472.jpeg 768w, https:\/\/images.winalist.com\/blog\/wp-content\/uploads\/2021\/10\/17101201\/adobestock-36910111-1536x945.jpeg 1536w, https:\/\/images.winalist.com\/blog\/wp-content\/uploads\/2021\/10\/17101201\/adobestock-36910111-1290x793.jpeg 1290w, https:\/\/images.winalist.com\/blog\/wp-content\/uploads\/2021\/10\/17101201\/adobestock-36910111.jpeg 1756w\" sizes=\"(max-width: 1500px) 100vw, 1500px\" \/><\/figure>\n\n\n\n<p class=\"wp-block-paragraph\">Ancien palais \u00e9piscopal construit durant la seconde moiti\u00e9 du XIIIe si\u00e8cle, le palais de la Berbie a n\u00e9cessit\u00e9 50 ann\u00e9es de construction pour voir le jour. Il fut d&rsquo;abord une forteresse avant d&rsquo;\u00eatre agr\u00e9ment\u00e9 d&rsquo;un jardin classique (sur l&rsquo;ancienne place d&rsquo;Armes) et d&rsquo;un chemin de ronde orn\u00e9 de statues dominant le Tarn. Le palais abrite \u00e9galement, depuis 1922, le mus\u00e9e Toulouse-Lautrec que nous vous recommandons de visiter.<\/p>\n\n\n\n<p class=\"wp-block-paragraph\">En quelques mots, c&rsquo;est un b\u00e2timent impressionnant qui forme avec la Cath\u00e9drale Sainte-C\u00e9cile un ensemble architectural assez monumental qui fait la fiert\u00e9 de la ville d&rsquo;Albi. A l&rsquo;int\u00e9rieur, on peut d\u00e9couvrir les salles vo\u00fbt\u00e9es typiques de l&rsquo;\u00e9poque m\u00e9di\u00e9vale, de beaux plafonds peints ainsi qu&rsquo;une chapelle et de grands salons.<\/p>\n\n\n\n<h3 class=\"wp-block-heading\">La coll\u00e9giale Saint-Salvi et son clo\u00eetre<\/h3>\n\n\n\n<figure class=\"wp-block-image alignwide size-large\"><img decoding=\"async\" width=\"1500\" height=\"998\" src=\"https:\/\/images.winalist.com\/blog\/wp-content\/uploads\/2021\/10\/17101247\/adobestock-501379299-1500x998.jpeg\" alt=\"- - -\" class=\"wp-image-33141\" title=\"- - -\" srcset=\"https:\/\/images.winalist.com\/blog\/wp-content\/uploads\/2021\/10\/17101247\/adobestock-501379299-1500x998.jpeg 1500w, https:\/\/images.winalist.com\/blog\/wp-content\/uploads\/2021\/10\/17101247\/adobestock-501379299-600x399.jpeg 600w, https:\/\/images.winalist.com\/blog\/wp-content\/uploads\/2021\/10\/17101247\/adobestock-501379299-768x511.jpeg 768w, https:\/\/images.winalist.com\/blog\/wp-content\/uploads\/2021\/10\/17101247\/adobestock-501379299-1536x1022.jpeg 1536w, https:\/\/images.winalist.com\/blog\/wp-content\/uploads\/2021\/10\/17101247\/adobestock-501379299-1290x858.jpeg 1290w, https:\/\/images.winalist.com\/blog\/wp-content\/uploads\/2021\/10\/17101247\/adobestock-501379299.jpeg 1623w\" sizes=\"(max-width: 1500px) 100vw, 1500px\" \/><\/figure>\n\n\n\n<p class=\"wp-block-paragraph\">Situ\u00e9e rue Sainte-C\u00e9cile, cette \u00e9glise catholique refl\u00e8te l&rsquo;\u00e9volution architecturale dans la r\u00e9gion en m\u00ealant le style gothique et l&rsquo;art roman typique du Languedoc. Un lieu tr\u00e8s reposant coup\u00e9 de l&rsquo;agitation du centre-ville vous attend au sein du clo\u00eetre, auquel on acc\u00e8de en traversant l&rsquo;\u00e9glise.<\/p>\n\n\n\n<p class=\"wp-block-paragraph\">Ce petit havre de paix o\u00f9 les plantes cohabitent avec les anciennes pierres est tout \u00e0 fait recommand\u00e9 pour une pause lors des chaudes journ\u00e9es d&rsquo;\u00e9t\u00e9. Tout cet ensemble appartient \u00e0 la cit\u00e9 \u00e9piscopale d&rsquo;Albie, class\u00e9e au patrimoine mondial de l&rsquo;UNESCO.<\/p>\n\n\n\n<h3 class=\"wp-block-heading\">Se Promener le long des Berges du Tarn<\/h3>\n\n\n\n<figure class=\"wp-block-image alignwide size-full wp-image-12172\"><img decoding=\"async\" width=\"1280\" height=\"960\" src=\"https:\/\/www.winalist.com\/blog\/wp-content\/uploads\/2021\/05\/architecture-3235337_1280.jpg\" alt=\"vue sur le Pont Vieux d&#039;Albi\" class=\"wp-image-12172\" title=\"- - -\" srcset=\"https:\/\/images.winalist.com\/blog\/wp-content\/uploads\/2021\/05\/26144417\/architecture-3235337_1280.jpg 1280w, https:\/\/images.winalist.com\/blog\/wp-content\/uploads\/2021\/05\/26144417\/architecture-3235337_1280-300x225.jpg 300w, https:\/\/images.winalist.com\/blog\/wp-content\/uploads\/2021\/05\/26144417\/architecture-3235337_1280-1024x768.jpg 1024w, https:\/\/images.winalist.com\/blog\/wp-content\/uploads\/2021\/05\/26144417\/architecture-3235337_1280-768x576.jpg 768w, https:\/\/images.winalist.com\/blog\/wp-content\/uploads\/2021\/05\/26144417\/architecture-3235337_1280-400x300.jpg 400w, https:\/\/images.winalist.com\/blog\/wp-content\/uploads\/2021\/05\/26144417\/architecture-3235337_1280-370x278.jpg 370w, https:\/\/images.winalist.com\/blog\/wp-content\/uploads\/2021\/05\/26144417\/architecture-3235337_1280-800x600.jpg 800w, https:\/\/images.winalist.com\/blog\/wp-content\/uploads\/2021\/05\/26144417\/architecture-3235337_1280-20x15.jpg 20w, https:\/\/images.winalist.com\/blog\/wp-content\/uploads\/2021\/05\/26144417\/architecture-3235337_1280-185x139.jpg 185w, https:\/\/images.winalist.com\/blog\/wp-content\/uploads\/2021\/05\/26144417\/architecture-3235337_1280-740x555.jpg 740w, https:\/\/images.winalist.com\/blog\/wp-content\/uploads\/2021\/05\/26144417\/architecture-3235337_1280-64x48.jpg 64w\" sizes=\"(max-width: 1280px) 100vw, 1280px\" \/><\/figure>\n\n\n\n<p class=\"wp-block-paragraph\">La ville d&rsquo;Albi est travers\u00e9e par le Tarn. Et une fois arriv\u00e9 sur les rives dans le centre d&rsquo;Albi, impossible de manque l&rsquo;imposant Pont Vieux, long de 150 m\u00e8tres. Construit dans un but commercial d\u00e8s le 11\u00e8me si\u00e8cle, c&rsquo;est un des plus anciens en France.<\/p>\n\n\n\n<p class=\"wp-block-paragraph\">Mais surtout, vous pourrez emprunter l&rsquo;Echapp\u00e9e verte, une randonn\u00e9e en plein c\u0153ur d&rsquo;Albi sur le GR36. Au pied de la cath\u00e9drale et du Palais de la Berbie, ce chemin de 4 kilom\u00e8tres de long vous plonge en pleine nature, dans un milieu naturel idyllique. On y croise des cyclistes, des joggeurs, des promeneurs et des familles venues pique-niquer sur les bords du Tarn.<\/p>\n\n\n\n<p class=\"wp-block-paragraph\">Trois sections composent cette balade : le Sentier des Berges qui d\u00e9bute au parking de la Cath\u00e9drale, le Sentier Sauvage entre le Pont Neuf et l&rsquo;avenue du Loirat (accessible uniquement \u00e0 pied) et enfin le Sentier de la Mouline jusqu&rsquo;au Parking des Planques. Ce dernier sentier de balade abrite un riche \u00e9cosyst\u00e8me dans la mare p\u00e9dagogique, que les enfants adorent observer.<\/p>\n\n\n\n<h3 class=\"wp-block-heading\">Admirer la majestueuse Cath\u00e9drale Sainte-C\u00e9cile d&rsquo;Albi<\/h3>\n\n\n\n<figure class=\"wp-block-image alignwide size-large\"><img loading=\"lazy\" decoding=\"async\" width=\"1500\" height=\"918\" src=\"https:\/\/images.winalist.com\/blog\/wp-content\/uploads\/2021\/10\/17100856\/adobestock-490287974-1500x918.jpeg\" alt=\"- - -\" class=\"wp-image-33135\" title=\"- - -\" srcset=\"https:\/\/images.winalist.com\/blog\/wp-content\/uploads\/2021\/10\/17100856\/adobestock-490287974-1500x918.jpeg 1500w, https:\/\/images.winalist.com\/blog\/wp-content\/uploads\/2021\/10\/17100856\/adobestock-490287974-600x367.jpeg 600w, https:\/\/images.winalist.com\/blog\/wp-content\/uploads\/2021\/10\/17100856\/adobestock-490287974-768x470.jpeg 768w, https:\/\/images.winalist.com\/blog\/wp-content\/uploads\/2021\/10\/17100856\/adobestock-490287974-1536x940.jpeg 1536w, https:\/\/images.winalist.com\/blog\/wp-content\/uploads\/2021\/10\/17100856\/adobestock-490287974-1290x789.jpeg 1290w, https:\/\/images.winalist.com\/blog\/wp-content\/uploads\/2021\/10\/17100856\/adobestock-490287974.jpeg 1765w\" sizes=\"(max-width: 1500px) 100vw, 1500px\" \/><\/figure>\n\n\n\n<p class=\"wp-block-paragraph\">Impossible de visiter Albi sans \u00eatre \u00e9bloui par la Cath\u00e9drale Sainte-C\u00e9cile, un v\u00e9ritable chef-d\u2019\u0153uvre d\u2019architecture gothique m\u00e9ridionale. Ce monument \u00e9tonnant, construit entre 1282 et 1480, est \u00e0 ce jour la plus grande cath\u00e9drale en brique au monde. Son int\u00e9rieur richement d\u00e9cor\u00e9 et ses fresques magnifiquement bien conserv\u00e9es ne manqueront pas de vous en mettre plein les yeux.<\/p>\n\n\n\n<h3 class=\"wp-block-heading\">D\u00e9couvrir les collections du Mus\u00e9e Toulouse-Lautrec<\/h3>\n\n\n\n<figure class=\"wp-block-image alignwide wp-image-12174 size-full\"><img loading=\"lazy\" decoding=\"async\" width=\"1280\" height=\"853\" src=\"https:\/\/www.winalist.com\/blog\/wp-content\/uploads\/2021\/05\/albi-4112169_1280.jpg\" alt=\"Palais de la Berbie abritant le mus\u00e9e Toulouse-Lautrec\" class=\"wp-image-12174\" title=\"- - -\" srcset=\"https:\/\/images.winalist.com\/blog\/wp-content\/uploads\/2021\/05\/26144415\/albi-4112169_1280.jpg 1280w, https:\/\/images.winalist.com\/blog\/wp-content\/uploads\/2021\/05\/26144415\/albi-4112169_1280-300x200.jpg 300w, https:\/\/images.winalist.com\/blog\/wp-content\/uploads\/2021\/05\/26144415\/albi-4112169_1280-1024x682.jpg 1024w, https:\/\/images.winalist.com\/blog\/wp-content\/uploads\/2021\/05\/26144415\/albi-4112169_1280-768x512.jpg 768w, https:\/\/images.winalist.com\/blog\/wp-content\/uploads\/2021\/05\/26144415\/albi-4112169_1280-370x247.jpg 370w, https:\/\/images.winalist.com\/blog\/wp-content\/uploads\/2021\/05\/26144415\/albi-4112169_1280-800x533.jpg 800w, https:\/\/images.winalist.com\/blog\/wp-content\/uploads\/2021\/05\/26144415\/albi-4112169_1280-20x13.jpg 20w, https:\/\/images.winalist.com\/blog\/wp-content\/uploads\/2021\/05\/26144415\/albi-4112169_1280-185x123.jpg 185w, https:\/\/images.winalist.com\/blog\/wp-content\/uploads\/2021\/05\/26144415\/albi-4112169_1280-740x493.jpg 740w, https:\/\/images.winalist.com\/blog\/wp-content\/uploads\/2021\/05\/26144415\/albi-4112169_1280-400x267.jpg 400w, https:\/\/images.winalist.com\/blog\/wp-content\/uploads\/2021\/05\/26144415\/albi-4112169_1280-72x48.jpg 72w\" sizes=\"(max-width: 1280px) 100vw, 1280px\" \/><\/figure>\n\n\n\n<p class=\"wp-block-paragraph\">Le mus\u00e9e Toulouse-Lautrec d&rsquo;Albi est consacr\u00e9 essentiellement aux \u0153uvres d&rsquo;Henri de Toulouse-Lautrec, illustre peintre n\u00e9 \u00e0 Albi. Le mus\u00e9e est situ\u00e9 \u00e0 l&rsquo;int\u00e9rieur du palais de la Berbie. Avec plus de 160 000 visiteurs par an, c&rsquo;est un des plus fr\u00e9quent\u00e9s d&rsquo;Occitanie.<\/p>\n\n\n\n<p class=\"wp-block-paragraph\">Le cadre architectural est d\u00e9j\u00e0 une \u0153uvre d&rsquo;art en lui-m\u00eame. Rajoutez-y les \u0153uvres peintes durant toute la vie d&rsquo;un des plus grands artistes fran\u00e7ais, et vous obtenez une visite d&rsquo;un lieu o\u00f9 on ne voit pas le temps passer. Les explications sont claires et d\u00e9taill\u00e9es sous chaque tableau et affiche, dans une collection qui donne acc\u00e8s \u00e0 une facette m\u00e9connue de Toulouse-Lautrec.<\/p>\n\n\n\n<h3 class=\"wp-block-heading\">Faire une croisi\u00e8re sur le Tarn<\/h3>\n\n\n\n<figure class=\"wp-block-image alignwide size-large\"><img loading=\"lazy\" decoding=\"async\" width=\"1500\" height=\"1000\" src=\"https:\/\/images.winalist.com\/blog\/wp-content\/uploads\/2021\/10\/17101835\/adobestock-174848852-1500x1000.jpeg\" alt=\"- - -\" class=\"wp-image-33143\" title=\"- - -\" srcset=\"https:\/\/images.winalist.com\/blog\/wp-content\/uploads\/2021\/10\/17101835\/adobestock-174848852-1500x1000.jpeg 1500w, https:\/\/images.winalist.com\/blog\/wp-content\/uploads\/2021\/10\/17101835\/adobestock-174848852-600x400.jpeg 600w, https:\/\/images.winalist.com\/blog\/wp-content\/uploads\/2021\/10\/17101835\/adobestock-174848852-768x512.jpeg 768w, https:\/\/images.winalist.com\/blog\/wp-content\/uploads\/2021\/10\/17101835\/adobestock-174848852-1536x1024.jpeg 1536w, https:\/\/images.winalist.com\/blog\/wp-content\/uploads\/2021\/10\/17101835\/adobestock-174848852-1290x860.jpeg 1290w, https:\/\/images.winalist.com\/blog\/wp-content\/uploads\/2021\/10\/17101835\/adobestock-174848852.jpeg 1620w\" sizes=\"(max-width: 1500px) 100vw, 1500px\" \/><\/figure>\n\n\n\n<p class=\"wp-block-paragraph\">Visiter Albi et sa r\u00e9gion sur l&rsquo;eau, c&rsquo;est possible gr\u00e2ce aux balades \u00ab\u00a0Promenades en gabarre\u00a0\u00bb propos\u00e9es par Albi Croisi\u00e8res. Vous aurez le choix entre plusieurs balades sur un bateau traditionnel \u00e0 fond plat : 30 minutes au c\u0153ur d&rsquo;Albi, une croisi\u00e8re de 18km sur une rivi\u00e8re sauvage, et vous pourrez m\u00eame louer un bateau avec ou sans pilote pour voguer o\u00f9 vous le d\u00e9sirez.<\/p>\n\n\n\n<h3 class=\"wp-block-heading\">Fl\u00e2nez dans le quartier historique du Castelviel<\/h3>\n\n\n\n<figure class=\"wp-block-image alignwide size-large\"><img loading=\"lazy\" decoding=\"async\" width=\"1500\" height=\"997\" src=\"https:\/\/images.winalist.com\/blog\/wp-content\/uploads\/2021\/10\/17101020\/adobestock-367107173-1500x997.jpeg\" alt=\"- - -\" class=\"wp-image-33139\" title=\"- - -\" srcset=\"https:\/\/images.winalist.com\/blog\/wp-content\/uploads\/2021\/10\/17101020\/adobestock-367107173-1500x997.jpeg 1500w, https:\/\/images.winalist.com\/blog\/wp-content\/uploads\/2021\/10\/17101020\/adobestock-367107173-600x399.jpeg 600w, https:\/\/images.winalist.com\/blog\/wp-content\/uploads\/2021\/10\/17101020\/adobestock-367107173-768x510.jpeg 768w, https:\/\/images.winalist.com\/blog\/wp-content\/uploads\/2021\/10\/17101020\/adobestock-367107173-1536x1021.jpeg 1536w, https:\/\/images.winalist.com\/blog\/wp-content\/uploads\/2021\/10\/17101020\/adobestock-367107173-1290x857.jpeg 1290w, https:\/\/images.winalist.com\/blog\/wp-content\/uploads\/2021\/10\/17101020\/adobestock-367107173.jpeg 1625w\" sizes=\"(max-width: 1500px) 100vw, 1500px\" \/><\/figure>\n\n\n\n<p class=\"wp-block-paragraph\">Partez pour une balade ou rando au c\u0153ur de Castelviel, quartier embl\u00e9matique qui vous plonge dans le Moyen \u00c2ge. Les fa\u00e7ades en brique, les vo\u00fbtes et les rues pav\u00e9es racontent l\u2019histoire de cette ville au riche patrimoine culturel. Suivez le guide pour une immersion compl\u00e8te dans l\u2019Albi d\u2019antan.<\/p>\n\n\n\n<p class=\"wp-block-paragraph\"><\/p>\n\n\n\n<h3 class=\"wp-block-heading\">Voler en montgolfi\u00e8re avec Atmosph&rsquo;Air<\/h3>\n\n\n\n<p class=\"wp-block-paragraph\">Atmosph&rsquo;Air dispose d&rsquo;une flotte de 3 montgolfi\u00e8res et propose des <strong>v<\/strong>ols en ballon dans le Tarn. Au d\u00e9part d&rsquo;Albi, Cordes sur Ciel, Gaillac ou encore Gaillac, partez \u00e0 la d\u00e9couverte du patrimoine tarnais vu du ciel cette fois-ci. 3 heures d&rsquo;aventure dont 1 heure de vol au gr\u00e9 du vent, au balcon d&rsquo;Atmosph&rsquo;Air dans un panorama \u00e0 360\u00b0 \u00e0 l&rsquo;air libre.<\/p>\n\n\n\n<p class=\"wp-block-paragraph\">Une exp\u00e9rience exceptionnelle, avec un survol d&rsquo;Albi et de sa campagne qui ne laisseront personne insensible. Pr\u00e9parez les appareils photos ! Pour observer et capturer les plus belles couleurs, rendez-vous \u00e0 l&rsquo;aube afin d&rsquo;assister au lever du soleil.<\/p>\n\n\n\n<p class=\"wp-block-paragraph\"><\/p>\n\n\n\n<h2 class=\"wp-block-heading\">Que faire aux alentours d&rsquo;Albi ?<\/h2>\n\n\n\n<p class=\"wp-block-paragraph\"><\/p>\n\n\n\n<h3 class=\"wp-block-heading\">Explorer le vignoble de Gaillac, l\u2019un des plus anciens de France<\/h3>\n\n\n\n<p class=\"wp-block-paragraph\">\u00c0 seulement 25 minutes d&rsquo;Albi, d\u00e9couvrez le vignoble de Gaillac, un terroir viticole r\u00e9put\u00e9 pour ses vins uniques et son histoire mill\u00e9naire. Reconnue comme l&rsquo;une des plus anciennes r\u00e9gions viticoles de France, cette destination invite \u00e0 d\u00e9guster les vins locaux, explorer ses caves authentiques, et \u00e0 rencontrer des vignerons passionn\u00e9s. Parfait pour les amateurs de vin et de patrimoine rural, cette balade au c\u0153ur des vignes met en avant l&rsquo;art de vivre du Sud-Ouest. Profitez-en pour savourer des produits locaux et \u00e9veiller vos sens \u00e0 de nouvelles saveurs.<\/p>\n\n\n\n<p class=\"wp-block-paragraph\"><\/p>\n\n\n\n<p class=\"wp-block-paragraph\"><span style=\"text-decoration: underline;\"><strong><em>Bon \u00e0 savoir :<\/em><\/strong><\/span> <em>Les vins de Gaillac sont savour\u00e9s depuis un mill\u00e9naire. L&rsquo;histoire du Gaillac remonte \u00e0 la civilisation gallo-romaine. Situ\u00e9 au nord-est de Toulouse, le vignoble de Gaillac s&rsquo;\u00e9tend jusqu&rsquo;\u00e0 la cit\u00e9 m\u00e9di\u00e9vale de Cordes. Sur la rive gauche du Tarn, le sol graveleux et pauvre convient particuli\u00e8rement aux vins rouges, tandis que les coteaux ensoleill\u00e9s de la rive droite produisent plut\u00f4t des blancs fruit\u00e9s et subtils. Le microclimat oc\u00e9anique, toutefois assez temp\u00e9r\u00e9 am\u00e8ne une diversit\u00e9 et une richesse au vignoble. Issus de c\u00e9pages traditionnels, la gamme des vins de Gaillac anime tout un repas.<\/em><\/p>\n\n\n\n<p class=\"wp-block-paragraph\"><\/p>\n\n\n\n<h4 class=\"wp-block-heading\">Ch\u00e2teau de Tauzi\u00e8s<\/h4>\n\n\n\n<figure class=\"wp-block-image alignwide\"><img decoding=\"async\" src=\"https:\/\/8c2iy8zl.twic.pics\/prod\/uploads\/2pXNTzVi4sg7.jpg?twic=v1\/cover=16:9\/resize=1024\" alt=\"Chateau De Tauzies\" title=\"- - -\"><\/figure>\n\n\n\n<p class=\"wp-block-paragraph\">Situ\u00e9 en plein c\u0153ur du vignoble de Gaillac, proche d&rsquo;Albi, le <strong>Ch\u00e2teau de Tauzi\u00e8s<\/strong> est l&rsquo;endroit r\u00eav\u00e9 pour s&rsquo;initier aux vins de la r\u00e9gion. Vous pourrez m\u00eame s\u00e9journer au ch\u00e2teau si l&rsquo;envie vous prend de prolonger le s\u00e9jour. En plus de cultiver les vignes, les propri\u00e9taires sont tr\u00e8s attach\u00e9s \u00e0 cultiver l&rsquo;art de vivre du Tarn : plaisirs simples, authenticit\u00e9, et d\u00e9tente sont au rendez-vous de votre visite.<\/p>\n\n\n\n<p class=\"wp-block-paragraph\">Apr\u00e8s avoir d\u00e9couvert le domaine, vous pourrez participer \u00e0<strong> l&rsquo;<\/strong>Atelier senso-ludique, et percer les myst\u00e8res des ar\u00f4mes du vin. Une d\u00e9gustation \u00e0 la fois visuelle, olfactive et gustative mais surtout ludique, qui vous permettra de d\u00e9chiffrer les subtilit\u00e9s du raisin tout en apprenant \u00e0 mettre des mots sur vos sensations.<\/p>\n\n\n\n<div id=\"winalist-partner-widget-ulb5v890v6h\" class=\"winalist-partner-widget\"><\/div>\n        <script type=\"application\/javascript\">\n          var winalistWidget = document.getElementById('winalist-partner-widget-ulb5v890v6h');\n          var i = document.createElement(\"iframe\");\n          i.style.border = \"none\";\n          i.style.width = \"100%\";\n          i.style.minHeight = \"550px\";i.setAttribute(\"src\", \"https:\/\/www.winalist.com\/w\/embed?partner=14&type=experiences-slider&city_id=124&locale=auto&activity_id=any&display_title=yes\");\n          if(winalistWidget) winalistWidget.appendChild(i);\n        <\/script>\n        <script type=\"application\/javascript\" src=\"https:\/\/www.winalist.com\/widget\/affiliate-widget-config.min.js\"><\/script>\n\n\n\n<h3 class=\"wp-block-heading\">Visiter Toulouse, la ville rose<\/h3>\n\n\n\n<figure class=\"wp-block-image alignwide size-large\"><img loading=\"lazy\" decoding=\"async\" width=\"1500\" height=\"1001\" src=\"https:\/\/images.winalist.com\/blog\/wp-content\/uploads\/2024\/02\/20110949\/AdobeStock_474545223-1500x1001.jpeg\" alt=\"- - -\" class=\"wp-image-27653\" title=\"- - -\" srcset=\"https:\/\/images.winalist.com\/blog\/wp-content\/uploads\/2024\/02\/20110949\/AdobeStock_474545223-1500x1001.jpeg 1500w, https:\/\/images.winalist.com\/blog\/wp-content\/uploads\/2024\/02\/20110949\/AdobeStock_474545223-600x400.jpeg 600w, https:\/\/images.winalist.com\/blog\/wp-content\/uploads\/2024\/02\/20110949\/AdobeStock_474545223-768x513.jpeg 768w, https:\/\/images.winalist.com\/blog\/wp-content\/uploads\/2024\/02\/20110949\/AdobeStock_474545223-1536x1025.jpeg 1536w, https:\/\/images.winalist.com\/blog\/wp-content\/uploads\/2024\/02\/20110949\/AdobeStock_474545223-1290x861.jpeg 1290w, https:\/\/images.winalist.com\/blog\/wp-content\/uploads\/2024\/02\/20110949\/AdobeStock_474545223.jpeg 1618w\" sizes=\"(max-width: 1500px) 100vw, 1500px\" \/><\/figure>\n\n\n\n<p class=\"wp-block-paragraph\">\u00c0 1h d&rsquo;Albi, Toulouse, la c\u00e9l\u00e8bre Ville Rose, est une destination id\u00e9ale pour une journ\u00e9e d\u2019excursion. Capitale de l\u2019Occitanie, Toulouse s\u00e9duit par son patrimoine architectural remarquable, ses ruelles anim\u00e9es et son ambiance chaleureuse. Ne manquez pas la majestueuse Place du Capitole, v\u00e9ritable c\u0153ur de la ville, ni la Basilique Saint-Sernin, un joyau de l\u2019art roman class\u00e9 au patrimoine mondial de l\u2019UNESCO. D\u00e9couvrez sans plus attendre notre guide d\u00e9di\u00e9 pour&nbsp;<a href=\"https:\/\/www.winalist.fr\/blog\/france\/sud-ouest\/visiter-toulouse\">visiter Toulouse<\/a>&nbsp;et ne rien manquer de ce que cette ville \u00e0 a offrir.<\/p>\n\n\n\n<h2 class=\"wp-block-heading\">Bon \u00e0 savoir avant de visiter Albi<\/h2>\n\n\n<div id=\"rank-math-faq\" class=\"rank-math-block\">\n<div class=\"rank-math-list \">\n<div id=\"faq-question-1842746184\" class=\"rank-math-list-item\">\n<h3 class=\"rank-math-question \">Est-ce que \u00e7a vaut le coup de visiter Albi ?<\/h3>\n<div class=\"rank-math-answer \">\n\n<p>Absolument, Albi est une ville magnifique class\u00e9e au patrimoine mondial de l&rsquo;UNESCO gr\u00e2ce \u00e0 sa c\u00e9l\u00e8bre cit\u00e9 \u00e9piscopale. Avec son architecture m\u00e9di\u00e9vale, ses ruelles charmantes, et des tr\u00e9sors comme la Cath\u00e9drale Sainte-C\u00e9cile et le mus\u00e9e Toulouse-Lautrec, Albi offre une exp\u00e9rience culturelle et historique unique qui vaut largement le d\u00e9tour.<\/p>\n\n<\/div>\n<\/div>\n<div id=\"faq-question-9182746123\" class=\"rank-math-list-item\">\n<h3 class=\"rank-math-question \">Quels sont les lieux incontournables \u00e0 visiter \u00e0 Albi ?<\/h3>\n<div class=\"rank-math-answer \">\n\n<p>Les principaux endroits \u00e0 ne pas manquer incluent :<\/p>\n<ul>\n<li><strong>La Cath\u00e9drale Sainte-C\u00e9cile :<\/strong> Un chef-d&rsquo;\u0153uvre gothique impressionnant, \u00e0 l\u2019int\u00e9rieur tout aussi fascinant que l\u2019ext\u00e9rieur.<\/li>\n<li><strong>Le Palais de la Berbie :<\/strong> Accueillant le mus\u00e9e Toulouse-Lautrec et offrant des jardins spectaculaires.<\/li>\n<li><strong>Le Pont Vieux :<\/strong> L&rsquo;un des plus anciens ponts d&rsquo;\u00e9poque m\u00e9di\u00e9vale encore en usage.<\/li>\n<li><strong>Les ruelles du Vieil Albi :<\/strong> Partez \u00e0 la d\u00e9couverte des maisons \u00e0 colombages et boutiques charmantes.<\/li>\n<li><strong>Le march\u00e9 couvert :<\/strong> Id\u00e9al pour d\u00e9couvrir les produits locaux !<\/li>\n<\/ul>\n\n<\/div>\n<\/div>\n<div id=\"faq-question-6582941273\" class=\"rank-math-list-item\">\n<h3 class=\"rank-math-question \">Combien de jours faut-il pour visiter Albi ?<\/h3>\n<div class=\"rank-math-answer \">\n\n<p>Deux jours sont g\u00e9n\u00e9ralement suffisants pour explorer les incontournables de la ville, mais si vous souhaitez d\u00e9couvrir ses alentours ou prendre un peu plus de temps pour profiter de son ambiance, pr\u00e9voyez trois jours complets.<\/p>\n\n<\/div>\n<\/div>\n<div id=\"faq-question-9284173635\" class=\"rank-math-list-item\">\n<h3 class=\"rank-math-question \">Que visiter autour d&rsquo;Albi ?<\/h3>\n<div class=\"rank-math-answer \">\n\n<p>Dans les environs, ne manquez pas :<\/p>\n<ul>\n<li><strong>Cordes-sur-Ciel :<\/strong> Un des plus beaux villages de France, situ\u00e9 \u00e0 environ 25 minutes d&rsquo;Albi.<\/li>\n<li><strong>Gaillac :<\/strong> Connu pour ses excellents vins et ses domaines viticoles.<\/li>\n<li><strong>Ambialet :<\/strong> Un charmant village nich\u00e9 dans les m\u00e9andres de la rivi\u00e8re Tarn.<\/li>\n<li><strong>Le circuit des Bastides :<\/strong> Des villages historiques comme Castelnau-de-Montmiral ou Puycelsi.<\/li>\n<\/ul>\n\n<\/div>\n<\/div>\n<div id=\"faq-question-7381849273\" class=\"rank-math-list-item\">\n<h3 class=\"rank-math-question \">O\u00f9 se garer pour visiter Albi ?<\/h3>\n<div class=\"rank-math-answer \">\n\n<p>Albi dispose de plusieurs parkings pratiques. Le parking du Bondidou et celui de la Cath\u00e9drale sont assez centraux. Des parkings gratuits sont \u00e9galement disponibles un peu plus \u00e9loign\u00e9s du centre, comme le parking de la Renaudi\u00e9, avec des navettes vers le centre-ville.<\/p>\n\n<\/div>\n<\/div>\n<div id=\"faq-question-5389173635\" class=\"rank-math-list-item\">\n<h3 class=\"rank-math-question \">Quels sont les meilleurs restaurants pour d\u00e9couvrir la gastronomie locale ?<\/h3>\n<div class=\"rank-math-answer \">\n\n<p>Voici quelques adresses incontournables :<\/p>\n<ul>\n<li><strong>L&rsquo;Esprit du Vin :<\/strong> Une cuisine gastronomique qui met en avant les produits locaux.<\/li>\n<li><strong>Le Papillon :<\/strong> Parfait pour go\u00fbter des plats traditionnels dans une ambiance conviviale.<\/li>\n<li><strong>Ambroisie :<\/strong> Id\u00e9al pour les amateurs de cuisine du terroir revisit\u00e9e.<\/li>\n<li><strong>Le Bruit en Cuisine :<\/strong> Une table moderne et cr\u00e9ative o\u00f9 les produits frais sont \u00e0 l&rsquo;honneur.<\/li>\n<\/ul>\n\n<\/div>\n<\/div>\n<div id=\"faq-question-2918374629\" class=\"rank-math-list-item\">\n<h3 class=\"rank-math-question \">Comment visiter la Cath\u00e9drale Sainte-C\u00e9cile ?<\/h3>\n<div class=\"rank-math-answer \">\n\n<p>La Cath\u00e9drale Sainte-C\u00e9cile est accessible toute l&rsquo;ann\u00e9e, avec une entr\u00e9e libre pour la plupart des espaces. Si vous voulez visiter le Tr\u00e9sor, une billetterie est disponible. Des visites guid\u00e9es sont propos\u00e9es pour en apprendre davantage sur son histoire et son architecture exceptionnelle.<\/p>\n\n<\/div>\n<\/div>\n<div id=\"faq-question-4192387467\" class=\"rank-math-list-item\">\n<h3 class=\"rank-math-question \">Quelles sont les meilleures options d\u2019h\u00e9bergement \u00e0 Albi ?<\/h3>\n<div class=\"rank-math-answer \">\n\n<p>Voici quelques suggestions d\u2019h\u00f4tels pour tous les budgets :<\/p>\n<ul>\n<li><strong>H\u00f4tel Alchimy :<\/strong> Un boutique-h\u00f4tel de luxe avec un design \u00e9l\u00e9gant.<\/li>\n<li><strong>H\u00f4tel Les Pasteliers :<\/strong> Confortable avec un excellent rapport qualit\u00e9-prix.<\/li>\n<li><strong>Mercure Albi Bastides :<\/strong> Un h\u00f4tel avec vue sur le Tarn et la Cath\u00e9drale.<\/li>\n<li><strong>Ibis Styles Albi Centre :<\/strong> Id\u00e9al pour les familles et les voyageurs au budget plus restreint.<\/li>\n<\/ul>\n\n<\/div>\n<\/div>\n<div id=\"faq-question-6158293746\" class=\"rank-math-list-item\">\n<h3 class=\"rank-math-question \">Est-il pr\u00e9f\u00e9rable de visiter Albi ou Carcassonne ?<\/h3>\n<div class=\"rank-math-answer \">\n\n<p>Les deux villes ont leurs atouts. Carcassonne est c\u00e9l\u00e8bre pour sa cit\u00e9 m\u00e9di\u00e9vale fortifi\u00e9e, tandis qu&rsquo;Albi est reconnue pour sa Cath\u00e9drale Sainte-C\u00e9cile et son ambiance plus intimiste. Si vous pr\u00e9f\u00e9rez un cadre romantique et culturel, Albi pourrait \u00eatre votre choix. Mais ceux attir\u00e9s par l&rsquo;aspect \u00e9pique des fortifications m\u00e9di\u00e9vales pr\u00e9f\u00e8reront peut-\u00eatre Carcassonne.<\/p>\n\n<\/div>\n<\/div>\n<div id=\"faq-question-5167849237\" class=\"rank-math-list-item\">\n<h3 class=\"rank-math-question \">Quoi faire \u00e0 Albi en plus des visites ?<\/h3>\n<div class=\"rank-math-answer \">\n\n<p>En dehors des monuments, profitez de :<\/p>\n<ul>\n<li>Une promenade le long des berges du Tarn.<\/li>\n<li>Un tour en bateau pour admirer la ville d\u2019un autre point de vue.<\/li>\n<li>Le march\u00e9 local pour go\u00fbter aux produits du terroir.<\/li>\n<li>Des \u00e9v\u00e9nements culturels, notamment au Grand Th\u00e9\u00e2tre des Cordeliers.<\/li>\n<\/ul>\n\n<\/div>\n<\/div>\n<\/div>\n<\/div>\n\n\n<p class=\"wp-block-paragraph\"><\/p>\n","protected":false},"excerpt":{"rendered":"<p>Albi, perle du Tarn, est une destination qui \u00e9veille les sens et enrichit l\u2019\u00e2me gr\u00e2ce \u00e0 son riche patrimoine naturel, culturel et architectural. Inscrite au patrimoine mondial de l\u2019UNESCO, la ville de brique rouge s\u00e9duit par sa jolie Cit\u00e9 \u00e9piscopale, sa majestueuse Cath\u00e9drale Sainte-C\u00e9cile d&rsquo;Albi, et ses berges du Tarn. Que vous soyez passionn\u00e9 par &hellip; <\/p>\n","protected":false},"author":12,"featured_media":12792,"comment_status":"open","ping_status":"open","sticky":false,"template":"","format":"standard","meta":{"_acf_changed":false,"_eb_attr":"","_tripp_layout":"4","winalist_lat":"","winalist_lng":"","winalist_map_hide":"","_tripp_review":[],"_tripp_coupon":[],"footnotes":""},"categories":[662],"tags":[30065],"destination":[],"class_list":["post-12165","post","type-post","status-publish","format-standard","has-post-thumbnail","hentry","category-sud-ouest","tag-cityguide","entry"],"acf":{"winalist_tldr_title":"","winalist_tldr_time":"","winalist_tldr_top":"","winalist_tldr_budget":"","winalist_tldr_period":"","winalist_tldr_transport":"","winalist_tldr_custom":null,"winalist_tldr_cta_text":"","winalist_tldr_cta_url":"","winalist_tips_enabled":true,"winalist_tips_list":null},"_links":{"self":[{"href":"https:\/\/www.winalist.fr\/blog\/wp-json\/wp\/v2\/posts\/12165","targetHints":{"allow":["GET"]}}],"collection":[{"href":"https:\/\/www.winalist.fr\/blog\/wp-json\/wp\/v2\/posts"}],"about":[{"href":"https:\/\/www.winalist.fr\/blog\/wp-json\/wp\/v2\/types\/post"}],"author":[{"embeddable":true,"href":"https:\/\/www.winalist.fr\/blog\/wp-json\/wp\/v2\/users\/12"}],"replies":[{"embeddable":true,"href":"https:\/\/www.winalist.fr\/blog\/wp-json\/wp\/v2\/comments?post=12165"}],"version-history":[{"count":3,"href":"https:\/\/www.winalist.fr\/blog\/wp-json\/wp\/v2\/posts\/12165\/revisions"}],"predecessor-version":[{"id":60992,"href":"https:\/\/www.winalist.fr\/blog\/wp-json\/wp\/v2\/posts\/12165\/revisions\/60992"}],"wp:featuredmedia":[{"embeddable":true,"href":"https:\/\/www.winalist.fr\/blog\/wp-json\/wp\/v2\/media\/12792"}],"wp:attachment":[{"href":"https:\/\/www.winalist.fr\/blog\/wp-json\/wp\/v2\/media?parent=12165"}],"wp:term":[{"taxonomy":"category","embeddable":true,"href":"https:\/\/www.winalist.fr\/blog\/wp-json\/wp\/v2\/categories?post=12165"},{"taxonomy":"post_tag","embeddable":true,"href":"https:\/\/www.winalist.fr\/blog\/wp-json\/wp\/v2\/tags?post=12165"},{"taxonomy":"destination","embeddable":true,"href":"https:\/\/www.winalist.fr\/blog\/wp-json\/wp\/v2\/destination?post=12165"}],"curies":[{"name":"wp","href":"https:\/\/api.w.org\/{rel}","templated":true}]}}