{"id":11840,"date":"2021-01-22T17:06:47","date_gmt":"2021-01-22T16:06:47","guid":{"rendered":"https:\/\/demo.winalist.fr\/blog?p=11840"},"modified":"2026-04-28T14:55:41","modified_gmt":"2026-04-28T12:55:41","slug":"visiter-reims","status":"publish","type":"post","link":"https:\/\/www.winalist.fr\/blog\/france\/champagne\/visiter-reims","title":{"rendered":"Que faire \u00e0 Reims ? Notre guide pour visiter la Cit\u00e9 des Sacres"},"content":{"rendered":"\n<p class=\"wp-block-paragraph\">Situ\u00e9e \u00e0 45 minutes en TGV depuis Paris Gare de l&rsquo;Est, la ville de Reims est connue gr\u00e2ce au sacre de 33 rois de France dans sa cath\u00e9drale (class\u00e9e UNESCO depuis 1991), et des caves de champagne creus\u00e9es 30 m\u00e8tres sous la ville. Un city-break \u00e0 densit\u00e9 historique exceptionnelle, entre gothique, Art D\u00e9co et bulles Grand Cru.<\/p>\n\n\n\n<p class=\"wp-block-paragraph\">Chez Winalist, nous avons un ancrage particulier en Champagne : <strong>Nicolas, notre CEO, a grandi ici<\/strong>, entre Reims et \u00c9pernay. Ses conseils et ceux de notre \u00e9quipe \u2014 qui sillonne la r\u00e9gion pour tester caves, restaurants et h\u00e9bergements \u2014 ont nourri ce guide. Vous pourrez y d\u00e9couvrir les lieux qui font vraiment la diff\u00e9rence, pas la liste touristique g\u00e9n\u00e9rique, sans oublier les <a href=\"https:\/\/www.winalist.fr\/cities\/reims\">caves de Champagne \u00e0 Reims<\/a> \u00e0 r\u00e9server.<\/p>\n\n\n\n<p class=\"wp-block-paragraph\">Vous pr\u00e9voyez un format plus long ? D\u00e9couvrez nos guides d\u00e9di\u00e9s <a href=\"https:\/\/www.winalist.fr\/blog\/france\/champagne\/visiter-reims-en-2-jours\">itin\u00e9raire 2 jours \u00e0 Reims<\/a> et <a href=\"https:\/\/www.winalist.fr\/blog\/france\/champagne\/que-faire-a-reims-le-week-end\">week-end \u00e0 Reims<\/a>.<\/p>\n\n\n\n<h2 class=\"wp-block-heading\">Comment venir \u00e0 Reims depuis Paris ?<\/h2>\n\n\n\n<p class=\"wp-block-paragraph\">Deux options pour rejoindre Reims depuis la capitale :<\/p>\n\n\n\n<ul class=\"wp-block-list\">\n<li><strong>TGV direct<\/strong> depuis la gare de l&rsquo;Est : <strong>45 minutes<\/strong> pour rejoindre la gare Reims centre-ville, \u00e0 10 minutes \u00e0 pied de la Place d&rsquo;Erlon. \u00c0 partir de 25 \u20ac en r\u00e9servant 2-3 semaines \u00e0 l&rsquo;avance \u2014 <a href=\"https:\/\/www.trainline.fr\/search\/paris\/reims\" target=\"_blank\" rel=\"noopener\">r\u00e9server ici<\/a>.<\/li>\n\n\n\n<li><strong>Voiture<\/strong> : 1h30 par l&rsquo;A4, utile si vous pr\u00e9voyez d&rsquo;explorer la Route touristique du Champagne ou de dormir hors centre-ville.<\/li>\n<\/ul>\n\n\n\n<p class=\"wp-block-paragraph\"><\/p>\n\n\n\n<h2 class=\"wp-block-heading\" id=\"les-lieux-immanquables-et-historiques-a-reims-circuit-1-jour\">Quelles sont les meilleures choses \u00e0 faire \u00e0 Reims ?<\/h2>\n\n\n\n<p class=\"wp-block-paragraph\">D\u00e9couvrez sans plus attendre nos recommandations pour visiter Reims en 1 jour \u2014 test\u00e9es par l&rsquo;\u00e9quipe Winalist, class\u00e9es par ordre de d\u00e9couverte \u00e0 pied depuis la gare. Pour une visite approfondie, incluant plusieurs visites et d\u00e9gustations ainsi que la basilique Saint-Remi, comptez plusieurs jours.<\/p>\n\n\n\n<p class=\"wp-block-paragraph\"><\/p>\n\n\n\n<h3 class=\"wp-block-heading\">1. La Place d&rsquo;Erlon<\/h3>\n\n\n\n<figure class=\"wp-block-image alignwide size-large\"><img fetchpriority=\"high\" decoding=\"async\" width=\"1500\" height=\"1001\" src=\"https:\/\/images.winalist.com\/blog\/wp-content\/uploads\/2024\/03\/06114639\/AdobeStock_179157776-1500x1001.jpeg\" alt=\"- - -\" class=\"wp-image-28231\" title=\"- - -\" srcset=\"https:\/\/images.winalist.com\/blog\/wp-content\/uploads\/2024\/03\/06114639\/AdobeStock_179157776-1500x1001.jpeg 1500w, https:\/\/images.winalist.com\/blog\/wp-content\/uploads\/2024\/03\/06114639\/AdobeStock_179157776-600x400.jpeg 600w, https:\/\/images.winalist.com\/blog\/wp-content\/uploads\/2024\/03\/06114639\/AdobeStock_179157776-768x513.jpeg 768w, https:\/\/images.winalist.com\/blog\/wp-content\/uploads\/2024\/03\/06114639\/AdobeStock_179157776-1536x1025.jpeg 1536w, https:\/\/images.winalist.com\/blog\/wp-content\/uploads\/2024\/03\/06114639\/AdobeStock_179157776-1290x861.jpeg 1290w, https:\/\/images.winalist.com\/blog\/wp-content\/uploads\/2024\/03\/06114639\/AdobeStock_179157776.jpeg 1618w\" sizes=\"(max-width: 1500px) 100vw, 1500px\" \/><\/figure>\n\n\n\n<p class=\"wp-block-paragraph\">Point de d\u00e9part logique depuis la gare (10 minutes \u00e0 pied), la Place d&rsquo;Erlon est la principale art\u00e8re pi\u00e9tonne du <strong>centre-ville de Reims<\/strong>. Vous y trouverez restaurants, bars \u00e0 terrasse et commerces. Si vous arrivez \u00e0 midi, notre \u00e9quipe vous recommande :<\/p>\n\n\n\n<ul class=\"wp-block-list\">\n<li><strong>Le Gaulois<\/strong> \u2014 brasserie fran\u00e7aise classique, id\u00e9ale pour un d\u00e9jeuner rapide<\/li>\n\n\n\n<li><strong>Le Glue Pot<\/strong>, pub offrant une cuisine fran\u00e7aise bistronomique avec une superbe carte des vins et de la Guiness en pression.<\/li>\n\n\n\n<li><strong>Brasserie Le Boulingrin<\/strong> \u2014 cuisine bistrot, \u00e0 5 minutes \u00e0 pied sur la place des Halles<\/li>\n<\/ul>\n\n\n\n<p class=\"wp-block-paragraph\">Pour un ap\u00e9ritif \u00e0 base de champagne, notre s\u00e9lection des meilleurs <a href=\"https:\/\/www.winalist.fr\/blog\/france\/champagne\/bars-a-vin-reims\">bars \u00e0 vin de Reims<\/a> vous oriente en fonction du quartier.<\/p>\n\n\n\n<h3 class=\"wp-block-heading\">2. La Cath\u00e9drale Notre-Dame de Reims<\/h3>\n\n\n\n<figure class=\"wp-block-image alignwide size-large\"><img decoding=\"async\" width=\"1500\" height=\"1001\" src=\"https:\/\/images.winalist.com\/blog\/wp-content\/uploads\/2022\/02\/06102435\/AdobeStock_226087226-1500x1001.jpeg\" alt=\"- - -\" class=\"wp-image-28218\" title=\"- - -\" srcset=\"https:\/\/images.winalist.com\/blog\/wp-content\/uploads\/2022\/02\/06102435\/AdobeStock_226087226-1500x1001.jpeg 1500w, https:\/\/images.winalist.com\/blog\/wp-content\/uploads\/2022\/02\/06102435\/AdobeStock_226087226-600x400.jpeg 600w, https:\/\/images.winalist.com\/blog\/wp-content\/uploads\/2022\/02\/06102435\/AdobeStock_226087226-768x513.jpeg 768w, https:\/\/images.winalist.com\/blog\/wp-content\/uploads\/2022\/02\/06102435\/AdobeStock_226087226-1536x1025.jpeg 1536w, https:\/\/images.winalist.com\/blog\/wp-content\/uploads\/2022\/02\/06102435\/AdobeStock_226087226-1290x861.jpeg 1290w, https:\/\/images.winalist.com\/blog\/wp-content\/uploads\/2022\/02\/06102435\/AdobeStock_226087226.jpeg 1618w\" sizes=\"(max-width: 1500px) 100vw, 1500px\" \/><\/figure>\n\n\n\n<p class=\"wp-block-paragraph\">La <strong>Cath\u00e9drale de Reims<\/strong> est l&rsquo;un des monuments les plus visit\u00e9s de France. Construite \u00e0 partir de <strong>1211<\/strong>, elle a accueilli le sacre de <strong>33 rois de France<\/strong>, de Louis VIII \u00e0 Charles X. Son style gothique s&rsquo;incarne dans l&rsquo;un des programmes statuaires les plus riches d&rsquo;Europe (plus de 2 300 statues) et dans l&rsquo;Ange au Sourire, devenu embl\u00e8me de la ville.<\/p>\n\n\n\n<p class=\"wp-block-paragraph\">Pr\u00e9voyez <strong>1h<\/strong> pour une visite autonome, <strong>1h30<\/strong> avec une visite guid\u00e9e. Ne manquez pas les vitraux de Chagall (1974) dans la chapelle axiale : un vitrail contemporain dans un \u00e9crin gothique, contraste saisissant. La visite de cath\u00e9drale est gratuite mais si vous pr\u00e9f\u00e9rez en apprendre davantage, vous pouvez opter pour une <a href=\"https:\/\/www.getyourguide.fr\/reims-l365\/\" target=\"_blank\" rel=\"noopener\">visite guid\u00e9e<\/a>.<\/p>\n\n\n\n<p class=\"wp-block-paragraph\"><\/p>\n\n\n\n<h3 class=\"wp-block-heading\">3. Le Palais du Tau<\/h3>\n\n\n\n<figure class=\"wp-block-image alignwide size-large\"><img decoding=\"async\" width=\"1500\" height=\"1001\" src=\"https:\/\/images.winalist.com\/blog\/wp-content\/uploads\/2024\/03\/06102309\/AdobeStock_226087410-1500x1001.jpeg\" alt=\"- - -\" class=\"wp-image-28216\" title=\"- - -\" srcset=\"https:\/\/images.winalist.com\/blog\/wp-content\/uploads\/2024\/03\/06102309\/AdobeStock_226087410-1500x1001.jpeg 1500w, https:\/\/images.winalist.com\/blog\/wp-content\/uploads\/2024\/03\/06102309\/AdobeStock_226087410-600x400.jpeg 600w, https:\/\/images.winalist.com\/blog\/wp-content\/uploads\/2024\/03\/06102309\/AdobeStock_226087410-768x513.jpeg 768w, https:\/\/images.winalist.com\/blog\/wp-content\/uploads\/2024\/03\/06102309\/AdobeStock_226087410-1536x1025.jpeg 1536w, https:\/\/images.winalist.com\/blog\/wp-content\/uploads\/2024\/03\/06102309\/AdobeStock_226087410-1290x861.jpeg 1290w, https:\/\/images.winalist.com\/blog\/wp-content\/uploads\/2024\/03\/06102309\/AdobeStock_226087410.jpeg 1618w\" sizes=\"(max-width: 1500px) 100vw, 1500px\" \/><\/figure>\n\n\n\n<p class=\"wp-block-paragraph\">Attenant \u00e0 la cath\u00e9drale, le <a href=\"https:\/\/fr.wikipedia.org\/wiki\/Palais_du_Tau_(Reims)\" target=\"_blank\" rel=\"noopener\">Palais du Tau<\/a> conserve le tr\u00e9sor de la cath\u00e9drale et les objets du sacre (talisman de Charlemagne, calice du sacre). Class\u00e9 <a href=\"https:\/\/whc.unesco.org\/fr\/list\/601\/\" target=\"_blank\" rel=\"noopener\">UNESCO<\/a> avec la cath\u00e9drale, il porte depuis le printemps 2026 le nom de <strong>Mus\u00e9e des Sacres<\/strong>.<\/p>\n\n\n\n<p class=\"wp-block-paragraph\"><\/p>\n\n\n\n<h3 class=\"wp-block-heading\">4. La Porte de Mars<\/h3>\n\n\n\n<p class=\"wp-block-paragraph\">\u00c0 10 minutes \u00e0 pied de la cath\u00e9drale, la Porte de Mars est un <strong>arc de triomphe romain du III\u1d49 si\u00e8cle<\/strong> \u2014 le plus large du monde romain conserv\u00e9 (32 m de long). Elle t\u00e9moigne de l&rsquo;importance de Durocortorum (nom romain de Reims), capitale de la Gaule Belgique. Visite libre en ext\u00e9rieur.<\/p>\n\n\n\n<h3 class=\"wp-block-heading\">5. Le Cryptoportique gallo-romain<\/h3>\n\n\n\n<figure class=\"wp-block-image alignwide size-large\"><img loading=\"lazy\" decoding=\"async\" width=\"1500\" height=\"1000\" src=\"https:\/\/images.winalist.com\/blog\/wp-content\/uploads\/2025\/01\/13115610\/adobestock-251887124-1500x1000.jpeg\" alt=\"- - -\" class=\"wp-image-32793\" title=\"- - -\" srcset=\"https:\/\/images.winalist.com\/blog\/wp-content\/uploads\/2025\/01\/13115610\/adobestock-251887124-1500x1000.jpeg 1500w, https:\/\/images.winalist.com\/blog\/wp-content\/uploads\/2025\/01\/13115610\/adobestock-251887124-600x400.jpeg 600w, https:\/\/images.winalist.com\/blog\/wp-content\/uploads\/2025\/01\/13115610\/adobestock-251887124-768x512.jpeg 768w, https:\/\/images.winalist.com\/blog\/wp-content\/uploads\/2025\/01\/13115610\/adobestock-251887124-1536x1024.jpeg 1536w, https:\/\/images.winalist.com\/blog\/wp-content\/uploads\/2025\/01\/13115610\/adobestock-251887124-1290x860.jpeg 1290w, https:\/\/images.winalist.com\/blog\/wp-content\/uploads\/2025\/01\/13115610\/adobestock-251887124.jpeg 1620w\" sizes=\"(max-width: 1500px) 100vw, 1500px\" \/><\/figure>\n\n\n\n<p class=\"wp-block-paragraph\">Juste sous la Place du Forum, le Cryptoportique est une galerie semi-enterr\u00e9e du <strong>I\u1d49\u02b3\u2013II\u1d49 si\u00e8cle<\/strong>, vestige du forum antique. <strong>Entr\u00e9e gratuite<\/strong>, ouvert de juillet \u00e0 octobre, tous les jours de 14h \u00e0 18h. Le site est rare en Europe \u2014 \u00e0 combiner avec la Place du Forum juste au-dessus.<\/p>\n\n\n\n<h3 class=\"wp-block-heading\">6. La place du Forum<\/h3>\n\n\n\n<p class=\"wp-block-paragraph\">Situ\u00e9e sur l&rsquo;ancien forum romain de Durocortorum, la Place du Forum est aujourd&rsquo;hui un carr\u00e9 vivant bord\u00e9 de terrasses. Point d&rsquo;orgue : l&rsquo;acc\u00e8s au Cryptoportique (ci-dessus) et le march\u00e9 couvert adjacent. <\/p>\n\n\n\n<p class=\"wp-block-paragraph\">Notre \u00e9quipe recommande d&rsquo;y d\u00e9guster une coupe de champagne et un biscuit rose de Reims \u2014 les <strong>biscuits roses Fossier<\/strong> existent depuis 1756.<\/p>\n\n\n\n<h3 class=\"wp-block-heading\">7. Les halles Art d\u00e9co du Boulingrin<\/h3>\n\n\n\n<figure class=\"wp-block-image alignwide size-large\"><img loading=\"lazy\" decoding=\"async\" width=\"1500\" height=\"1000\" src=\"https:\/\/images.winalist.com\/blog\/wp-content\/uploads\/2025\/01\/13115916\/adobestock-530170359-editorial-use-only-1500x1000.jpeg\" alt=\"- - -\" class=\"wp-image-32795\" title=\"- - -\" srcset=\"https:\/\/images.winalist.com\/blog\/wp-content\/uploads\/2025\/01\/13115916\/adobestock-530170359-editorial-use-only-1500x1000.jpeg 1500w, https:\/\/images.winalist.com\/blog\/wp-content\/uploads\/2025\/01\/13115916\/adobestock-530170359-editorial-use-only-600x400.jpeg 600w, https:\/\/images.winalist.com\/blog\/wp-content\/uploads\/2025\/01\/13115916\/adobestock-530170359-editorial-use-only-768x512.jpeg 768w, https:\/\/images.winalist.com\/blog\/wp-content\/uploads\/2025\/01\/13115916\/adobestock-530170359-editorial-use-only-1536x1024.jpeg 1536w, https:\/\/images.winalist.com\/blog\/wp-content\/uploads\/2025\/01\/13115916\/adobestock-530170359-editorial-use-only-1290x860.jpeg 1290w, https:\/\/images.winalist.com\/blog\/wp-content\/uploads\/2025\/01\/13115916\/adobestock-530170359-editorial-use-only.jpeg 1620w\" sizes=\"(max-width: 1500px) 100vw, 1500px\" \/><\/figure>\n\n\n\n<p class=\"wp-block-paragraph\">Construites en <strong>1929<\/strong> par l&rsquo;architecte \u00c9mile Maigrot, les halles du Boulingrin sont un chef d&rsquo;\u0153uvre d&rsquo;<strong>Art d\u00e9co<\/strong> (b\u00e9ton arm\u00e9, vo\u00fbte de 43 m de port\u00e9e libre). Le march\u00e9 fonctionne les mercredis, vendredis et samedis matin. Pour un petit-d\u00e9jeuner r\u00e9mois, c&rsquo;est l&rsquo;adresse.<\/p>\n\n\n\n<h3 class=\"wp-block-heading\">8. La Villa Demoiselle : joyau Art Nouveau<\/h3>\n\n\n\n<figure class=\"wp-block-image alignwide size-large alignnone size-full wp-image-11849\"><img decoding=\"async\" src=\"https:\/\/media.winalist.com\/prod\/uploads\/E7iuG6Fe3Ata.jpg\" alt=\"photo de la villa demoiselle \u00e0 Reims\" title=\"- - -\"><\/figure>\n\n\n\n<p class=\"wp-block-paragraph\">Construite en 1908 par Henri-Vasnier, la <a href=\"https:\/\/www.winalist.fr\/hosts\/3498\/villa-demoiselle\">Villa Demoiselle<\/a> m\u00e9lange Art nouveau et Art d\u00e9co. C&rsquo;est un v\u00e9ritable fleuron de la ville de Reims, au d\u00e9cor \u00e9tudi\u00e9 et raffin\u00e9 qui vous permettra d&rsquo;en apprendre davantage sur l&rsquo;histoire des grandes maisons de champagne qui ont b\u00e2ti la r\u00e9putation de la r\u00e9gion<\/p>\n\n\n\n<p class=\"wp-block-paragraph\">Elle appartient aujourd&rsquo;hui au groupe Vranken-Pommery et se visite avec d\u00e9gustation de champagne. <strong>Compter 1h15, \u00e0 partir de 45 \u20ac<\/strong> (les places sont pris\u00e9es, r\u00e9servation fortement recommand\u00e9e).<\/p>\n\n\n\n<div id=\"winalist-partner-widget-c80xswnh4u4\" class=\"winalist-partner-widget\" data-host-id=\"3498\" data-host-slug=\"villa-demoiselle\" data-host-name=\"Villa Demoiselle - Champagne Vranken\" data-utms=\"utm_source=blog&#038;utm_medium=blog&#038;utm_campaign=affiliatewidget\"><\/div>\n        <script type=\"application\/javascript\">\n          var winalistWidget = document.getElementById('winalist-partner-widget-c80xswnh4u4');\n          var i = document.createElement(\"iframe\");\n          i.style.border = \"none\";\n          i.style.width = \"100%\";\n          i.style.minHeight = \"550px\";i.setAttribute(\"src\", \"https:\/\/www.winalist.fr\/w\/embed?partner=14&type=slider&slider_show_type=experiences&slider_type=host&host_id=3498&locale=fr_FR&activity_id=any&display_title=yes\");\n          if(winalistWidget) winalistWidget.prepend(i);\n        <\/script>\n        <script type=\"application\/javascript\" src=\"https:\/\/cdn.winalist.com\/widget\/affiliate-widget-config.min.js\"><\/script>\n\n\n\n<p class=\"wp-block-paragraph\"><\/p>\n\n\n\n<h3 class=\"wp-block-heading\">9. Le Parc de Champagne<\/h3>\n\n\n\n<figure class=\"wp-block-image alignwide size-large\"><img decoding=\"async\" src=\"https:\/\/upload.wikimedia.org\/wikipedia\/commons\/9\/93\/Parc_de_champagne_225.JPG\" alt=\"- - -\" title=\"- - -\"><\/figure>\n\n\n\n<p class=\"wp-block-paragraph\">Ce parc de 22 hectares situ\u00e9 en bordure de la Butte Saint-Nicaise est le lieu id\u00e9al pour une pause entre deux visites de caves. L&rsquo;entr\u00e9e y est libre et c&rsquo;est l\u00e0 ou les r\u00e9mois s&rsquo;y retrouve le week-end pour un pique-nique ou un moment de d\u00e9tente.<\/p>\n\n\n\n<h3 class=\"wp-block-heading\">10. Les Grandes Maisons de Champagne<\/h3>\n\n\n\n<p class=\"wp-block-paragraph\">Une visite de la ville ne serait pas compl\u00e8te sans explorer les caves des <a href=\"https:\/\/www.winalist.fr\/blog\/france\/champagne\/maisons-champagne-reims\">Maisons de Champagne de Reims<\/a>. La majorit\u00e9 sont accessibles \u00e0 pieds depuis le centre ville, mais si vous pr\u00e9voyez d&rsquo;acheter plusieurs bouteilles, il peut \u00eatre pertinent de prendre une voiture ou les transports en commun.<\/p>\n\n\n\n<p class=\"wp-block-paragraph\"><\/p>\n\n\n\t<div class=\"winalist-recos\">\n\t\t\t\t\t<header class=\"winalist-recos__header\">\n\t\t\t\t\t\t\t\t\t\t\t\t\t<div class=\"winalist-recos__intro\"><p>Reims concentre 10 grandes maisons ouvertes \u00e0 la visite, voici nos recommandations et lien pour y r\u00e9server votre visite. <\/p>\n<\/div>\n\t\t\t\t\t\t\t<\/header>\n\t\t\n\t\t<ul class=\"winalist-recos__list\">\n\t\t\t\t\t\t\t<li class=\"winalist-recos__item\">\n\t\t\t\t\t<div class=\"winalist-recos__name\">\n\t\t\t\t\t\t\t\t\t\t\t\t\t<a class=\"winalist-recos__name-link\" href=\"https:\/\/www.winalist.fr\/hosts\/30\/champagne-pommery\" rel=\"noopener\" target=\"_blank\">Pommery<\/a>\n\t\t\t\t\t\t\t\t\t\t\t<\/div>\n\t\t\t\t\t<div class=\"winalist-recos__body\">\n\t\t\t\t\t\t<div class=\"winalist-recos__description\">\n\t\t\t\t\t\t\tLes 18 km de caves gallo-romaines creus\u00e9es dans la craie, l&rsquo;effet \u00ab\u00a0waouh\u00a0\u00bb architectural. Pour l&rsquo;\u00e9chelle et l&rsquo;art contemporain.\t\t\t\t\t\t\t\t\t\t\t\t\t\t\t<span class=\"obfuscate\">\n\t\t\t\t\t\t\t\t\t<a href=\"https:\/\/www.winalist.fr\/hosts\/30\/champagne-pommery\" class=\"winalist-recos__cta\" rel=\"nofollow noopener\" target=\"_blank\">\n\t\t\t\t\t\t\t\t\t\t<span class=\"winalist-recos__cta-arrow\" aria-hidden=\"true\">\u2192<\/span>\n\t\t\t\t\t\t\t\t\t\tR\u00e9server\t\t\t\t\t\t\t\t\t<\/a>\n\t\t\t\t\t\t\t\t<\/span>\n\t\t\t\t\t\t\t\t\t\t\t\t\t<\/div>\n\t\t\t\t\t<\/div>\n\t\t\t\t<\/li>\n\t\t\t\t\t\t\t<li class=\"winalist-recos__item\">\n\t\t\t\t\t<div class=\"winalist-recos__name\">\n\t\t\t\t\t\t\t\t\t\t\t\t\t<a class=\"winalist-recos__name-link\" href=\"https:\/\/www.winalist.fr\/hosts\/31\/champagne-taittinger\" rel=\"noopener\" target=\"_blank\">Taittinger<\/a>\n\t\t\t\t\t\t\t\t\t\t\t<\/div>\n\t\t\t\t\t<div class=\"winalist-recos__body\">\n\t\t\t\t\t\t<div class=\"winalist-recos__description\">\n\t\t\t\t\t\t\tLes caves de l&rsquo;ancienne abbaye Saint-Nicaise (XIII\u1d49). Pour l&rsquo;histoire et l&rsquo;atmosph\u00e8re.<br \/>\r\n\t\t\t\t\t\t\t\t\t\t\t\t\t\t\t<span class=\"obfuscate\">\n\t\t\t\t\t\t\t\t\t<a href=\"https:\/\/www.winalist.fr\/hosts\/31\/champagne-taittinger\" class=\"winalist-recos__cta\" rel=\"nofollow noopener\" target=\"_blank\">\n\t\t\t\t\t\t\t\t\t\t<span class=\"winalist-recos__cta-arrow\" aria-hidden=\"true\">\u2192<\/span>\n\t\t\t\t\t\t\t\t\t\tR\u00e9server\t\t\t\t\t\t\t\t\t<\/a>\n\t\t\t\t\t\t\t\t<\/span>\n\t\t\t\t\t\t\t\t\t\t\t\t\t<\/div>\n\t\t\t\t\t<\/div>\n\t\t\t\t<\/li>\n\t\t\t\t\t\t\t<li class=\"winalist-recos__item\">\n\t\t\t\t\t<div class=\"winalist-recos__name\">\n\t\t\t\t\t\t\t\t\t\t\t\t\t<a class=\"winalist-recos__name-link\" href=\"https:\/\/www.winalist.fr\/hosts\/101\/champagne-veuve-clicquot\" rel=\"noopener\" target=\"_blank\">Veuve Clicquot<\/a>\n\t\t\t\t\t\t\t\t\t\t\t<\/div>\n\t\t\t\t\t<div class=\"winalist-recos__body\">\n\t\t\t\t\t\t<div class=\"winalist-recos__description\">\n\t\t\t\t\t\t\t24 km de caves, \u00e9tiquette jaune iconique, r\u00e9cit de Madame Clicquot. Pour la figure.\t\t\t\t\t\t\t\t\t\t\t\t\t\t\t<span class=\"obfuscate\">\n\t\t\t\t\t\t\t\t\t<a href=\"https:\/\/www.winalist.fr\/hosts\/101\/champagne-veuve-clicquot\" class=\"winalist-recos__cta\" rel=\"nofollow noopener\" target=\"_blank\">\n\t\t\t\t\t\t\t\t\t\t<span class=\"winalist-recos__cta-arrow\" aria-hidden=\"true\">\u2192<\/span>\n\t\t\t\t\t\t\t\t\t\tR\u00e9server\t\t\t\t\t\t\t\t\t<\/a>\n\t\t\t\t\t\t\t\t<\/span>\n\t\t\t\t\t\t\t\t\t\t\t\t\t<\/div>\n\t\t\t\t\t<\/div>\n\t\t\t\t<\/li>\n\t\t\t\t\t\t\t<li class=\"winalist-recos__item\">\n\t\t\t\t\t<div class=\"winalist-recos__name\">\n\t\t\t\t\t\t\t\t\t\t\t\t\t<a class=\"winalist-recos__name-link\" href=\"https:\/\/www.winalist.fr\/hosts\/110\/champagne-ruinart\" rel=\"noopener\" target=\"_blank\">Ruinart<\/a>\n\t\t\t\t\t\t\t\t\t\t\t<\/div>\n\t\t\t\t\t<div class=\"winalist-recos__body\">\n\t\t\t\t\t\t<div class=\"winalist-recos__description\">\n\t\t\t\t\t\t\tPlus ancienne maison de champagne (fond\u00e9e en 1729). Cray\u00e8res UNESCO, visite confidentielle.\t\t\t\t\t\t\t\t\t\t\t\t\t\t\t<span class=\"obfuscate\">\n\t\t\t\t\t\t\t\t\t<a href=\"https:\/\/www.winalist.fr\/hosts\/110\/champagne-ruinart\" class=\"winalist-recos__cta\" rel=\"nofollow noopener\" target=\"_blank\">\n\t\t\t\t\t\t\t\t\t\t<span class=\"winalist-recos__cta-arrow\" aria-hidden=\"true\">\u2192<\/span>\n\t\t\t\t\t\t\t\t\t\tR\u00e9server\t\t\t\t\t\t\t\t\t<\/a>\n\t\t\t\t\t\t\t\t<\/span>\n\t\t\t\t\t\t\t\t\t\t\t\t\t<\/div>\n\t\t\t\t\t<\/div>\n\t\t\t\t<\/li>\n\t\t\t\t\t\t\t<li class=\"winalist-recos__item\">\n\t\t\t\t\t<div class=\"winalist-recos__name\">\n\t\t\t\t\t\t\t\t\t\t\t\t\t<a class=\"winalist-recos__name-link\" href=\"https:\/\/www.winalist.fr\/hosts\/3112\/le-3-par-champagne-thienot\" rel=\"noopener\" target=\"_blank\">Champagne Thi\u00e9not<\/a>\n\t\t\t\t\t\t\t\t\t\t\t<\/div>\n\t\t\t\t\t<div class=\"winalist-recos__body\">\n\t\t\t\t\t\t<div class=\"winalist-recos__description\">\n\t\t\t\t\t\t\tUne architecture incroyable et un hotel 5*, c&rsquo;est la seule maison avec une cuverie en sous-sol en plein c\u0153ur de Reims.\t\t\t\t\t\t\t\t\t\t\t\t\t\t\t<span class=\"obfuscate\">\n\t\t\t\t\t\t\t\t\t<a href=\"https:\/\/www.winalist.fr\/hosts\/3112\/le-3-par-champagne-thienot\" class=\"winalist-recos__cta\" rel=\"nofollow noopener\" target=\"_blank\">\n\t\t\t\t\t\t\t\t\t\t<span class=\"winalist-recos__cta-arrow\" aria-hidden=\"true\">\u2192<\/span>\n\t\t\t\t\t\t\t\t\t\tR\u00e9server\t\t\t\t\t\t\t\t\t<\/a>\n\t\t\t\t\t\t\t\t<\/span>\n\t\t\t\t\t\t\t\t\t\t\t\t\t<\/div>\n\t\t\t\t\t<\/div>\n\t\t\t\t<\/li>\n\t\t\t\t\t\t\t<li class=\"winalist-recos__item\">\n\t\t\t\t\t<div class=\"winalist-recos__name\">\n\t\t\t\t\t\t\t\t\t\t\t\t\t<a class=\"winalist-recos__name-link\" href=\"https:\/\/www.winalist.fr\/hosts\/106\/champagne-mumm\" rel=\"noopener\" target=\"_blank\">Mumm<\/a>\n\t\t\t\t\t\t\t\t\t\t\t<\/div>\n\t\t\t\t\t<div class=\"winalist-recos__body\">\n\t\t\t\t\t\t<div class=\"winalist-recos__description\">\n\t\t\t\t\t\t\tCe site embl\u00e9matique, avec ses b\u00e2timents classiques et ses caves souterraines \u00e9tendues, illustre la grandeur de la maison\t\t\t\t\t\t\t\t\t\t\t\t\t\t\t<span class=\"obfuscate\">\n\t\t\t\t\t\t\t\t\t<a href=\"https:\/\/www.winalist.fr\/hosts\/106\/champagne-mumm\" class=\"winalist-recos__cta\" rel=\"nofollow noopener\" target=\"_blank\">\n\t\t\t\t\t\t\t\t\t\t<span class=\"winalist-recos__cta-arrow\" aria-hidden=\"true\">\u2192<\/span>\n\t\t\t\t\t\t\t\t\t\tR\u00e9server\t\t\t\t\t\t\t\t\t<\/a>\n\t\t\t\t\t\t\t\t<\/span>\n\t\t\t\t\t\t\t\t\t\t\t\t\t<\/div>\n\t\t\t\t\t<\/div>\n\t\t\t\t<\/li>\n\t\t\t\t\t\t\t<li class=\"winalist-recos__item\">\n\t\t\t\t\t<div class=\"winalist-recos__name\">\n\t\t\t\t\t\t\t\t\t\t\t\t\t<a class=\"winalist-recos__name-link\" href=\"https:\/\/www.winalist.fr\/hosts\/300\/champagne-charles-de-cazanove\" rel=\"noopener\" target=\"_blank\">Charles De Cazanove<\/a>\n\t\t\t\t\t\t\t\t\t\t\t<\/div>\n\t\t\t\t\t<div class=\"winalist-recos__body\">\n\t\t\t\t\t\t<div class=\"winalist-recos__description\">\n\t\t\t\t\t\t\tD\u00e9couvrir une maison fond\u00e9e en 1811 qui a su traverser les si\u00e8cles en gardant un style champenois authentique.\t\t\t\t\t\t\t\t\t\t\t\t\t\t\t<span class=\"obfuscate\">\n\t\t\t\t\t\t\t\t\t<a href=\"https:\/\/www.winalist.fr\/hosts\/300\/champagne-charles-de-cazanove\" class=\"winalist-recos__cta\" rel=\"nofollow noopener\" target=\"_blank\">\n\t\t\t\t\t\t\t\t\t\t<span class=\"winalist-recos__cta-arrow\" aria-hidden=\"true\">\u2192<\/span>\n\t\t\t\t\t\t\t\t\t\tR\u00e9server\t\t\t\t\t\t\t\t\t<\/a>\n\t\t\t\t\t\t\t\t<\/span>\n\t\t\t\t\t\t\t\t\t\t\t\t\t<\/div>\n\t\t\t\t\t<\/div>\n\t\t\t\t<\/li>\n\t\t\t\t\t\t\t<li class=\"winalist-recos__item\">\n\t\t\t\t\t<div class=\"winalist-recos__name\">\n\t\t\t\t\t\t\t\t\t\t\t\t\t<a class=\"winalist-recos__name-link\" href=\"https:\/\/www.winalist.fr\/hosts\/2180\/champagne-jacquart\" rel=\"noopener\" target=\"_blank\">Jacquart<\/a>\n\t\t\t\t\t\t\t\t\t\t\t<\/div>\n\t\t\t\t\t<div class=\"winalist-recos__body\">\n\t\t\t\t\t\t<div class=\"winalist-recos__description\">\n\t\t\t\t\t\t\tPour une d\u00e9gustation au coeur d&rsquo;un H\u00f4tel particulier proche du centre de Reims.\t\t\t\t\t\t\t\t\t\t\t\t\t\t\t<span class=\"obfuscate\">\n\t\t\t\t\t\t\t\t\t<a href=\"https:\/\/www.winalist.fr\/hosts\/2180\/champagne-jacquart\" class=\"winalist-recos__cta\" rel=\"nofollow noopener\" target=\"_blank\">\n\t\t\t\t\t\t\t\t\t\t<span class=\"winalist-recos__cta-arrow\" aria-hidden=\"true\">\u2192<\/span>\n\t\t\t\t\t\t\t\t\t\tR\u00e9server\t\t\t\t\t\t\t\t\t<\/a>\n\t\t\t\t\t\t\t\t<\/span>\n\t\t\t\t\t\t\t\t\t\t\t\t\t<\/div>\n\t\t\t\t\t<\/div>\n\t\t\t\t<\/li>\n\t\t\t\t\t\t\t<li class=\"winalist-recos__item\">\n\t\t\t\t\t<div class=\"winalist-recos__name\">\n\t\t\t\t\t\t\t\t\t\t\t\t\t<a class=\"winalist-recos__name-link\" href=\"https:\/\/www.winalist.fr\/hosts\/303\/champagne-g-h-martel-c\" rel=\"noopener\" target=\"_blank\">G.H. Martel &amp; C\u00ba<\/a>\n\t\t\t\t\t\t\t\t\t\t\t<\/div>\n\t\t\t\t\t<div class=\"winalist-recos__body\">\n\t\t\t\t\t\t<div class=\"winalist-recos__description\">\n\t\t\t\t\t\t\tD\u00e9couvrir une cave confidentielle en plein centre de Reims et des outils champenois historiques.\t\t\t\t\t\t\t\t\t\t\t\t\t\t\t<span class=\"obfuscate\">\n\t\t\t\t\t\t\t\t\t<a href=\"https:\/\/www.winalist.fr\/hosts\/303\/champagne-g-h-martel-c\" class=\"winalist-recos__cta\" rel=\"nofollow noopener\" target=\"_blank\">\n\t\t\t\t\t\t\t\t\t\t<span class=\"winalist-recos__cta-arrow\" aria-hidden=\"true\">\u2192<\/span>\n\t\t\t\t\t\t\t\t\t\tR\u00e9server\t\t\t\t\t\t\t\t\t<\/a>\n\t\t\t\t\t\t\t\t<\/span>\n\t\t\t\t\t\t\t\t\t\t\t\t\t<\/div>\n\t\t\t\t\t<\/div>\n\t\t\t\t<\/li>\n\t\t\t\t\t<\/ul>\n\n\t\t\t<\/div>\n\t\n\n\n<div id=\"winalist-partner-widget-7fkc1adofy9\" class=\"winalist-partner-widget\" data-utms=\"utm_source=blog&#038;utm_medium=blog&#038;utm_campaign=affiliatewidget\"><\/div>\n        <script type=\"application\/javascript\">\n          var winalistWidget = document.getElementById('winalist-partner-widget-7fkc1adofy9');\n          var i = document.createElement(\"iframe\");\n          i.style.border = \"none\";\n          i.style.width = \"100%\";\n          i.style.minHeight = \"550px\";i.setAttribute(\"src\", \"https:\/\/www.winalist.fr\/w\/embed?partner=14&type=slider&slider_show_type=hosts&slider_type=location&city_id=2&locale=fr_FR&activity_id=any&display_title=yes\");\n          if(winalistWidget) winalistWidget.prepend(i);\n        <\/script>\n        <script type=\"application\/javascript\" src=\"https:\/\/cdn.winalist.com\/widget\/affiliate-widget-config.min.js\"><\/script>\n\n\n\n<blockquote class=\"wp-block-quote is-layout-flow wp-block-quote-is-layout-flow\">\n<p class=\"wp-block-paragraph\">\ud83d\udca1 Pensez<strong> \u00e0 r\u00e9server 2 \u00e0 3 semaines \u00e0 l&rsquo;avance<\/strong> en haute saison (mai \u00e0 septembre) \u2014 compte tenu de leur notori\u00e9t\u00e9 internationale, les domaines sont vite complets. <\/p>\n<\/blockquote>\n\n\n\n<p class=\"wp-block-paragraph\"><\/p>\n\n\n\n<h3 class=\"wp-block-heading\">11. Les ateliers Simon Marq<\/h3>\n\n\n\n<figure class=\"wp-block-image alignwide size-full\"><img loading=\"lazy\" decoding=\"async\" width=\"1080\" height=\"864\" src=\"https:\/\/images.winalist.com\/blog\/wp-content\/uploads\/2021\/01\/17143807\/520928523-18054442313379856-201428942929508648-n.jpg\" alt=\"- - -\" class=\"wp-image-54350\" title=\"- - -\" srcset=\"https:\/\/images.winalist.com\/blog\/wp-content\/uploads\/2021\/01\/17143807\/520928523-18054442313379856-201428942929508648-n.jpg 1080w, https:\/\/images.winalist.com\/blog\/wp-content\/uploads\/2021\/01\/17143807\/520928523-18054442313379856-201428942929508648-n-600x480.jpg 600w, https:\/\/images.winalist.com\/blog\/wp-content\/uploads\/2021\/01\/17143807\/520928523-18054442313379856-201428942929508648-n-768x614.jpg 768w\" sizes=\"(max-width: 1080px) 100vw, 1080px\" \/><\/figure>\n\n\n\n<p class=\"wp-block-paragraph\">Ma\u00eetre verrier r\u00e9mois depuis 1640, l&rsquo;atelier Simon Marq a restaur\u00e9 les vitraux de la cath\u00e9drale apr\u00e8s les bombardements de 1914-1918 et travaill\u00e9 sur les vitraux du chantier de la cath\u00e9drale de Paris.<\/p>\n\n\n\n<p class=\"wp-block-paragraph\">Vous y d\u00e9couvriez les diff\u00e9rentes \u00e9tapes de cr\u00e9ation d\u2019un vitrail, depuis l\u2019histoire du verre jusqu\u2019au travail minutieux des artisans. Acc\u00e8dez aux espaces de production, o\u00f9 se d\u00e9voilent gestes, outils et techniques transmis depuis plus de quatre si\u00e8cles. Visites sur rendez-vous uniquement \u2014 contacter directement l&rsquo;atelier <a href=\"https:\/\/www.ateliersimonmarq.com\/fr\/contact\" target=\"_blank\" rel=\"noopener\">ici<\/a>.<\/p>\n\n\n\n<h3 class=\"wp-block-heading\">12. Un atelier de cr\u00e9ation de cuv\u00e9es<\/h3>\n\n\n\n<p class=\"wp-block-paragraph\">A 20 minutes du centre ville \u00e0 pieds, d\u00e9couvrez le premier chai urbain de Reims ! Faire du vin en plein coeur d&rsquo;un milieu urbain, c&rsquo;est ce que Laure et Fabrice s&rsquo;att\u00e8lent \u00e0 faire depuis 2021. Avec eux, participez \u00e0 un atelier de cr\u00e9ation de votre propre cuv\u00e9e et d\u00e9couvrez les secrets de la vinification.<\/p>\n\n\n\n<div id=\"winalist-partner-widget-mhgnx2xg0wf\" class=\"winalist-partner-widget\" data-host-id=\"1775\" data-host-slug=\"dock-les-sacres-chais\" data-host-name=\"Dock - Les Sacr\u00e9s Chais\" data-utms=\"utm_source=blog&#038;utm_medium=blog&#038;utm_campaign=affiliatewidget\">\n<\/div>\n        <script type=\"application\/javascript\">\n          var winalistWidget = document.getElementById('winalist-partner-widget-mhgnx2xg0wf');\n          var i = document.createElement(\"iframe\");\n          i.style.border = \"none\";\n          i.style.width = \"100%\";\n          i.style.minHeight = \"550px\";i.setAttribute(\"src\", \"https:\/\/www.winalist.com\/w\/embed?partner=14&type=experiences-slider&slider_type=host&host_id=1775&locale=fr_FR&activity_id=any&display_title=yes\");\n          if(winalistWidget) winalistWidget.prepend(i);\n        <\/script>\n        <script type=\"application\/javascript\" src=\"https:\/\/cdn.winalist.com\/widget\/affiliate-widget-config.min.js\"><\/script>\n\n\n\n<p class=\"wp-block-paragraph\"><\/p>\n\n\n\n<h3 class=\"wp-block-heading\">13. La Basilique Saint-Remi<\/h3>\n\n\n\n<figure class=\"wp-block-image size-large\"><img loading=\"lazy\" decoding=\"async\" width=\"1500\" height=\"1032\" src=\"https:\/\/images.winalist.com\/blog\/wp-content\/uploads\/2021\/01\/10123543\/adobestock-184386189-1500x1032.jpeg\" alt=\"- - -\" class=\"wp-image-55026\" title=\"- - -\" srcset=\"https:\/\/images.winalist.com\/blog\/wp-content\/uploads\/2021\/01\/10123543\/adobestock-184386189-1500x1032.jpeg 1500w, https:\/\/images.winalist.com\/blog\/wp-content\/uploads\/2021\/01\/10123543\/adobestock-184386189-600x413.jpeg 600w, https:\/\/images.winalist.com\/blog\/wp-content\/uploads\/2021\/01\/10123543\/adobestock-184386189-768x528.jpeg 768w, https:\/\/images.winalist.com\/blog\/wp-content\/uploads\/2021\/01\/10123543\/adobestock-184386189-1536x1057.jpeg 1536w, https:\/\/images.winalist.com\/blog\/wp-content\/uploads\/2021\/01\/10123543\/adobestock-184386189-1290x887.jpeg 1290w, https:\/\/images.winalist.com\/blog\/wp-content\/uploads\/2021\/01\/10123543\/adobestock-184386189.jpeg 1570w\" sizes=\"(max-width: 1500px) 100vw, 1500px\" \/><\/figure>\n\n\n\n<p class=\"wp-block-paragraph\">Moins connue que la cath\u00e9drale, la <strong>Basilique Saint-Remi<\/strong> est plus ancienne (construction d\u00e9but\u00e9e au <strong>XI\u1d49 si\u00e8cle<\/strong>) et tout aussi inscrite \u00e0 l&rsquo;UNESCO. Elle abrite le tombeau de saint Remi, qui baptisa Clovis vers 496 \u2014 l&rsquo;acte fondateur du sacre des rois de France. \u00c0 15 minutes \u00e0 pied de la cath\u00e9drale, souvent plus calme.<\/p>\n\n\n\n<h3 class=\"wp-block-heading\">14. Le Mus\u00e9e des Beaux-Arts de Reims<\/h3>\n\n\n\n<p class=\"wp-block-paragraph\">Ce <strong>mus\u00e9e<\/strong> rassemble de riches collections allant de l\u2019\u00e9poque m\u00e9di\u00e9vale \u00e0 l\u2019art contemporain. L\u2019occasion d\u2019admirer des \u0153uvres de Renoir, Delacroix ou Corot. Une belle pause culturelle \u00e0 inclure dans votre itin\u00e9raire pour <strong>faire \u00e0 Reims<\/strong>.<\/p>\n\n\n\n<blockquote class=\"wp-block-quote is-layout-flow wp-block-quote-is-layout-flow\">\n<p class=\"wp-block-paragraph\">\u26a0\ufe0f <strong>Ferm\u00e9 pour travaux jusqu&rsquo;en juin 2027<\/strong>. \u00c0 la r\u00e9ouverture, le mus\u00e9e pr\u00e9sentera plus de <strong>1 300 \u0153uvres<\/strong> (Cranach, Corot, David, Pissarro, 13 toiles de Renoir\u2026) dans un b\u00e2timent refondu par Aires Mateus.<\/p>\n<\/blockquote>\n\n\n\n<h3 class=\"wp-block-heading\">15. D\u00e9guster un biscuit rose de Reims<\/h3>\n\n\n\n<figure class=\"wp-block-image size-full\"><img loading=\"lazy\" decoding=\"async\" width=\"1440\" height=\"1080\" src=\"https:\/\/images.winalist.com\/blog\/wp-content\/uploads\/2021\/01\/10123645\/adobestock-852572491-editorial-use-only.jpeg\" alt=\"- - -\" class=\"wp-image-55027\" title=\"- - -\" srcset=\"https:\/\/images.winalist.com\/blog\/wp-content\/uploads\/2021\/01\/10123645\/adobestock-852572491-editorial-use-only.jpeg 1440w, https:\/\/images.winalist.com\/blog\/wp-content\/uploads\/2021\/01\/10123645\/adobestock-852572491-editorial-use-only-600x450.jpeg 600w, https:\/\/images.winalist.com\/blog\/wp-content\/uploads\/2021\/01\/10123645\/adobestock-852572491-editorial-use-only-768x576.jpeg 768w, https:\/\/images.winalist.com\/blog\/wp-content\/uploads\/2021\/01\/10123645\/adobestock-852572491-editorial-use-only-400x300.jpeg 400w, https:\/\/images.winalist.com\/blog\/wp-content\/uploads\/2021\/01\/10123645\/adobestock-852572491-editorial-use-only-1290x968.jpeg 1290w\" sizes=\"(max-width: 1440px) 100vw, 1440px\" \/><\/figure>\n\n\n\n<p class=\"wp-block-paragraph\">Cr\u00e9\u00e9 vers <strong>1756<\/strong> par la Maison Fossier (plus ancienne biscuiterie de France encore en activit\u00e9), le biscuit rose accompagne traditionnellement le champagne, c&rsquo;est la sp\u00e9cialit\u00e9 embl\u00e9matique de la r\u00e9gion ! Boutique historique <strong>25 cours Jean-Baptiste Langlet<\/strong> \u2014 un passage oblig\u00e9 pour un souvenir \u00e0 rapporter.<\/p>\n\n\n\n<p class=\"wp-block-paragraph\"><\/p>\n\n\n\n<h2 class=\"wp-block-heading\">Que faire autour de Reims ?<\/h2>\n\n\n\n<p class=\"wp-block-paragraph\"><\/p>\n\n\n\n<h3 class=\"wp-block-heading\">Explorer la Route touristique du Champagne<\/h3>\n\n\n\n<p class=\"wp-block-paragraph\">Autour de Reims, la c\u00e9l\u00e8bre <a href=\"https:\/\/www.winalist.fr\/blog\/france\/champagne\/route-du-champagne\">Route touristique du Champagne<\/a> vous emm\u00e8ne \u00e0 travers des paysages vallonn\u00e9s ponctu\u00e9s de vignes renomm\u00e9es. Cette excursion est id\u00e9ale pour d\u00e9couvrir les fameuses <a href=\"https:\/\/www.winalist.fr\/regions\/champagne\">visite cave Champagne<\/a> et vignerons de Champagne. Vous y vivrez une immersion compl\u00e8te dans la culture, la gastronomie, et l&rsquo;art de vivre champenois. Si vous souhaitez \u00e9tendre votre s\u00e9jour, ne manquez pas non plus notre guide pour un parfait <a href=\"https:\/\/www.winalist.fr\/blog\/france\/champagne\/week-end-en-champagne-itineraire\">weekend en Champagne<\/a>.<\/p>\n\n\n\n<p class=\"wp-block-paragraph\"><\/p>\n\n\n\n<iframe src=\"https:\/\/www.google.com\/maps\/d\/u\/0\/embed?mid=1DvN_i_7Lrlt2qJTzdtpPMSdVIDcH498&#038;ehbc=2E312F\" width=\"840\" height=\"680\"><\/iframe>\n\n\n\n<p class=\"wp-block-paragraph\"><\/p>\n\n\n\n<h3 class=\"wp-block-heading\">Visiter Epernay<\/h3>\n\n\n\n<figure class=\"wp-block-image alignwide size-full\"><img loading=\"lazy\" decoding=\"async\" width=\"1453\" height=\"1080\" src=\"https:\/\/images.winalist.com\/blog\/wp-content\/uploads\/2022\/03\/07100404\/iStock-1599538362.jpg\" alt=\"- - -\" class=\"wp-image-28320\" title=\"- - -\" srcset=\"https:\/\/images.winalist.com\/blog\/wp-content\/uploads\/2022\/03\/07100404\/iStock-1599538362.jpg 1453w, https:\/\/images.winalist.com\/blog\/wp-content\/uploads\/2022\/03\/07100404\/iStock-1599538362-600x446.jpg 600w, https:\/\/images.winalist.com\/blog\/wp-content\/uploads\/2022\/03\/07100404\/iStock-1599538362-768x571.jpg 768w, https:\/\/images.winalist.com\/blog\/wp-content\/uploads\/2022\/03\/07100404\/iStock-1599538362-1290x959.jpg 1290w\" sizes=\"(max-width: 1453px) 100vw, 1453px\" \/><\/figure>\n\n\n\n<p class=\"wp-block-paragraph\">Charmante ville nich\u00e9e \u00e0 30 minutes au sud de Reims, Epernay est surnomm\u00e9e la \u00ab capitale du Champagne \u00bb. R\u00e9put\u00e9e pour abriter certaines des maisons de champagne les plus prestigieuses au monde, telles que <strong>Mo\u00ebt &amp; Chandon<\/strong> et <strong>Mercier<\/strong>, vous pourrez vous lancer dans des visites guid\u00e9es de caves historiques, d\u00e9couvrir le processus de fabrication du champagne et savourer certains des meilleurs champagnes p\u00e9tillants des environs.<\/p>\n\n\n\n<p class=\"wp-block-paragraph\">D\u00e9couvrez notre guide d\u00e9di\u00e9 sur <a href=\"https:\/\/www.winalist.fr\/blog\/france\/champagne\/visiter-epernay\">que faire \u00e0 Epernay<\/a> ainsi que les meilleures <a href=\"https:\/\/winalist.fr\/cities\/epernay\" target=\"_blank\" rel=\"noopener\">visites caves \u00c9pernay<\/a> \u00e0 r\u00e9server.<\/p>\n\n\n\n<h3 class=\"wp-block-heading\">D\u00e9couvrir Hautvillers, berceau du champagne<\/h3>\n\n\n\n<figure class=\"wp-block-image size-large\"><img loading=\"lazy\" decoding=\"async\" width=\"1500\" height=\"844\" src=\"https:\/\/images.winalist.com\/blog\/wp-content\/uploads\/2021\/01\/10124853\/adobestock-224943175-1500x844.jpeg\" alt=\"- - -\" class=\"wp-image-55033\" title=\"- - -\" srcset=\"https:\/\/images.winalist.com\/blog\/wp-content\/uploads\/2021\/01\/10124853\/adobestock-224943175-1500x844.jpeg 1500w, https:\/\/images.winalist.com\/blog\/wp-content\/uploads\/2021\/01\/10124853\/adobestock-224943175-600x338.jpeg 600w, https:\/\/images.winalist.com\/blog\/wp-content\/uploads\/2021\/01\/10124853\/adobestock-224943175-768x432.jpeg 768w, https:\/\/images.winalist.com\/blog\/wp-content\/uploads\/2021\/01\/10124853\/adobestock-224943175-1536x864.jpeg 1536w, https:\/\/images.winalist.com\/blog\/wp-content\/uploads\/2021\/01\/10124853\/adobestock-224943175-1290x726.jpeg 1290w, https:\/\/images.winalist.com\/blog\/wp-content\/uploads\/2021\/01\/10124853\/adobestock-224943175.jpeg 1920w\" sizes=\"(max-width: 1500px) 100vw, 1500px\" \/><\/figure>\n\n\n\n<p class=\"wp-block-paragraph\">Situ\u00e9 \u00e0 25 minutes de Reims, le charmant village de Hautvillers s\u00e9duit avec ses ruelles authentiques, son \u00e9glise \u00e0 plan basilical et sa vue sur les vignobles. Ce lieu incontournable li\u00e9 \u00e0 l\u2019histoire du vin est \u00e9galement le village o\u00f9 Dom P\u00e9rignon aurait invent\u00e9 le champagne. <\/p>\n\n\n\n<h3 class=\"wp-block-heading\">Le Phare de Verzenay<\/h3>\n\n\n\n<figure class=\"wp-block-image size-large\"><img decoding=\"async\" src=\"https:\/\/upload.wikimedia.org\/wikipedia\/commons\/thumb\/5\/50\/Le_phare_de_Verzenay%2C_vu_de_la._D.7.jpg\/1280px-Le_phare_de_Verzenay%2C_vu_de_la._D.7.jpg\" alt=\"- - -\" title=\"- - -\"><\/figure>\n\n\n\n<p class=\"wp-block-paragraph\">\u00c0 une vingtaine de minutes de Reims, le Phare de Verzenay est probablement le point de vue le plus sous-estim\u00e9 de toute la Champagne. Oui, un phare en pleine vigne \u2014 construit en 1909 par un n\u00e9gociant malin qui voulait qu&rsquo;on voie sa marque depuis le train Paris-Reims. Aujourd&rsquo;hui on y monte surtout pour ce qu&rsquo;il offre en haut : une vue \u00e0 360\u00b0 sur la Montagne de Reims. Le petit mus\u00e9e de la vigne \u00e0 la base du phare vaut aussi le d\u00e9tour \u2014 comptez 1h sur place.<\/p>\n\n\n\n<p class=\"wp-block-paragraph\">Depuis le sommet du phare, vous aper\u00e7evrez aussi le <strong>Moulin de Verzenay<\/strong>, ce moulin \u00e0 vent isol\u00e9 au milieu des vignes qui appartient \u00e0 la maison Mumm \u2014 il ne se visite pas, mais c&rsquo;est l&rsquo;un des clich\u00e9s les plus iconiques de la Champagne, \u00e0 garder en t\u00eate pour la photo<\/p>\n\n\n\n<p class=\"wp-block-paragraph\"><\/p>\n\n\n\n<h3 class=\"wp-block-heading\">Se promener dans la Montagne de Reims<\/h3>\n\n\n\n<figure class=\"wp-block-image size-large\"><img loading=\"lazy\" decoding=\"async\" width=\"1500\" height=\"1000\" src=\"https:\/\/images.winalist.com\/blog\/wp-content\/uploads\/2025\/01\/25083813\/adobestock-669444922-1-1500x1000.jpeg\" alt=\"- - -\" class=\"wp-image-33352\" title=\"- - -\" srcset=\"https:\/\/images.winalist.com\/blog\/wp-content\/uploads\/2025\/01\/25083813\/adobestock-669444922-1-1500x1000.jpeg 1500w, https:\/\/images.winalist.com\/blog\/wp-content\/uploads\/2025\/01\/25083813\/adobestock-669444922-1-600x400.jpeg 600w, https:\/\/images.winalist.com\/blog\/wp-content\/uploads\/2025\/01\/25083813\/adobestock-669444922-1-768x512.jpeg 768w, https:\/\/images.winalist.com\/blog\/wp-content\/uploads\/2025\/01\/25083813\/adobestock-669444922-1-1536x1024.jpeg 1536w, https:\/\/images.winalist.com\/blog\/wp-content\/uploads\/2025\/01\/25083813\/adobestock-669444922-1-1290x860.jpeg 1290w, https:\/\/images.winalist.com\/blog\/wp-content\/uploads\/2025\/01\/25083813\/adobestock-669444922-1.jpeg 1620w\" sizes=\"(max-width: 1500px) 100vw, 1500px\" \/><\/figure>\n\n\n\n<p class=\"wp-block-paragraph\">Entre Reims et \u00c9pernay, \u00e0 seulement 20 minutes du centre de Reims, la Montagne de Reims est un parc naturel r\u00e9gional qui offre d\u2019innombrables sentiers de randonn\u00e9e p\u00e9destre et des panoramas fantastiques sur les vignobles. C\u2019est l\u2019endroit parfait pour une escapade nature entre for\u00eats, plateaux calcaires et villages de charme. Ce site prot\u00e9g\u00e9 refl\u00e8te un riche patrimoine architectural et naturel, encore plus fascinant si vous \u00eates amateur de pr\u00e9histoire et de sacr\u00e9-c\u0153ur \u00e0 Reims.<\/p>\n\n\n\n<p class=\"wp-block-paragraph\"><\/p>\n\n\n\n<h3 class=\"wp-block-heading\">Faire un tour guid\u00e9 de la r\u00e9gion Champenoise<\/h3>\n\n\n\n<figure class=\"wp-block-image alignwide size-large\"><img decoding=\"async\" src=\"https:\/\/media.winalist.com\/prod\/uploads\/6FTKaebyN4tP.jpg\" alt=\"- - -\" title=\"- - -\"><\/figure>\n\n\n\n<p class=\"wp-block-paragraph\"><br>Si vous ne savez pas par ou commencer et pr\u00e9f\u00e9rez qu&rsquo;un guide vous am\u00e8ne \u00e0 travers la r\u00e9gion pour y d\u00e9couvrir les plus beaux lieux, alors r\u00e9server une visite en mini-van d&rsquo;une journ\u00e9e ou une demi-journ\u00e9e est une excellente id\u00e9e ! Au d\u00e9part de Reims et d&rsquo;Epernay, vous trouverez facilement votre bonheur.<\/p>\n\n\n\n<p class=\"wp-block-paragraph\"><\/p>\n\n\n\n<div id=\"winalist-partner-widget-mx5h3mfmcf\" class=\"winalist-partner-widget\" data-utms=\"utm_source=blog&#038;utm_medium=blog&#038;utm_campaign=affiliatewidget\"><\/div>\n        <script type=\"application\/javascript\">\n          var winalistWidget = document.getElementById('winalist-partner-widget-mx5h3mfmcf');\n          var i = document.createElement(\"iframe\");\n          i.style.border = \"none\";\n          i.style.width = \"100%\";\n          i.style.minHeight = \"550px\";i.setAttribute(\"src\", \"https:\/\/www.winalist.com\/w\/embed?partner=14&type=experiences-slider&slider_type=location&region_id=10&locale=fr_FR&activity_id=28&display_title=yes\");\n          if(winalistWidget) winalistWidget.prepend(i);\n        <\/script>\n        <script type=\"application\/javascript\" src=\"https:\/\/cdn.winalist.com\/widget\/affiliate-widget-config.min.js\"><\/script>\n\n\n\n<p class=\"wp-block-paragraph\"><\/p>\n\n\n\n<h2 class=\"wp-block-heading\">Reims en 1 jour, 2 jours ou le week-end ? Comparatif<\/h2>\n\n\n\n<figure class=\"wp-block-table\"><table class=\"has-fixed-layout\"><thead><tr><th>Dur\u00e9e<\/th><th>Programme type<\/th><th>Guide d\u00e9di\u00e9<\/th><\/tr><\/thead><tbody><tr><td><strong>1 jour<\/strong><\/td><td>Cath\u00e9drale + Palais du Tau + 1 maison de Champagne<\/td><td>Cet article<\/td><\/tr><tr><td><strong>2 jours<\/strong><\/td><td>J1 Reims intra-muros, J2 Hautvillers + \u00c9pernay + Verzenay<\/td><td><a href=\"https:\/\/www.winalist.fr\/blog\/france\/champagne\/visiter-reims-en-2-jours\">Itin\u00e9raire 2 jours \u2192<\/a><\/td><\/tr><tr><td><strong>Week-end<\/strong><\/td><td>Vendredi soir bars \u00e0 vin \/ restaurant + Samedi cath\u00e9drale\/maison + Dimanche visite autour de reims<\/td><td><a href=\"https:\/\/www.winalist.fr\/blog\/france\/champagne\/que-faire-a-reims-le-week-end\">Week-end \u00e0 Reims \u2192<\/a><\/td><\/tr><\/tbody><\/table><\/figure>\n\n\n\n<h2 class=\"wp-block-heading\" id=\"faq-ressources-utiles-pour-visiter-reims\">Bon \u00e0 savoir avant de visiter Reims<\/h2>\n\n\n<div id=\"rank-math-faq\" class=\"rank-math-block\">\n<div class=\"rank-math-list \">\n<div id=\"faq-question-1770724545434\" class=\"rank-math-list-item\">\n<h3 class=\"rank-math-question \">Quand est la meilleure p\u00e9riode pour visiter Reims ?<\/h3>\n<div class=\"rank-math-answer \">\n\n<p><strong>Mai \u00e0 septembre<\/strong> pour les terrasses, les vendanges (fin ao\u00fbt \u00e0 mi-septembre) et les \u00e9v\u00e9nements (F\u00eates johanniques en juin, Fl\u00e2neries musicales en juillet). <br \/><strong>D\u00e9cembre<\/strong> pour le le <a href=\"https:\/\/www.winalist.fr\/blog\/france\/champagne\/marche-de-noel-de-reims\">march\u00e9 de No\u00ebl de Reims<\/a> et pour d\u00e9couvrir le spectacle lumineux sur la fa\u00e7ade de la cath\u00e9drale (<strong>Regalia<\/strong>).<\/p>\n\n<\/div>\n<\/div>\n<div id=\"faq-question-1701883633066\" class=\"rank-math-list-item\">\n<h3 class=\"rank-math-question \">Comment se d\u00e9placer \u00e0 Reims ?<\/h3>\n<div class=\"rank-math-answer \">\n\n<p>Pour vous d\u00e9placer \u00e0 Reims, vous avez plusieurs options :<\/p>\n<p>1. En voiture : Reims est bien desservie par les autoroutes, notamment l&rsquo;A4 et l&rsquo;A26. Vous pouvez louer une voiture ou utiliser votre propre v\u00e9hicule pour vous d\u00e9placer dans la ville.<\/p>\n<p>2. En train : Reims dispose d&rsquo;une gare ferroviaire bien reli\u00e9e au r\u00e9seau national et international. Vous pouvez prendre un train pour vous rendre \u00e0 Reims depuis d&rsquo;autres villes de France ou m\u00eame depuis l&rsquo;\u00e9tranger.<\/p>\n<p>3. En bus : Plusieurs compagnies de bus proposent des liaisons vers Reims depuis diff\u00e9rentes villes. Vous pouvez consulter les horaires et les tarifs sur leurs sites web respectifs.<\/p>\n<p>4. En avion : Si vous venez de l&rsquo;\u00e9tranger ou d&rsquo;une autre r\u00e9gion \u00e9loign\u00e9e, vous pouvez prendre un vol jusqu&rsquo;\u00e0 l&rsquo;a\u00e9roport de Paris-Charles de Gaulle, puis prendre un train ou un bus jusqu&rsquo;\u00e0 Reims.<\/p>\n<p>5. \u00c0 pied ou \u00e0 v\u00e9lo : Reims est une ville relativement compacte, ce qui permet de se d\u00e9placer facilement \u00e0 pied ou \u00e0 v\u00e9lo. Il existe \u00e9galement des pistes cyclables pour faciliter les d\u00e9placements \u00e0 v\u00e9lo.<\/p>\n<p>N&rsquo;oubliez pas de v\u00e9rifier les horaires, les tarifs et les conditions de transport sp\u00e9cifiques avant de planifier votre d\u00e9placement \u00e0 Reims.<\/p>\n\n<\/div>\n<\/div>\n<div id=\"faq-question-1770724212106\" class=\"rank-math-list-item\">\n<h3 class=\"rank-math-question \">Que faire \u00e0 Reims en une journ\u00e9e ?<\/h3>\n<div class=\"rank-math-answer \">\n\n<p>Si vous disposez d&rsquo;une seule journ\u00e9e pour visiter Reims, commencez par la majestueuse <strong>cath\u00e9drale Notre-Dame de Reims<\/strong>, class\u00e9e au patrimoine mondial de l\u2019UNESCO. Ensuite, rendez-vous au <strong>Palais du Tau<\/strong>, ancienne r\u00e9sidence des archev\u00eaques, puis promenez-vous le long de la place Royale et du centre-ville historique. Terminez votre journ\u00e9e par une <strong>visite guid\u00e9e d\u2019une maison de Champagne<\/strong> comme Taittinger ou Veuve Clicquot, avec bien s\u00fbr une d\u00e9gustation \u00e0 la cl\u00e9. (R\u00e9servez-la sur Winalist pour \u00eatre s\u00fbr d&rsquo;avoir une place)<\/p>\n\n<\/div>\n<\/div>\n<div id=\"faq-question-1770724250289\" class=\"rank-math-list-item\">\n<h3 class=\"rank-math-question \">Quel est le plus beau quartier de Reims ?<\/h3>\n<div class=\"rank-math-answer \">\n\n<p>Le quartier le plus charmant et embl\u00e9matique de Reims est le <strong>centre historique<\/strong>, notamment autour de la cath\u00e9drale Notre-Dame. Vous y trouverez des rues pav\u00e9es, de jolies boutiques, des terrasses anim\u00e9es et des b\u00e2timents Art d\u00e9co. Le <strong>quartier Boulingrin<\/strong>, avec son march\u00e9 couvert et son ambiance boh\u00e8me, est \u00e9galement tr\u00e8s appr\u00e9ci\u00e9 pour son authenticit\u00e9 et son dynamisme.<\/p>\n\n<\/div>\n<\/div>\n<div id=\"faq-question-1770724272585\" class=\"rank-math-list-item\">\n<h3 class=\"rank-math-question \">Quels sont les meilleurs h\u00f4tels \u00e0 Reims ?<\/h3>\n<div class=\"rank-math-answer \">\n\n<p>Reims propose une large gamme d\u2019h\u00e9bergements pour tous les budgets :<\/p>\n<ul>\n<li><strong><a href=\"https:\/\/www.booking.com\/searchresults.fr.html\" target=\"_blank\" rel=\"noopener\">H\u00f4tel Azur Reims<\/a><\/strong> \u2013 Un charmant h\u00f4tel familial proche du centre.<\/li>\n<\/ul>\n<p><\/p>\n<ul>\n<li><strong><a href=\"https:\/\/www.booking.com\/searchresults.en-gb.html\" target=\"_blank\" rel=\"noopener\">Best Western Premier H\u00f4tel de la Paix<\/a><\/strong> \u2013 Moderne, central, tr\u00e8s appr\u00e9ci\u00e9 des voyageurs.<\/li>\n<\/ul>\n<p><\/p>\n<ul>\n<li><strong><a href=\"https:\/\/www.booking.com\/hotel\/fr\/la-caserne-chanzy-spa-autograph-collection.en-gb.html\" target=\"_blank\" rel=\"noopener\">La Caserne Chanzy<\/a><\/strong> \u2013 Un h\u00f4tel de luxe face \u00e0 la cath\u00e9drale, parfait pour une escapade romantique.<\/li>\n<\/ul>\n<p><\/p>\n<ul>\n<li><strong><a href=\"https:\/\/www.booking.com\/hotel\/fr\/les-appartements-de-champagne.fr.html\" target=\"_blank\" rel=\"noopener\">Les Appartements de Champagne<\/a><\/strong> \u2013 Location de logements ind\u00e9pendants pour plus d\u2019autonomie.<\/li>\n<\/ul>\n\n<\/div>\n<\/div>\n<div id=\"faq-question-1770724460302\" class=\"rank-math-list-item\">\n<h3 class=\"rank-math-question \">Quels sont les meilleurs restaurants \u00e0 Reims ?<\/h3>\n<div class=\"rank-math-answer \">\n\n<p>\u00c0 Reims, la gastronomie est \u00e0 l&rsquo;honneur et vous pourrez go\u00fbter \u00e0 des sp\u00e9cialit\u00e9s champenoises <\/p>\n<p>&#8211; L&rsquo;Assiette Champenoise \u2014 3\u2605 Michelin, Arnaud Lallement, d\u00e8s 220 \u20ac le menu<br \/>&#8211; Le Foch \u2014 1\u2605 Michelin (menu \u00e0 85 \u20ac) <br \/>&#8211; Brasserie Le Boulingrin \u2014 cuisine bistrot, terrasse, d\u00e8s 35 \u20ac<\/p>\n\n<\/div>\n<\/div>\n<div id=\"faq-question-1770724555234\" class=\"rank-math-list-item\">\n<h3 class=\"rank-math-question \">Existe-t-il des sp\u00e9cialit\u00e9s culinaires \u00e0 ramener de Reims ?<\/h3>\n<div class=\"rank-math-answer \">\n\n<p>Oui ! La r\u00e9gion propose plusieurs sp\u00e9cialit\u00e9s \u00e0 go\u00fbter sur place ou \u00e0 emporter : le <strong>Biscuit rose de Reims<\/strong> (souvent tremp\u00e9 dans du Champagne !), la <strong>moutarde de Reims<\/strong>, le <strong>pain d\u2019\u00e9pices<\/strong>, ou encore des produits \u00e0 base de <strong>Champagne<\/strong> comme les confitures ou les terrines. Vous trouverez ces produits dans des \u00e9piceries fines du centre, chez <strong>Fossier<\/strong> ou aux halles Boulingrin.<\/p>\n\n<\/div>\n<\/div>\n<div id=\"faq-question-1770724576471\" class=\"rank-math-list-item\">\n<h3 class=\"rank-math-question \">Reims est-elle une ville adapt\u00e9e aux familles ?<\/h3>\n<div class=\"rank-math-answer \">\n\n<p>Oui, Reims est une ville tr\u00e8s accueillante pour les familles. Les <strong>parcs et jardins<\/strong> comme le Parc L\u00e9o Lagrange ou le Parc de Champagne sont parfaits pour les enfants. Le <strong>plan\u00e9tarium de Reims<\/strong> et les <strong>mus\u00e9es interactifs<\/strong> comme le mus\u00e9e Saint-R\u00e9mi peuvent \u00e9galement plaire aux plus jeunes. De nombreuses activit\u00e9s ludiques sont disponibles, et la ville se parcourt facilement \u00e0 pied ou en tramway, m\u00eame avec une poussette.<\/p>\n\n<\/div>\n<\/div>\n<\/div>\n<\/div>","protected":false},"excerpt":{"rendered":"<p>Situ\u00e9e \u00e0 45 minutes en TGV depuis Paris Gare de l&rsquo;Est, la ville de Reims est connue gr\u00e2ce au sacre de 33 rois de France dans sa cath\u00e9drale (class\u00e9e UNESCO depuis 1991), et des caves de champagne creus\u00e9es 30 m\u00e8tres sous la ville. Un city-break \u00e0 densit\u00e9 historique exceptionnelle, entre gothique, Art D\u00e9co et bulles &hellip; <\/p>\n","protected":false},"author":12,"featured_media":12029,"comment_status":"open","ping_status":"closed","sticky":false,"template":"","format":"standard","meta":{"_acf_changed":false,"_eb_attr":"","_tripp_layout":"","winalist_lat":"","winalist_lng":"","winalist_map_hide":"","_tripp_review":[],"_tripp_coupon":[{"title":"Profitez de 5\u20ac offerts !","description":"Sur votre premi\u00e8re r\u00e9servation sur Winalist","code":"WINALIST5","image":58189,"url":"https:\/\/www.winalist.fr\/cities\/reims","valid_from":"","expiry_date":"","attributes":[{"title":"","content":"Annulation gratuite"},{"title":"","content":"Pas de frais de r\u00e9servation"},{"title":"","content":"Meilleur prix garanti"}],"terms":["Valable sur une r\u00e9servation d'un montant minimum de 50\u20ac.","Nouveaux clients uniquement.","Non applicable aux exp\u00e9riences avec paiement sur place."],"order":0}],"footnotes":""},"categories":[657],"tags":[29218,29214,29912,30065,2319,1091,2058,2306,116,369,2537,2090,235,8473],"destination":[],"class_list":["post-11840","post","type-post","status-publish","format-standard","has-post-thumbnail","hentry","category-champagne","tag-caves-de-champagne","tag-chalons-en-champagne","tag-champagne-wine-region","tag-cityguide","tag-degustation-champagne","tag-epernay","tag-hautvillers-2","tag-montagne-de-reims","tag-oenotourisme","tag-paris","tag-patrimoine-culturel","tag-patrimoine-unesco","tag-reims","tag-visite-guidee","has-coupon","entry"],"acf":{"winalist_tldr_title":"","winalist_tldr_time":"1 jour pour les incontournables, 2-3 jours avec d\u00e9gustations et visite des alentours","winalist_tldr_top":"<a href=\"https:\/\/www.winalist.fr\/hosts\/3498\/villa-demoiselle\">Villa Demoiselle<\/a>, <a href=\"https:\/\/www.winalist.fr\/hosts\/30\/champagne-pommery\">Cave Pommery Reims<\/a>, <a href=\"https:\/\/www.winalist.fr\/hosts\/31\/champagne-taittinger\">Visite Cave Taittinger Reims<\/a> et <a href=\"https:\/\/www.winalist.fr\/hosts\/101\/champagne-veuve-clicquot\">Veuve Clicquot<\/a> (pensez \u00e0 r\u00e9server: se remplissent 2-3 semaines \u00e0 l'avance entre avril d\u00e9cembre)","winalist_tldr_budget":"28 \u20ac \u00e0 95 \u20ac pour une visite de cave selon le nombre de cuv\u00e9es d\u00e9gust\u00e9es (1h15-2h en moyenne)","winalist_tldr_period":"avril-octobre (et d\u00e9cembre pour le <a href=\"https:\/\/www.winalist.fr\/blog\/france\/vignoble-champagne\/marche-de-noel-de-reims\">march\u00e9 de noel de Reims<\/a>)","winalist_tldr_transport":"45 min en <a href=\"https:\/\/www.thetrainline.com\/fr\/horaires-train\/reims-a-paris-gare-de-lest\">TGV<\/a> depuis Paris (gare Champagne-Ardenne ou centre-ville)","winalist_tldr_custom":null,"winalist_tldr_cta_text":"","winalist_tldr_cta_url":"","winalist_tips_enabled":true,"winalist_tips_list":[{"author":"user-18","content":"\"Si vous cherchez une terrasse ensoleill\u00e9e pour d\u00e9jeuner je vous conseille le Gaulois, dont la cuisine locale et faite-maison saura vous ravir. D'autres options \u00e0 consid\u00e9rer peuvent \u00eatre le Glue Pot en hiver (bistronomique) mais \u00e9galement \"La Table des Halles\" dans le quartier du Boulingrin.\""},{"author":"user-12","content":"\"Ma journ\u00e9e parfaite \u00e0 Reims commence le matin en visitant une cave en fin de matin\u00e9e, suivie d'une balade au c\u0153ur du quartier du Boulingrin et d'un d\u00e9jeuner en terrasse. Puis je passe l'apr\u00e8s-midi \u00e0 fl\u00e2ner dans le centre historique \u00e0 la d\u00e9couverte des monuments historiques de la ville.\""}]},"_links":{"self":[{"href":"https:\/\/www.winalist.fr\/blog\/wp-json\/wp\/v2\/posts\/11840","targetHints":{"allow":["GET"]}}],"collection":[{"href":"https:\/\/www.winalist.fr\/blog\/wp-json\/wp\/v2\/posts"}],"about":[{"href":"https:\/\/www.winalist.fr\/blog\/wp-json\/wp\/v2\/types\/post"}],"author":[{"embeddable":true,"href":"https:\/\/www.winalist.fr\/blog\/wp-json\/wp\/v2\/users\/12"}],"replies":[{"embeddable":true,"href":"https:\/\/www.winalist.fr\/blog\/wp-json\/wp\/v2\/comments?post=11840"}],"version-history":[{"count":2,"href":"https:\/\/www.winalist.fr\/blog\/wp-json\/wp\/v2\/posts\/11840\/revisions"}],"predecessor-version":[{"id":58525,"href":"https:\/\/www.winalist.fr\/blog\/wp-json\/wp\/v2\/posts\/11840\/revisions\/58525"}],"wp:featuredmedia":[{"embeddable":true,"href":"https:\/\/www.winalist.fr\/blog\/wp-json\/wp\/v2\/media\/12029"}],"wp:attachment":[{"href":"https:\/\/www.winalist.fr\/blog\/wp-json\/wp\/v2\/media?parent=11840"}],"wp:term":[{"taxonomy":"category","embeddable":true,"href":"https:\/\/www.winalist.fr\/blog\/wp-json\/wp\/v2\/categories?post=11840"},{"taxonomy":"post_tag","embeddable":true,"href":"https:\/\/www.winalist.fr\/blog\/wp-json\/wp\/v2\/tags?post=11840"},{"taxonomy":"destination","embeddable":true,"href":"https:\/\/www.winalist.fr\/blog\/wp-json\/wp\/v2\/destination?post=11840"}],"curies":[{"name":"wp","href":"https:\/\/api.w.org\/{rel}","templated":true}]}}