{"id":11572,"date":"2021-04-22T16:20:36","date_gmt":"2021-04-22T14:20:36","guid":{"rendered":"https:\/\/www.winalist.fr\/blog?p=11572"},"modified":"2026-08-12T16:01:41","modified_gmt":"2026-08-12T14:01:41","slug":"visiter-les-baux-de-provence","status":"publish","type":"post","link":"https:\/\/www.winalist.fr\/blog\/france\/provence\/visiter-les-baux-de-provence","title":{"rendered":"Visiter Les Baux de Provence : Un Voyage Authentique"},"content":{"rendered":"\n<p class=\"wp-block-paragraph\">Nich\u00e9e au c\u0153ur du <strong>Massif des Alpilles<\/strong>, la citadelle des <strong>Baux-de-Provence<\/strong> vous transporte \u00e0 travers le temps avec ses ruelles pav\u00e9es, son patrimoine historique et ses vues \u00e0 couper le souffle. Ce village m\u00e9di\u00e9val, class\u00e9 parmi <strong>les plus beaux<\/strong> de France, se dresse sur un \u00e9peron rocheux offrant un panorama exceptionnel sur la <strong>Vall\u00e9e des Baux-de-Provence<\/strong>. Situ\u00e9es au pied du village, les c\u00e9l\u00e8bres <strong>Carri\u00e8res de Lumi\u00e8res<\/strong> et le majestueux <strong>Ch\u00e2teau des Baux-de-Provence<\/strong> invitent \u00e0 une immersion totale dans l\u2019art, l\u2019histoire et la culture proven\u00e7ale. Suivez notre guide des meilleures choses \u00e0 faire et ne manquez pas notre s\u00e9lection des <a href=\"https:\/\/www.winalist.fr\/blog\/france\/provence\/top-10-domaines-viticoles-provence\">domaines viticoles Provence<\/a> \u00e0 visiter !<\/p>\n\n\n\n<p class=\"wp-block-paragraph\"><\/p>\n\n\n\n<h2 id=\"que-voir-aux-baux-de-provence\" class=\"wp-block-heading\">Visiter les Baux-de-Provence : Que voir, que faire ?<\/h2>\n\n\n\n<p class=\"wp-block-paragraph\">Prenez quelques jours pour faire le plein de soleil tout en d\u00e9couvrant l\u2019histoire de ce charmant village des Bouches-du-Rh\u00f4ne class\u00e9 parmi les plus beaux de France. Situ\u00e9 sur le massif des Alpilles, Baux-de-Provence fait partie des 158 plus beaux villages de France. Dans ce guide, Winalist vous pr\u00e9sente l\u2019essentiel \u00e0 d\u00e9couvrir pour votre s\u00e9jour&nbsp;!<\/p>\n\n\n\n<h3 id=\"chateau-et-forteresse-de-baux\" class=\"wp-block-heading\">Explorez le majestueux Ch\u00e2teau des Baux-de-Provence<\/h3>\n\n\n\n<figure class=\"wp-block-image aligncenter\"><img fetchpriority=\"high\" decoding=\"async\" width=\"683\" height=\"1024\" src=\"https:\/\/www.winalist.com\/blog\/wp-content\/uploads\/2021\/04\/AdobeStock_132739358-copy-683x1024.jpeg\" alt=\"Vue des baux de Provence\" class=\"wp-image-12005\" title=\"- - -\" srcset=\"https:\/\/images.winalist.com\/blog\/wp-content\/uploads\/2021\/04\/26144519\/AdobeStock_132739358-copy-683x1024.jpeg 683w, https:\/\/images.winalist.com\/blog\/wp-content\/uploads\/2021\/04\/26144519\/AdobeStock_132739358-copy-200x300.jpeg 200w, https:\/\/images.winalist.com\/blog\/wp-content\/uploads\/2021\/04\/26144519\/AdobeStock_132739358-copy-768x1152.jpeg 768w, https:\/\/images.winalist.com\/blog\/wp-content\/uploads\/2021\/04\/26144519\/AdobeStock_132739358-copy-720x1080.jpeg 720w, https:\/\/images.winalist.com\/blog\/wp-content\/uploads\/2021\/04\/26144519\/AdobeStock_132739358-copy-370x555.jpeg 370w, https:\/\/images.winalist.com\/blog\/wp-content\/uploads\/2021\/04\/26144519\/AdobeStock_132739358-copy-800x1200.jpeg 800w, https:\/\/images.winalist.com\/blog\/wp-content\/uploads\/2021\/04\/26144519\/AdobeStock_132739358-copy-185x278.jpeg 185w, https:\/\/images.winalist.com\/blog\/wp-content\/uploads\/2021\/04\/26144519\/AdobeStock_132739358-copy-740x1110.jpeg 740w, https:\/\/images.winalist.com\/blog\/wp-content\/uploads\/2021\/04\/26144519\/AdobeStock_132739358-copy-20x30.jpeg 20w, https:\/\/images.winalist.com\/blog\/wp-content\/uploads\/2021\/04\/26144519\/AdobeStock_132739358-copy-400x600.jpeg 400w, https:\/\/images.winalist.com\/blog\/wp-content\/uploads\/2021\/04\/26144519\/AdobeStock_132739358-copy-32x48.jpeg 32w, https:\/\/images.winalist.com\/blog\/wp-content\/uploads\/2021\/04\/26144519\/AdobeStock_132739358-copy.jpeg 1000w\" sizes=\"(max-width: 683px) 100vw, 683px\" \/><\/figure>\n\n\n\n<p class=\"wp-block-paragraph\"><\/p>\n\n\n\n<p class=\"wp-block-paragraph\">Que vous soyez fan d&rsquo;histoire o\u00f9 non, le ch\u00e2teau des baux-de-provence est \u00e0 visiter ! Plac\u00e9e \u00e0 un endroit strat\u00e9gique, cette forteresse fut le t\u00e9moin de nombreuses conqu\u00eates en son sein et dans ses environs.<br>La localisation particuli\u00e8re des Baux de Provence a fait en sorte qu&rsquo;elle soit utilis\u00e9e comme une place-forte depuis le Moyen-\u00c2ge. En effet, le fait d&rsquo;avoir une vue d\u00e9gag\u00e9e \u00e0 360\u00b0 pouvait \u00eatre un bon avantage pour voir arriver de potentielles attaques depuis n&rsquo;importe o\u00f9.<\/p>\n\n\n\n<p class=\"wp-block-paragraph\"><\/p>\n\n\n\n<h3 id=\"les-carrieres-de-bauxite\" class=\"wp-block-heading\">Vivez une exp\u00e9rience immersive aux Carri\u00e8res de Lumi\u00e8res<\/h3>\n\n\n\n<figure class=\"wp-block-image alignwide\"><img decoding=\"async\" width=\"1024\" height=\"683\" src=\"https:\/\/www.winalist.com\/blog\/wp-content\/uploads\/2021\/04\/AdobeStock_100891081-copy-1024x683.jpeg\" alt=\"Ch\u00e2teau et Forteresse de Baux\" class=\"wp-image-12007\" title=\"- - -\" srcset=\"https:\/\/images.winalist.com\/blog\/wp-content\/uploads\/2021\/04\/26144517\/AdobeStock_100891081-copy-1024x683.jpeg 1024w, https:\/\/images.winalist.com\/blog\/wp-content\/uploads\/2021\/04\/26144517\/AdobeStock_100891081-copy-300x200.jpeg 300w, https:\/\/images.winalist.com\/blog\/wp-content\/uploads\/2021\/04\/26144517\/AdobeStock_100891081-copy-768x512.jpeg 768w, https:\/\/images.winalist.com\/blog\/wp-content\/uploads\/2021\/04\/26144517\/AdobeStock_100891081-copy-1536x1024.jpeg 1536w, https:\/\/images.winalist.com\/blog\/wp-content\/uploads\/2021\/04\/26144517\/AdobeStock_100891081-copy-1620x1080.jpeg 1620w, https:\/\/images.winalist.com\/blog\/wp-content\/uploads\/2021\/04\/26144517\/AdobeStock_100891081-copy-370x247.jpeg 370w, https:\/\/images.winalist.com\/blog\/wp-content\/uploads\/2021\/04\/26144517\/AdobeStock_100891081-copy-800x533.jpeg 800w, https:\/\/images.winalist.com\/blog\/wp-content\/uploads\/2021\/04\/26144517\/AdobeStock_100891081-copy-20x13.jpeg 20w, https:\/\/images.winalist.com\/blog\/wp-content\/uploads\/2021\/04\/26144517\/AdobeStock_100891081-copy-185x123.jpeg 185w, https:\/\/images.winalist.com\/blog\/wp-content\/uploads\/2021\/04\/26144517\/AdobeStock_100891081-copy-740x493.jpeg 740w, https:\/\/images.winalist.com\/blog\/wp-content\/uploads\/2021\/04\/26144517\/AdobeStock_100891081-copy-400x267.jpeg 400w, https:\/\/images.winalist.com\/blog\/wp-content\/uploads\/2021\/04\/26144517\/AdobeStock_100891081-copy-1600x1067.jpeg 1600w, https:\/\/images.winalist.com\/blog\/wp-content\/uploads\/2021\/04\/26144517\/AdobeStock_100891081-copy-72x48.jpeg 72w, https:\/\/images.winalist.com\/blog\/wp-content\/uploads\/2021\/04\/26144517\/AdobeStock_100891081-copy.jpeg 1900w\" sizes=\"(max-width: 1024px) 100vw, 1024px\" \/><\/figure>\n\n\n\n<p class=\"wp-block-paragraph\"><\/p>\n\n\n\n<p class=\"wp-block-paragraph\">Cette commune a d&rsquo;autres secrets \u00e0 vous r\u00e9v\u00e9ler ! Connaissez-vous la bauxite ? Ce minerai est principalement utilis\u00e9 pour produire de l&rsquo;aluminium. Celle-ci a \u00e9t\u00e9 d\u00e9couverte pour la premi\u00e8re fois par un certain chimiste du nom de Pierre Berthier<strong> <\/strong>en<strong> <\/strong>1821 alors qu&rsquo;il cherchait du minerai de fer dans les<strong> environs des Baux de Provence<\/strong>. Au fil du temps, le minerai a chang\u00e9 de nom. <\/p>\n\n\n\n<p class=\"wp-block-paragraph\">Les immenses Carri\u00e8res de Lumi\u00e8res sont aussi mondialement connues pour avoir inspir\u00e9 entre autres Jean Cocteau, quand il r\u00e9alisa son c\u00e9l\u00e8bre \u00ab\u00a0Testament d&rsquo;Orph\u00e9e\u00a0\u00bb. Depuis 1978, elles ont \u00e9t\u00e9 transform\u00e9es en place de spectacle, donnant vie \u00e0 plus de 7000 m\u00e8tres carr\u00e9s de surface.<\/p>\n\n\n\n<p class=\"wp-block-paragraph\"><\/p>\n\n\n\n<h3 class=\"wp-block-heading\">Explorez les rues pav\u00e9es du village des Baux-de-Provence<\/h3>\n\n\n\n<figure class=\"wp-block-image alignwide size-large\"><img decoding=\"async\" width=\"1500\" height=\"844\" src=\"https:\/\/www.winalist.com\/blog\/wp-content\/uploads\/2024\/02\/AdobeStock_525716307-1500x844.jpeg\" alt=\"- - -\" class=\"wp-image-27528\" title=\"- - -\" srcset=\"https:\/\/images.winalist.com\/blog\/wp-content\/uploads\/2024\/02\/08140847\/AdobeStock_525716307-1500x844.jpeg 1500w, https:\/\/images.winalist.com\/blog\/wp-content\/uploads\/2024\/02\/08140847\/AdobeStock_525716307-600x338.jpeg 600w, https:\/\/images.winalist.com\/blog\/wp-content\/uploads\/2024\/02\/08140847\/AdobeStock_525716307-768x432.jpeg 768w, https:\/\/images.winalist.com\/blog\/wp-content\/uploads\/2024\/02\/08140847\/AdobeStock_525716307-1536x864.jpeg 1536w, https:\/\/images.winalist.com\/blog\/wp-content\/uploads\/2024\/02\/08140847\/AdobeStock_525716307-1290x726.jpeg 1290w, https:\/\/images.winalist.com\/blog\/wp-content\/uploads\/2024\/02\/08140847\/AdobeStock_525716307.jpeg 1920w\" sizes=\"(max-width: 1500px) 100vw, 1500px\" \/><\/figure>\n\n\n\n<p class=\"wp-block-paragraph\"><\/p>\n\n\n\n<p class=\"wp-block-paragraph\">Le village proven\u00e7al lui-m\u00eame est un joyau, avec ses ruelles \u00e9troites bord\u00e9es de maisons en pierre, ses boutiques d&rsquo;artisanat et ses terrasses accueillantes. Prenez le temps de vous promener, d&rsquo;admirer les fa\u00e7ades anciennes, les portes sculpt\u00e9es et les fen\u00eatres fleuries. Ne manquez pas l&rsquo;\u00e9glise Saint-Vincent, un bel exemple d&rsquo;architecture romane. Vous pouvez aussi visiter le mus\u00e9e des santons.<\/p>\n\n\n\n<p class=\"wp-block-paragraph\"><\/p>\n\n\n\n<h3 class=\"wp-block-heading\">D\u00e9gustez une huile d\u2019olive exceptionnelle \u00e0 Maussane-les-Alpilles<\/h3>\n\n\n\n<figure class=\"wp-block-image alignwide size-large\"><img loading=\"lazy\" decoding=\"async\" width=\"1500\" height=\"750\" src=\"https:\/\/www.winalist.com\/blog\/wp-content\/uploads\/2024\/02\/AdobeStock_460332147-1500x750.jpeg\" alt=\"- - -\" class=\"wp-image-27527\" title=\"- - -\" srcset=\"https:\/\/images.winalist.com\/blog\/wp-content\/uploads\/2024\/02\/08140820\/AdobeStock_460332147-1500x750.jpeg 1500w, https:\/\/images.winalist.com\/blog\/wp-content\/uploads\/2024\/02\/08140820\/AdobeStock_460332147-600x300.jpeg 600w, https:\/\/images.winalist.com\/blog\/wp-content\/uploads\/2024\/02\/08140820\/AdobeStock_460332147-768x384.jpeg 768w, https:\/\/images.winalist.com\/blog\/wp-content\/uploads\/2024\/02\/08140820\/AdobeStock_460332147-1536x768.jpeg 1536w, https:\/\/images.winalist.com\/blog\/wp-content\/uploads\/2024\/02\/08140820\/AdobeStock_460332147-1290x645.jpeg 1290w, https:\/\/images.winalist.com\/blog\/wp-content\/uploads\/2024\/02\/08140820\/AdobeStock_460332147.jpeg 1920w\" sizes=\"(max-width: 1500px) 100vw, 1500px\" \/><\/figure>\n\n\n\n<p class=\"wp-block-paragraph\">La r\u00e9gion des Baux-de-Provence est r\u00e9put\u00e9e pour sa production d&rsquo;huile d&rsquo;olive. Visitez une des nombreuses oliveraies ou moulins \u00e0 huile pour d\u00e9couvrir le processus de fabrication et d\u00e9guster des huiles d&rsquo;olive de haute qualit\u00e9. Le Moulin Castelas, par exemple, propose des visites guid\u00e9es et des d\u00e9gustations si vous souhaitez vous initier \u00e0 l&rsquo;art de d\u00e9guster l&rsquo;huile d&rsquo;olive.<\/p>\n\n\n\n<p class=\"wp-block-paragraph\">\u00c0 deux pas des Baux, le village voisin de <strong>Maussane-les-Alpilles<\/strong> vous permet de savourer l\u2019une des meilleures huiles d\u2019olive de la r\u00e9gion. Entre traditions ancestrales et savoir-faire, ne manquez pas une visite chez un producteur local pour un go\u00fbt authentique de la <strong>Provence<\/strong>.<\/p>\n\n\n\n<h3 class=\"wp-block-heading\">Visitez la Chapelle des P\u00e9nitents Blancs<\/h3>\n\n\n\n<figure class=\"wp-block-image alignwide size-large\"><img loading=\"lazy\" decoding=\"async\" width=\"1500\" height=\"1000\" src=\"https:\/\/images.winalist.com\/blog\/wp-content\/uploads\/2021\/04\/29164915\/adobestock-219874206-1500x1000.jpeg\" alt=\"- - -\" class=\"wp-image-33630\" title=\"- - -\" srcset=\"https:\/\/images.winalist.com\/blog\/wp-content\/uploads\/2021\/04\/29164915\/adobestock-219874206-1500x1000.jpeg 1500w, https:\/\/images.winalist.com\/blog\/wp-content\/uploads\/2021\/04\/29164915\/adobestock-219874206-600x400.jpeg 600w, https:\/\/images.winalist.com\/blog\/wp-content\/uploads\/2021\/04\/29164915\/adobestock-219874206-768x512.jpeg 768w, https:\/\/images.winalist.com\/blog\/wp-content\/uploads\/2021\/04\/29164915\/adobestock-219874206-1536x1024.jpeg 1536w, https:\/\/images.winalist.com\/blog\/wp-content\/uploads\/2021\/04\/29164915\/adobestock-219874206-1290x860.jpeg 1290w, https:\/\/images.winalist.com\/blog\/wp-content\/uploads\/2021\/04\/29164915\/adobestock-219874206.jpeg 1620w\" sizes=\"(max-width: 1500px) 100vw, 1500px\" \/><\/figure>\n\n\n\n<p class=\"wp-block-paragraph\">La <strong>Chapelle des P\u00e9nitents Blancs<\/strong>, enti\u00e8rement restaur\u00e9e, charme les visiteurs avec ses fresques modernes et color\u00e9es sign\u00e9es Yves Brayer. Cet espace intemporel est un m\u00e9lange parfait entre histoire et innovation artistique.<\/p>\n\n\n\n<p class=\"wp-block-paragraph\"><\/p>\n\n\n\n<h2 class=\"wp-block-heading\">Les meilleures choses \u00e0 faire autour des Baux-de-Provence<\/h2>\n\n\n\n<p class=\"wp-block-paragraph\"><\/p>\n\n\n\n<h3 id=\"apprecier-les-vins-de-la-region\" class=\"wp-block-heading\">Explorez les vignobles du Parc naturel r\u00e9gional des Alpilles<\/h3>\n\n\n\n<figure class=\"wp-block-image alignwide size-large\"><img decoding=\"async\" src=\"https:\/\/media.winalist.com\/prod\/uploads\/93fdcMVNxr1a.jpg\" alt=\"- - -\" title=\"- - -\"><\/figure>\n\n\n\n<p class=\"wp-block-paragraph\"><\/p>\n\n\n\n<p class=\"wp-block-paragraph\">\u00c0 seulement 15 minutes des Baux-de-Provence, le Parc naturel r\u00e9gional des Alpilles regorge de vignobles proven\u00e7aux o\u00f9 vous pourrez d\u00e9couvrir les saveurs authentiques de la r\u00e9gion. Ne manquez pas une visite des domaines qui produisent des vins d\u2019exception, notamment l\u2019AOP Les Baux-de-Provence, connue pour ses vins bio et biodynamiques. Une balade au c\u0153ur des oliveraies et des vignes vous permettra \u00e9galement d&rsquo;appr\u00e9cier la beaut\u00e9 du paysage m\u00e9diterran\u00e9en.<\/p>\n\n\n\n<p class=\"wp-block-paragraph\">Voir tous les <a href=\"https:\/\/www.winalist.fr\/regions\/provence\">vignobles \u00e0 visiter en Provence<\/a> ou d\u00e9couvrez notre guide d\u00e9di\u00e9 pour faire la <a href=\"https:\/\/www.winalist.fr\/blog\/france\/provence\/la-route-des-vins-de-provence\">route des vins de Provence<\/a> ! <\/p>\n\n\n\n<div id=\"winalist-partner-widget-scb6ff0tnh\" class=\"winalist-partner-widget\" data-utms=\"utm_source=blog&#038;utm_medium=blog&#038;utm_campaign=affiliatewidget\"><\/div>\n        <script type=\"application\/javascript\">\n          var winalistWidget = document.getElementById('winalist-partner-widget-scb6ff0tnh');\n          var i = document.createElement(\"iframe\");\n          i.style.border = \"none\";\n          i.style.width = \"100%\";\n          i.style.minHeight = \"550px\";i.setAttribute(\"src\", \"https:\/\/www.winalist.fr\/w\/embed?partner=14&type=experiences-slider&slider_type=location&appellation_id=173&locale=fr_FR&activity_id=any&display_title=yes\");\n          if(winalistWidget) winalistWidget.prepend(i);\n        <\/script>\n        <script type=\"application\/javascript\" src=\"https:\/\/cdn.winalist.com\/widget\/affiliate-widget-config.min.js\"><\/script>\n\n\n\n<p class=\"wp-block-paragraph\"><\/p>\n\n\n\n<h3 id=\"randonnee-sur-le-sentier-du-val-d-enfer\" class=\"wp-block-heading\">Randonner sur le sentier du Val d&rsquo;Enfer<\/h3>\n\n\n\n<figure class=\"wp-block-image alignwide size-large\"><img decoding=\"async\" src=\"https:\/\/upload.wikimedia.org\/wikipedia\/commons\/c\/c2\/Val_d%27Enfer_et_le_Baux.JPG\" alt=\"- - -\" title=\"- - -\"><\/figure>\n\n\n\n<p class=\"wp-block-paragraph\"><\/p>\n\n\n\n<p class=\"wp-block-paragraph\"><span style=\"font-weight: 400;\">Cette randonn\u00e9e doit son dr\u00f4le de nom aux paysages par lesquels elle passe, qui \u00e9voquent beaucoup celui de l&rsquo;enfer de Dante. Mais rassurez-vous, c&rsquo;est une ballade plut\u00f4t facile qui se termine en 2h30 et qui est adapt\u00e9e aux d\u00e9butants avec ses 6.2km.&nbsp;<\/span><\/p>\n\n\n\n<p class=\"wp-block-paragraph\"><span style=\"font-weight: 400;\">Si vous pr\u00e9f\u00e9rez le v\u00e9lo, il y a aussi une variante de l&rsquo;itin\u00e9raire pr\u00e9vue pour les v\u00e9t\u00e9tistes. Cette fois, vous aurez 41 km de trajet sur 365 m de d\u00e9nivel\u00e9. Vous en aurez normalement pour 3h30.<\/span><\/p>\n\n\n\n<h3 class=\"wp-block-heading\">Visitez le charmant village de Saint-R\u00e9my-de-Provence<\/h3>\n\n\n\n<figure class=\"wp-block-image alignwide size-large\"><img loading=\"lazy\" decoding=\"async\" width=\"1500\" height=\"1000\" src=\"https:\/\/images.winalist.com\/blog\/wp-content\/uploads\/2021\/10\/27133725\/adobestock-517996357-1500x1000.jpeg\" alt=\"- - -\" class=\"wp-image-33397\" title=\"- - -\" srcset=\"https:\/\/images.winalist.com\/blog\/wp-content\/uploads\/2021\/10\/27133725\/adobestock-517996357-1500x1000.jpeg 1500w, https:\/\/images.winalist.com\/blog\/wp-content\/uploads\/2021\/10\/27133725\/adobestock-517996357-600x400.jpeg 600w, https:\/\/images.winalist.com\/blog\/wp-content\/uploads\/2021\/10\/27133725\/adobestock-517996357-768x512.jpeg 768w, https:\/\/images.winalist.com\/blog\/wp-content\/uploads\/2021\/10\/27133725\/adobestock-517996357-1536x1024.jpeg 1536w, https:\/\/images.winalist.com\/blog\/wp-content\/uploads\/2021\/10\/27133725\/adobestock-517996357-1290x860.jpeg 1290w, https:\/\/images.winalist.com\/blog\/wp-content\/uploads\/2021\/10\/27133725\/adobestock-517996357.jpeg 1620w\" sizes=\"(max-width: 1500px) 100vw, 1500px\" \/><\/figure>\n\n\n\n<p class=\"wp-block-paragraph\">Situ\u00e9 \u00e0 environ 20 minutes en voiture des Baux-de-Provence, Saint-R\u00e9my-de-Provence est une destination incontournable. Ce village proven\u00e7al, connu pour avoir inspir\u00e9 les \u0153uvres de Van Gogh, propose des ruelles pav\u00e9es remplies de boutiques artisanales, des galeries d\u2019art, et des march\u00e9s typiques. Profitez-en pour d\u00e9guster des produits locaux comme l\u2019huile d\u2019olive et les olives cass\u00e9es tout en vous promenant dans un cadre exceptionnel.<\/p>\n\n\n\n<h3 class=\"wp-block-heading\">D\u00e9tendez-vous \u00e0 Maussane-les-Alpilles et Mouri\u00e8s<\/h3>\n\n\n\n<figure class=\"wp-block-image alignwide size-large\"><img loading=\"lazy\" decoding=\"async\" width=\"1500\" height=\"1038\" src=\"https:\/\/images.winalist.com\/blog\/wp-content\/uploads\/2021\/04\/29164705\/adobestock-82473809-1500x1038.jpeg\" alt=\"- - -\" class=\"wp-image-33629\" title=\"- - -\" srcset=\"https:\/\/images.winalist.com\/blog\/wp-content\/uploads\/2021\/04\/29164705\/adobestock-82473809-1500x1038.jpeg 1500w, https:\/\/images.winalist.com\/blog\/wp-content\/uploads\/2021\/04\/29164705\/adobestock-82473809-600x415.jpeg 600w, https:\/\/images.winalist.com\/blog\/wp-content\/uploads\/2021\/04\/29164705\/adobestock-82473809-768x532.jpeg 768w, https:\/\/images.winalist.com\/blog\/wp-content\/uploads\/2021\/04\/29164705\/adobestock-82473809-1536x1063.jpeg 1536w, https:\/\/images.winalist.com\/blog\/wp-content\/uploads\/2021\/04\/29164705\/adobestock-82473809-1290x893.jpeg 1290w, https:\/\/images.winalist.com\/blog\/wp-content\/uploads\/2021\/04\/29164705\/adobestock-82473809.jpeg 1560w\" sizes=\"(max-width: 1500px) 100vw, 1500px\" \/><\/figure>\n\n\n\n<p class=\"wp-block-paragraph\">\u00c0 10 minutes seulement des Baux-de-Provence, les villages de Maussane-les-Alpilles et de Mouri\u00e8s sont r\u00e9put\u00e9s pour leur production d\u2019huile d\u2019olive d\u2019exception. Promenez-vous \u00e0 travers ces villages proven\u00e7aux pittoresques, d\u00e9couvrez les moulins \u00e0 huile traditionnels, et go\u00fbtez les produits locaux comme les fameuses olives noires. Ce sont des \u00e9tapes id\u00e9ales pour une pause gourmande au c\u0153ur de la Provence.<\/p>\n\n\n\n<h3 class=\"wp-block-heading\">D\u00e9couvrez la richesse historique d\u2019Arles et la Camargue<\/h3>\n\n\n\n<figure class=\"wp-block-image alignwide size-large\"><img loading=\"lazy\" decoding=\"async\" width=\"1024\" height=\"767\" src=\"https:\/\/images.winalist.com\/blog\/wp-content\/uploads\/2021\/04\/26143957\/AdobeStock_297878497-1-1024x767.jpeg\" alt=\"arles r\u00e9gion\" class=\"wp-image-12798\" title=\"- - -\" srcset=\"https:\/\/images.winalist.com\/blog\/wp-content\/uploads\/2021\/04\/26143957\/AdobeStock_297878497-1-1024x767.jpeg 1024w, https:\/\/images.winalist.com\/blog\/wp-content\/uploads\/2021\/04\/26143957\/AdobeStock_297878497-1-300x225.jpeg 300w, https:\/\/images.winalist.com\/blog\/wp-content\/uploads\/2021\/04\/26143957\/AdobeStock_297878497-1-768x576.jpeg 768w, https:\/\/images.winalist.com\/blog\/wp-content\/uploads\/2021\/04\/26143957\/AdobeStock_297878497-1-1536x1151.jpeg 1536w, https:\/\/images.winalist.com\/blog\/wp-content\/uploads\/2021\/04\/26143957\/AdobeStock_297878497-1-1441x1080.jpeg 1441w, https:\/\/images.winalist.com\/blog\/wp-content\/uploads\/2021\/04\/26143957\/AdobeStock_297878497-1-400x300.jpeg 400w, https:\/\/images.winalist.com\/blog\/wp-content\/uploads\/2021\/04\/26143957\/AdobeStock_297878497-1-370x277.jpeg 370w, https:\/\/images.winalist.com\/blog\/wp-content\/uploads\/2021\/04\/26143957\/AdobeStock_297878497-1-800x600.jpeg 800w, https:\/\/images.winalist.com\/blog\/wp-content\/uploads\/2021\/04\/26143957\/AdobeStock_297878497-1-20x15.jpeg 20w, https:\/\/images.winalist.com\/blog\/wp-content\/uploads\/2021\/04\/26143957\/AdobeStock_297878497-1-185x139.jpeg 185w, https:\/\/images.winalist.com\/blog\/wp-content\/uploads\/2021\/04\/26143957\/AdobeStock_297878497-1-740x555.jpeg 740w, https:\/\/images.winalist.com\/blog\/wp-content\/uploads\/2021\/04\/26143957\/AdobeStock_297878497-1-1600x1199.jpeg 1600w, https:\/\/images.winalist.com\/blog\/wp-content\/uploads\/2021\/04\/26143957\/AdobeStock_297878497-1-64x48.jpeg 64w, https:\/\/images.winalist.com\/blog\/wp-content\/uploads\/2021\/04\/26143957\/AdobeStock_297878497-1.jpeg 1920w\" sizes=\"(max-width: 1024px) 100vw, 1024px\" \/><\/figure>\n\n\n\n<p class=\"wp-block-paragraph\">\u00c0 environ 30 minutes des Baux-de-Provence, la ville d\u2019Arles offre une plong\u00e9e dans l\u2019histoire romaine avec ses ar\u00e8nes, son th\u00e9\u00e2tre antique, et ses rues \u00e9troites charg\u00e9es de charme. Combinez votre visite avec une excursion en Camargue, une r\u00e9gion sauvage et pr\u00e9serv\u00e9e o\u00f9 les flamants roses, les chevaux blancs, et les taureaux vous r\u00e9servent un spectacle naturel \u00e9poustouflant. Une escapade id\u00e9ale \u00e0 proximit\u00e9 du Massif des Alpilles. Ne manquez pas notre guide pour <a href=\"https:\/\/www.winalist.fr\/blog\/france\/provence\/visiter-arles\">visiter Arles<\/a> et ne rien manquer !<\/p>\n\n\n\n<h2 class=\"wp-block-heading\">Bon \u00e0 savoir avant de visiter les Baux-de-Provence<\/h2>\n\n\n<div id=\"rank-math-faq\" class=\"rank-math-block\">\n<div class=\"rank-math-list \">\n<div id=\"faq-question-3847562843\" class=\"rank-math-list-item\">\n<h3 class=\"rank-math-question \">\u00c0 qui appartiennent Les Baux-de-Provence ?<\/h3>\n<div class=\"rank-math-answer \">\n\n<p>Les Baux-de-Provence appartiennent en grande partie \u00e0 la commune. Les monuments embl\u00e9matiques, comme le Ch\u00e2teau des Baux, sont g\u00e9r\u00e9s par la soci\u00e9t\u00e9 Culturespaces pour leur pr\u00e9servation et leur mise en valeur.<\/p>\n\n<\/div>\n<\/div>\n<div id=\"faq-question-8473629105\" class=\"rank-math-list-item\">\n<h3 class=\"rank-math-question \">Que visiter aux Baux-de-Provence ?<\/h3>\n<div class=\"rank-math-answer \">\n\n<p>Les lieux incontournables incluent le Ch\u00e2teau des Baux, les Carri\u00e8res de Lumi\u00e8res (spectacles immersifs), et l&rsquo;\u00c9glise Saint-Vincent. En vous baladant dans le village, vous d\u00e9couvrirez \u00e9galement des ruelles pittoresques, des galeries d&rsquo;art, et des boutiques artisanales.<\/p>\n\n<\/div>\n<\/div>\n<div id=\"faq-question-1294038573\" class=\"rank-math-list-item\">\n<h3 class=\"rank-math-question \">O\u00f9 se trouvent Les Baux-de-Provence ?<\/h3>\n<div class=\"rank-math-answer \">\n\n<p>Les Baux-de-Provence se situent dans le d\u00e9partement des Bouches-du-Rh\u00f4ne, en r\u00e9gion Provence-Alpes-C\u00f4te d\u2019Azur, \u00e0 environ 30 minutes de voiture de Saint-R\u00e9my-de-Provence et \u00e0 1 heure de Marseille.<\/p>\n\n<\/div>\n<\/div>\n<div id=\"faq-question-5738492014\" class=\"rank-math-list-item\">\n<h3 class=\"rank-math-question \">Combien de temps faut-il pour visiter Les Baux-de-Provence ?<\/h3>\n<div class=\"rank-math-answer \">\n\n<p>Il est conseill\u00e9 de pr\u00e9voir une demi-journ\u00e9e \u00e0 une journ\u00e9e compl\u00e8te pour visiter le village, explorer le Ch\u00e2teau des Baux et assister \u00e0 un spectacle aux Carri\u00e8res de Lumi\u00e8res.<\/p>\n\n<\/div>\n<\/div>\n<div id=\"faq-question-4857203198\" class=\"rank-math-list-item\">\n<h3 class=\"rank-math-question \">O\u00f9 manger \u00e0 Les Baux-de-Provence ?<\/h3>\n<div class=\"rank-math-answer \">\n\n<p>Le village offre plusieurs options de restaurants. Pour go\u00fbter \u00e0 la cuisine locale, essayez des \u00e9tablissements comme \u00ab\u00a0La Cabro d&rsquo;Or\u00a0\u00bb, un restaurant gastronomique \u00e9toil\u00e9, ou \u00ab\u00a0Le Bouchon Rouge\u00a0\u00bb, qui propose une cuisine proven\u00e7ale traditionnelle. Les amateurs de paysages peuvent opter pour des terrasses avec vue panoramique.<\/p>\n\n<\/div>\n<\/div>\n<div id=\"faq-question-2039485761\" class=\"rank-math-list-item\">\n<h3 class=\"rank-math-question \">O\u00f9 se garer pour visiter Les Baux-de-Provence ?<\/h3>\n<div class=\"rank-math-answer \">\n\n<p>Des parkings sont disponibles \u00e0 l&rsquo;entr\u00e9e du village, comme le parking payant P1 et le P2. En haute saison, il est conseill\u00e9 d&rsquo;arriver t\u00f4t pour trouver une place facilement, surtout si vous visitez pendant les vacances ou un week-end.<\/p>\n\n<\/div>\n<\/div>\n<div id=\"faq-question-9483756210\" class=\"rank-math-list-item\">\n<h3 class=\"rank-math-question \">Quelle est la meilleure p\u00e9riode pour visiter Les Carri\u00e8res de Lumi\u00e8res ?<\/h3>\n<div class=\"rank-math-answer \">\n\n<p>Les Carri\u00e8res de Lumi\u00e8res sont ouvertes toute l&rsquo;ann\u00e9e et offrent un spectacle \u00e9poustouflant en tout temps. Cependant, visiter pendant le printemps ou l&rsquo;automne permet d&rsquo;\u00e9viter les grandes foules tout en profitant de temp\u00e9ratures agr\u00e9ables.<\/p>\n\n<\/div>\n<\/div>\n<div id=\"faq-question-5761029384\" class=\"rank-math-list-item\">\n<h3 class=\"rank-math-question \">Quels sont les meilleurs endroits o\u00f9 s\u00e9journer aux Baux-de-Provence ?<\/h3>\n<div class=\"rank-math-answer \">\n\n<p>Pour un s\u00e9jour m\u00e9morable, optez pour \u00ab\u00a0Le Domaine de Manville\u00a0\u00bb, un h\u00f4tel 5 \u00e9toiles avec spa et golf. Ceux qui recherchent un h\u00e9bergement charmant peuvent choisir \u00ab\u00a0La Benvengudo\u00a0\u00bb, un h\u00f4tel de charme entour\u00e9 de nature. Vous pouvez aussi loger \u00e0 Saint-R\u00e9my-de-Provence \u00e0 proximit\u00e9.<\/p>\n\n<\/div>\n<\/div>\n<div id=\"faq-question-8394756120\" class=\"rank-math-list-item\">\n<h3 class=\"rank-math-question \">Que faire autour des Baux-de-Provence ?<\/h3>\n<div class=\"rank-math-answer \">\n\n<p>Les environs des Baux-de-Provence regorgent d&rsquo;activit\u00e9s. Explorez le Parc Naturel R\u00e9gional des Alpilles, visitez les march\u00e9s proven\u00e7aux de Saint-R\u00e9my-de-Provence et d\u00e9couvrez le moulin de Daudet \u00e0 Fontvieille. Les amateurs de vin peuvent \u00e9galement s&rsquo;arr\u00eater dans les vignobles locaux pour une d\u00e9gustation d&rsquo;AOP Les Baux-de-Provence.<\/p>\n\n<\/div>\n<\/div>\n<div id=\"faq-question-2948576301\" class=\"rank-math-list-item\">\n<h3 class=\"rank-math-question \">Peut-on visiter Les Baux-de-Provence en cas de pluie ?<\/h3>\n<div class=\"rank-math-answer \">\n\n<p>Oui, m\u00eame sous la pluie, il est possible de profiter des Baux-de-Provence. Les Carri\u00e8res de Lumi\u00e8res proposent une activit\u00e9 id\u00e9ale en int\u00e9rieur et les mus\u00e9es locaux permettent d\u2019\u00e9chapper aux intemp\u00e9ries tout en approfondissant la riche histoire du village.<\/p>\n\n<\/div>\n<\/div>\n<\/div>\n<\/div>","protected":false},"excerpt":{"rendered":"<p>Nich\u00e9e au c\u0153ur du Massif des Alpilles, la citadelle des Baux-de-Provence vous transporte \u00e0 travers le temps avec ses ruelles pav\u00e9es, son patrimoine historique et ses vues \u00e0 couper le souffle. Ce village m\u00e9di\u00e9val, class\u00e9 parmi les plus beaux de France, se dresse sur un \u00e9peron rocheux offrant un panorama exceptionnel sur la Vall\u00e9e des &hellip; <\/p>\n","protected":false},"author":12,"featured_media":12003,"comment_status":"open","ping_status":"open","sticky":false,"template":"","format":"standard","meta":{"_acf_changed":false,"_eb_attr":"","_tripp_layout":"","winalist_lat":"","winalist_lng":"","winalist_map_hide":"","_tripp_review":[],"_tripp_coupon":[],"footnotes":""},"categories":[663],"tags":[2360,30065,2624,910,191,29908,2359,2528,2376,2623,232],"destination":[],"class_list":["post-11572","post","type-post","status-publish","format-standard","has-post-thumbnail","hentry","category-provence","tag-alpilles","tag-cityguide","tag-escapade-gastronomique","tag-newsletter3","tag-provence","tag-provence-wine-region","tag-saint-remy-de-provence","tag-tourisme-en-provence","tag-van-gogh","tag-village-medieval","tag-vin","entry"],"acf":{"winalist_tldr_title":"","winalist_tldr_time":"","winalist_tldr_top":"","winalist_tldr_budget":"","winalist_tldr_period":"","winalist_tldr_transport":"","winalist_tldr_custom":null,"winalist_tldr_cta_text":"","winalist_tldr_cta_url":"","winalist_tips_enabled":true,"winalist_tips_list":null},"_links":{"self":[{"href":"https:\/\/www.winalist.fr\/blog\/wp-json\/wp\/v2\/posts\/11572","targetHints":{"allow":["GET"]}}],"collection":[{"href":"https:\/\/www.winalist.fr\/blog\/wp-json\/wp\/v2\/posts"}],"about":[{"href":"https:\/\/www.winalist.fr\/blog\/wp-json\/wp\/v2\/types\/post"}],"author":[{"embeddable":true,"href":"https:\/\/www.winalist.fr\/blog\/wp-json\/wp\/v2\/users\/12"}],"replies":[{"embeddable":true,"href":"https:\/\/www.winalist.fr\/blog\/wp-json\/wp\/v2\/comments?post=11572"}],"version-history":[{"count":2,"href":"https:\/\/www.winalist.fr\/blog\/wp-json\/wp\/v2\/posts\/11572\/revisions"}],"predecessor-version":[{"id":60657,"href":"https:\/\/www.winalist.fr\/blog\/wp-json\/wp\/v2\/posts\/11572\/revisions\/60657"}],"wp:featuredmedia":[{"embeddable":true,"href":"https:\/\/www.winalist.fr\/blog\/wp-json\/wp\/v2\/media\/12003"}],"wp:attachment":[{"href":"https:\/\/www.winalist.fr\/blog\/wp-json\/wp\/v2\/media?parent=11572"}],"wp:term":[{"taxonomy":"category","embeddable":true,"href":"https:\/\/www.winalist.fr\/blog\/wp-json\/wp\/v2\/categories?post=11572"},{"taxonomy":"post_tag","embeddable":true,"href":"https:\/\/www.winalist.fr\/blog\/wp-json\/wp\/v2\/tags?post=11572"},{"taxonomy":"destination","embeddable":true,"href":"https:\/\/www.winalist.fr\/blog\/wp-json\/wp\/v2\/destination?post=11572"}],"curies":[{"name":"wp","href":"https:\/\/api.w.org\/{rel}","templated":true}]}}